{"id":117092,"date":"2025-12-19T05:26:34","date_gmt":"2025-12-19T05:26:34","guid":{"rendered":"https:\/\/www.europesays.com\/no\/117092\/"},"modified":"2025-12-19T05:26:34","modified_gmt":"2025-12-19T05:26:34","slug":"barnehagebarna-er-pa-vei-inn-i-influensatopp","status":"publish","type":"post","link":"https:\/\/www.europesays.com\/no\/117092\/","title":{"rendered":"Barnehagebarna er p\u00e5 vei inn i influensatopp"},"content":{"rendered":"\n<p class=\"_lead_o9xde_2 _lead_xtcu6_50 layout-component text-serif-m layout-normal text-serif-l layout-component layout-wide layout-padded _wide_17hqh_1 layout-padded\">Med et \u00f8kende influensautbrudd f\u00f8lger et \u00f8kende sykefrav\u00e6r i barnehagen. N\u00e5 venter de en smittetopp.<\/p>\n<p><img alt=\"Men disse tre har klart \u00e5 holde seg unna smitten i barnehagen. Foto: Hallgeir V\u00e5genes \/ VG\" class=\"_image_qp4xg_65 layout-component layout-wide\" data-fullscreen- data-track-element-type=\"Article image fullscreen\" data-track-name=\"ImageFullscreen\" fetchpriority=\"high\" decoding=\"sync\" loading=\"eager\" height=\"4000\" itemprop=\"image\"  src=\"https:\/\/www.europesays.com\/no\/wp-content\/uploads\/2025\/12\/c847a778-ba06-43d5-9938-a6c7875242fc\"  style=\"object-position:0% 0%\" width=\"4778\"\/>Men disse tre har klart \u00e5 holde seg unna smitten i barnehagen. Foto: Hallgeir V\u00e5genes \/ VG<\/p>\n<ul aria-hidden=\"true\" class=\"_images_ntbth_112\">\n<li><a class=\"_link_ntbth_117\" href=\"https:\/\/www.vg.no\/forfatter\/amalie-nordboe-odiin\" style=\"z-index:2\" title=\"Amalie Nordb\u00f8 Odiin\" rel=\"nofollow noopener\" target=\"_blank\"><img alt=\"Bilde av Amalie Nordb\u00f8 Odiin\" class=\"_image_ntbth_93\" fetchpriority=\"low\" loading=\"lazy\" decoding=\"async\" itemprop=\"image\"  src=\"https:\/\/www.europesays.com\/no\/wp-content\/uploads\/2025\/12\/1766121979_812_3a48a883-d93f-48c4-8078-cc59876bbb5b\"  width=\"480\"\/><\/a><\/li>\n<li><a class=\"_link_ntbth_117\" href=\"https:\/\/www.vg.no\/forfatter\/hallgeir-vaagenes\" style=\"z-index:1\" title=\"Hallgeir V\u00e5genes (foto)\" rel=\"nofollow noopener\" target=\"_blank\"><img alt=\"Bilde av Hallgeir V\u00e5genes (foto)\" class=\"_image_ntbth_93\" fetchpriority=\"low\" loading=\"lazy\" decoding=\"async\" itemprop=\"image\"  src=\"https:\/\/www.europesays.com\/no\/wp-content\/uploads\/2025\/12\/5960f1c9-2c44-411d-a644-9b2442bf0e2a\"  width=\"480\"\/><\/a><\/li>\n<\/ul>\n<p> Oppdatert fredag 19. desember kl. 05:46    <\/p>\n<ul class=\"_list_o9xde_3 _list_64s2r_85 _unordered_o9xde_106 text-sans-m\">\n<li class=\"_item_o9xde_30\">Blindernveien barnehage forventer smittetopp etter \u00f8kende influensautbrudd<\/li>\n<li class=\"_item_o9xde_30\">Flere barn og ansatte er syke, if\u00f8lge leder Synve Reitan.<\/li>\n<li class=\"_item_o9xde_30\">FHI rapporterer 50 prosent positive influensapr\u00f8ver blant skolebarn<\/li>\n<\/ul>\n<p>Vis mer <\/p>\n<p class=\"_paragraph_o9xde_4 _paragraph_xtcu6_10 layout-component text-serif-m layout-normal text-serif-m layout-padded\">Barnehagebarna l\u00f8per omkring inne i lekerommet p\u00e5 SiO Blindernveien barnehage.<\/p>\n<p class=\"_paragraph_o9xde_4 _paragraph_xtcu6_10 layout-component text-serif-m layout-normal text-serif-m layout-padded\">De m\u00e5 holde seg inne n\u00e5r desember nesten utelukkende byr p\u00e5 et uhyggelig mildv\u00e6r.<\/p>\n<p class=\"_paragraph_o9xde_4 _paragraph_xtcu6_10 layout-component text-serif-m layout-normal text-serif-m layout-padded\">Og med titalls sm\u00e5barn stuet inne, skal det ikke mye til f\u00f8r \u00e9n etter \u00e9n blir smittet.<\/p>\n<p class=\"_paragraph_o9xde_4 _paragraph_xtcu6_10 layout-component text-serif-m layout-normal text-serif-m layout-padded\"><strong class=\"_strong_o9xde_25\">\u2013 Det er mye sykdom blant b\u00e5de barn og ansatte. S\u00e6rlig blant de aller minste.<\/strong><\/p>\n<p class=\"_paragraph_o9xde_4 _paragraph_xtcu6_10 layout-component text-serif-m layout-normal text-serif-m layout-padded\">Det sier Synve Reitan som er leder for SiO sine elleve barnehager rundt om i hovedstaden.<\/p>\n<p> En smittetopp i vente<\/p>\n<p class=\"_paragraph_o9xde_4 _paragraph_xtcu6_10 layout-component text-serif-m layout-normal text-serif-m layout-padded\">Tidlig i h\u00f8st merket barnehagene at influensaen hadde meldt sin ankomst. Siden den gang har det v\u00e6rt et jevnt, og merkbart, smittetrykk.<\/p>\n<p class=\"_paragraph_o9xde_4 _paragraph_xtcu6_10 layout-component text-serif-m layout-normal text-serif-m layout-padded\">\u2013 Det er stadig vekk en eller annen som har influensa, sier Reitan.<\/p>\n<p><img alt=\"Synve Reitan oppfordrer foreldre til \u00e5 holde barna hjemme dersom de er syke.  Foto: Hallgeir V\u00e5genes \/ VG\" class=\"_image_qp4xg_65 layout-component layout-normal\" data-fullscreen- data-track-element-type=\"Article image fullscreen\" data-track-name=\"ImageFullscreen\" decoding=\"async\" loading=\"lazy\" height=\"4000\" itemprop=\"image\"  src=\"https:\/\/www.europesays.com\/no\/wp-content\/uploads\/2025\/12\/8807ea0f-8476-4226-8a7c-4474bceb3279\"  style=\"object-position:0% 0%\" width=\"6000\"\/>Synve Reitan oppfordrer foreldre til \u00e5 holde barna hjemme dersom de er syke.  Foto: Hallgeir V\u00e5genes \/ VG<\/p>\n<p class=\"_paragraph_o9xde_4 _paragraph_xtcu6_10 layout-component text-serif-m layout-normal text-serif-m layout-padded\"><strong class=\"_strong_o9xde_25\">Og n\u00e5 ser det ut til at Blindernveien og de andre barnehagene er p\u00e5 vei inn mot en smittetopp.<\/strong><\/p>\n<p class=\"_paragraph_o9xde_4 _paragraph_xtcu6_10 layout-component text-serif-m layout-normal text-serif-m layout-padded\">\u2013 Akkurat n\u00e5 er det kjempemye sykdom.<\/p>\n<p class=\"_paragraph_o9xde_4 _paragraph_xtcu6_10 layout-component text-serif-m layout-normal text-serif-m layout-padded\">SiO-lederen peker ut \u00e9n merkbar forskjell i \u00e5rets sykdomssesong: Det treffer b\u00e5de barn og voksne, og de blir stadig syke om hverandre.<\/p>\n<p><img alt=\"P\u00e5 rekke og rad sover de aller minste utenfor barnehagen.  Foto: Hallgeir V\u00e5genes \/ VG\" class=\"_image_qp4xg_65 layout-component layout-normal\" data-fullscreen- data-track-element-type=\"Article image fullscreen\" data-track-name=\"ImageFullscreen\" decoding=\"async\" loading=\"lazy\" height=\"3639\" itemprop=\"image\"  src=\"https:\/\/www.europesays.com\/no\/wp-content\/uploads\/2025\/12\/5150b0f6-8b01-475d-a588-812749824878\"  style=\"object-position:0% 0%\" width=\"4324\"\/>P\u00e5 rekke og rad sover de aller minste utenfor barnehagen.  Foto: Hallgeir V\u00e5genes \/ VG<\/p>\n<p class=\"_paragraph_o9xde_4 _paragraph_xtcu6_10 layout-component text-serif-m layout-normal text-serif-m layout-padded\">\u2013 Vi ser mer sykefrav\u00e6r blant ansatte n\u00e5 enn tidligere i h\u00f8st, legger hun til.<\/p>\n<p class=\"_paragraph_o9xde_4 _paragraph_xtcu6_10 layout-component text-serif-m layout-normal text-serif-m layout-padded\">Samtidig tydeliggj\u00f8r hun at med god logistikk og fleksible ansatte har ikke sykdomssesongens topp f\u00f8rt til store mangler p\u00e5 ansatte.<\/p>\n<p> \u2013 Skikkelig pjuskesesong<\/p>\n<p class=\"_paragraph_o9xde_4 _paragraph_xtcu6_10 layout-component text-serif-m layout-normal text-serif-m layout-padded\">\u2013 Man ser at det har v\u00e6rt influensasesong, sier Atle Lindtj\u00f8rn (40).<\/p>\n<p class=\"_paragraph_o9xde_4 _paragraph_xtcu6_10 layout-component text-serif-m layout-normal text-serif-m layout-padded\">Ved siden av seg har han Maiko (5) og Nicoline (4,5).<\/p>\n<p class=\"_paragraph_o9xde_4 _paragraph_xtcu6_10 layout-component text-serif-m layout-normal text-serif-m layout-padded\">Alle tre har klart \u00e5 holde seg helt friske s\u00e5 langt.<\/p>\n<p><img alt=\"Atle Lindtj\u00f8rn (40) har v\u00e6rt i yrket i 15 \u00e5r og vet godt hva som kommer n\u00e5r desember st\u00e5r for d\u00f8ren.  Foto: Hallgeir V\u00e5genes \/ VG\" class=\"_image_qp4xg_65 layout-component layout-normal\" data-fullscreen- data-track-element-type=\"Article image fullscreen\" data-track-name=\"ImageFullscreen\" decoding=\"async\" loading=\"lazy\" height=\"3789\" itemprop=\"image\"  src=\"https:\/\/www.europesays.com\/no\/wp-content\/uploads\/2025\/12\/5a424891-b164-4896-83fc-e6ae942ba414\"  style=\"object-position:0% 0%\" width=\"4677\"\/>Atle Lindtj\u00f8rn (40) har v\u00e6rt i yrket i 15 \u00e5r og vet godt hva som kommer n\u00e5r desember st\u00e5r for d\u00f8ren.  Foto: Hallgeir V\u00e5genes \/ VG<\/p>\n<p class=\"_paragraph_o9xde_4 _paragraph_xtcu6_10 layout-component text-serif-m layout-normal text-serif-m layout-padded\">\u2013 Vi ser at det er mer frav\u00e6r n\u00e5. Det er utrolig mange flere store og sm\u00e5 som er borte.<\/p>\n<p class=\"_paragraph_o9xde_4 _paragraph_xtcu6_10 layout-component text-serif-m layout-normal text-serif-m layout-padded\">P\u00e5 de verste dagene kan omtrent halvparten av barna i avdelingen v\u00e6re borte, if\u00f8lge Lindtj\u00f8rn.<\/p>\n<p class=\"_paragraph_o9xde_4 _paragraph_xtcu6_10 layout-component text-serif-m layout-normal text-serif-m layout-padded\">\u2013 Det er synd for disse sm\u00e5 som blir s\u00e5 syke. Mange g\u00e5r rundt og er pjuske.<\/p>\n<p class=\"_paragraph_o9xde_4 _paragraph_xtcu6_10 layout-component text-serif-m layout-normal text-serif-m layout-padded\"><strong class=\"_strong_o9xde_25\">\u2013 N\u00e5 er det skikkelig pjuskesesong, legger han til.<\/strong><\/p>\n<p class=\"_paragraph_o9xde_4 _paragraph_xtcu6_10 layout-component text-serif-m layout-normal text-serif-m layout-padded\">Lindtj\u00f8rn forteller at man raskt legger merke til at barnehagens lokaler blir mer og mer tomme.<\/p>\n<p class=\"_paragraph_o9xde_4 _paragraph_xtcu6_10 layout-component text-serif-m layout-normal text-serif-m layout-padded\">S\u00e6rlig de to siste ukene har han merket at flere og flere holder seg hjemme. Ogs\u00e5 han opplever at sykdomssesongen har n\u00e5dd en topp n\u00e5.<\/p>\n<p> Kun ett barn til stede<\/p>\n<p class=\"_paragraph_o9xde_4 _paragraph_xtcu6_10 layout-component text-serif-m layout-normal text-serif-m layout-padded\">Samtidig som sykefrav\u00e6ret har \u00f8kt blant de ansatte, har det ogs\u00e5 \u00f8kt blant barna \u2013 spesielt blant de aller minste, if\u00f8lge Reitan.<\/p>\n<p class=\"_paragraph_o9xde_4 _paragraph_xtcu6_10 layout-component text-serif-m layout-normal text-serif-m layout-padded\">B\u00e5de hun og Atle tror det henger sammen med at barna er mer inne som f\u00f8lge av desember-m\u00f8rket.<\/p>\n<p><img alt=\"If\u00f8lge Reitan er det mye synlig sykdom i form av oppkast, diar\u00e9 og ekstra sn\u00f8rrete neser om dagen.  Foto: Hallgeir V\u00e5genes \/ VG\" class=\"_image_qp4xg_65 layout-component layout-normal\" data-fullscreen- data-track-element-type=\"Article image fullscreen\" data-track-name=\"ImageFullscreen\" decoding=\"async\" loading=\"lazy\" height=\"4000\" itemprop=\"image\"  src=\"https:\/\/www.europesays.com\/no\/wp-content\/uploads\/2025\/12\/bcdc7b19-8e33-4fdd-b78c-8d1cdb8f0d81\"  style=\"object-position:0% 0%\" width=\"5501\"\/>If\u00f8lge Reitan er det mye synlig sykdom i form av oppkast, diar\u00e9 og ekstra sn\u00f8rrete neser om dagen.  Foto: Hallgeir V\u00e5genes \/ VG<\/p>\n<p class=\"_paragraph_o9xde_4 _paragraph_xtcu6_10 layout-component text-serif-m layout-normal text-serif-m layout-padded\">Men hos \u00e9n av SiO-barnehagene var det de eldste barna som ble hardest rammet \u2013 og det gikk utover Lucia-toget.<\/p>\n<p class=\"_paragraph_o9xde_4 _paragraph_xtcu6_10 layout-component text-serif-m layout-normal text-serif-m layout-padded\"><strong class=\"_strong_o9xde_25\">\u2013 De aller eldste skulle g\u00e5 tog, men det var bare \u00e9n av barna til stede. Da m\u00e5tte fire\u00e5ringene steppe inn, forteller Reitan.<\/strong><\/p>\n<p class=\"_paragraph_o9xde_4 _paragraph_xtcu6_10 layout-component text-serif-m layout-normal text-serif-m layout-padded\">If\u00f8lge henne er det sv\u00e6rt sjeldent de ser at alle de eldste er syke samtidig.<\/p>\n<p> Annenhver pr\u00f8ve er positiv blant skolebarn<\/p>\n<p class=\"_paragraph_o9xde_4 _paragraph_xtcu6_10 layout-component text-serif-m layout-normal text-serif-m layout-padded\">Den nyeste statusrapporten til Folkehelseinstituttet (FHI) viser at influensautbruddet i Norge fortsetter \u00e5 \u00f8ke.<\/p>\n<p class=\"_paragraph_o9xde_4 _paragraph_xtcu6_10 layout-component text-serif-m layout-normal text-serif-m layout-padded\">Forekomsten er aller h\u00f8yest blant skolebarn, der andel positive pr\u00f8ver er 50 prosent i aldersgruppen 5 til 14 \u00e5r.<\/p>\n<p><img alt=\"Selv om mange er syke, er det likevel ikke mangel p\u00e5 barn i Blindernveien barnehage.  Foto: Hallgeir V\u00e5genes \/ VG\" class=\"_image_qp4xg_65 layout-component layout-normal\" data-fullscreen- data-track-element-type=\"Article image fullscreen\" data-track-name=\"ImageFullscreen\" decoding=\"async\" loading=\"lazy\" height=\"4000\" itemprop=\"image\"  src=\"https:\/\/www.europesays.com\/no\/wp-content\/uploads\/2025\/12\/2460afca-31e8-436e-94e4-58b3d15987e7\"  style=\"object-position:0% 0%\" width=\"6000\"\/>Selv om mange er syke, er det likevel ikke mangel p\u00e5 barn i Blindernveien barnehage.  Foto: Hallgeir V\u00e5genes \/ VG<\/p>\n<p class=\"_paragraph_o9xde_4 _paragraph_xtcu6_10 layout-component text-serif-m layout-normal text-serif-m layout-padded\">P\u00e5 nasjonalt niv\u00e5 er 28 prosent av alle influensapr\u00f8ver positive, men FHI understreker at det er stor geografisk variasjon.<\/p>\n<p class=\"_paragraph_o9xde_4 _paragraph_xtcu6_10 layout-component text-serif-m layout-normal text-serif-m layout-padded\"><strong class=\"_strong_o9xde_25\">Her er det st\u00f8rst andel positive pr\u00f8ver:<\/strong><\/p>\n<ul class=\"_list_o9xde_3 _list_xtcu6_9 _unordered_o9xde_106 layout-component text-serif-m layout-normal text-serif-m layout-padded\">\n<li class=\"_item_o9xde_30\">\u00d8stfold \u2013 36 prosent<\/li>\n<li class=\"_item_o9xde_30\">Akershus \u2013 36 prosent<\/li>\n<li class=\"_item_o9xde_30\">Innlandet \u2013 34 prosent<\/li>\n<li class=\"_item_o9xde_30\">Oslo \u2013 33 prosent<\/li>\n<\/ul>\n<p class=\"_paragraph_o9xde_4 _paragraph_xtcu6_10 layout-component text-serif-m layout-normal text-serif-m layout-padded\">FHI oppfordrer alle uvaksinerte eldre, barn i risikogrupper og helsepersonell med pasientkontakt til \u00e5 vaksinere seg s\u00e5 raskt som mulig.<\/p>\n","protected":false},"excerpt":{"rendered":"Med et \u00f8kende influensautbrudd f\u00f8lger et \u00f8kende sykefrav\u00e6r i barnehagen. N\u00e5 venter de en smittetopp. Men disse tre&hellip;\n","protected":false},"author":2,"featured_media":117093,"comment_status":"","ping_status":"","sticky":false,"template":"","format":"standard","meta":{"footnotes":""},"categories":[10],"tags":[2254,20,21,24,25,15,22,23,13,30,28,29,14,16,662,1185,26,27],"class_list":{"0":"post-117092","1":"post","2":"type-post","3":"status-publish","4":"format-standard","5":"has-post-thumbnail","7":"category-norge","8":"tag-barnehager","9":"tag-breaking-news","10":"tag-breakingnews","11":"tag-featured-news","12":"tag-featurednews","13":"tag-headlines","14":"tag-latest-news","15":"tag-latestnews","16":"tag-news","17":"tag-no","18":"tag-norge","19":"tag-norway","20":"tag-nyheter","21":"tag-overskrifter","22":"tag-smitte","23":"tag-sykdom","24":"tag-top-stories","25":"tag-topstories"},"share_on_mastodon":{"url":"https:\/\/pubeurope.com\/@no\/115744578304612376","error":""},"_links":{"self":[{"href":"https:\/\/www.europesays.com\/no\/wp-json\/wp\/v2\/posts\/117092","targetHints":{"allow":["GET"]}}],"collection":[{"href":"https:\/\/www.europesays.com\/no\/wp-json\/wp\/v2\/posts"}],"about":[{"href":"https:\/\/www.europesays.com\/no\/wp-json\/wp\/v2\/types\/post"}],"author":[{"embeddable":true,"href":"https:\/\/www.europesays.com\/no\/wp-json\/wp\/v2\/users\/2"}],"replies":[{"embeddable":true,"href":"https:\/\/www.europesays.com\/no\/wp-json\/wp\/v2\/comments?post=117092"}],"version-history":[{"count":0,"href":"https:\/\/www.europesays.com\/no\/wp-json\/wp\/v2\/posts\/117092\/revisions"}],"wp:featuredmedia":[{"embeddable":true,"href":"https:\/\/www.europesays.com\/no\/wp-json\/wp\/v2\/media\/117093"}],"wp:attachment":[{"href":"https:\/\/www.europesays.com\/no\/wp-json\/wp\/v2\/media?parent=117092"}],"wp:term":[{"taxonomy":"category","embeddable":true,"href":"https:\/\/www.europesays.com\/no\/wp-json\/wp\/v2\/categories?post=117092"},{"taxonomy":"post_tag","embeddable":true,"href":"https:\/\/www.europesays.com\/no\/wp-json\/wp\/v2\/tags?post=117092"}],"curies":[{"name":"wp","href":"https:\/\/api.w.org\/{rel}","templated":true}]}}