{"id":117105,"date":"2025-12-19T06:12:11","date_gmt":"2025-12-19T06:12:11","guid":{"rendered":"https:\/\/www.europesays.com\/no\/117105\/"},"modified":"2025-12-19T06:12:11","modified_gmt":"2025-12-19T06:12:11","slug":"ud-strok-pa-eksamen-i-venezuela-men-det-viktigste-ligger-foran-oss","status":"publish","type":"post","link":"https:\/\/www.europesays.com\/no\/117105\/","title":{"rendered":"UD str\u00f8k p\u00e5 eksamen i Venezuela. Men det viktigste ligger foran oss."},"content":{"rendered":"<p><img decoding=\"async\" class=\"image-asset hyperion-css-u06ts1\" data-test-tag=\"image-asset\" src=\"https:\/\/www.europesays.com\/no\/wp-content\/uploads\/2025\/12\/b023dd3d-89c0-4250-89c6-8dd8a7f1204c\"  alt=\"Nicolas Maduro avbildet i Caracas tidligere i desember.\"  loading=\"eager\" fetchpriority=\"high\" style=\"aspect-ratio:2048 \/ 1365\"\/>Nicolas Maduro avbildet i Caracas tidligere i desember. Foto: Cristian Hernandez, AP \/ NTB<\/p>\n<p class=\"contentWidth hyperion-css-1mepuqa\" data-test-tag=\"lead-text\">Utenriksdepartementet b\u00f8r bruke strykkarakteren til \u00e5 pugge demokratibygging p\u00e5 riktige premisser.<\/p>\n<p>Publisert: 18.12.2025 23:08<\/p>\n<p class=\"paywall hyperion-css-1j42uic\">Under Oslo Freedom Forum i 2020 holdt Marianne Hagen, dav\u00e6rende statssekret\u00e6r i Utenriksdepartementet (UD), en <a aria-label=\"\u00e5pningstale\" class=\"opinion hyperion-css-1raymq9\" href=\"https:\/\/www.youtube.com\/watch?v=v8iX6BHGa6c\" target=\"_blank\" rel=\"noopener nofollow noreferrer\" data-test-tag=\"external-link\">\u00e5pningstale<\/a> om demokratiets betydning. Hun ford\u00f8mte med harde ord valgfusket i det som da p\u00e5 norsk het Hviterussland. <\/p>\n<p class=\"paywall hyperion-css-1j42uic\">Kun ett \u00e5r tidligere, i 2019, inntok UD derimot en helt annen posisjon overfor det autorit\u00e6re regimet i Venezuela. P\u00e5 tross av forsvinninger, massefattigdom og omfattende fengsling av opposisjonelle, mente UD at megling ville f\u00f8re til en fredelig fremtid for landet.<\/p>\n<p class=\"paywall hyperion-css-1j42uic\">Mot klare advarsler fra <a aria-label=\"Pedro Burelli og andre venezuelanske opposisjonelle\" class=\"opinion hyperion-css-1raymq9\" href=\"https:\/\/www.dn.no\/magasinet\/politikk\/venezuela\/valg\/andreas-kravik\/skjebnevalg-i-venezuela-slik-har-norge-jobbet-i-kulissene\/2-1-1680006\" target=\"_blank\" rel=\"noopener nofollow noreferrer\" data-test-tag=\"external-link\">Pedro Burelli og andre venezuelanske opposisjonelle<\/a> gikk UD i gang med en prosess som skulle vare i fem \u00e5r og koste flerfoldige millioner norske skattekroner. Norges rolle i meglingen var begrunnet med suksessen i Colombia i 2006, som ledet til en fredsavtale og senere ble tildelt Nobels fredspris. Det norske overmotet kom derfra: Vellykkede forhandlinger i ett latinamerikansk land m\u00e5tte vel la seg gjenta i et annet?<\/p>\n<p class=\"paywall hyperion-css-1j42uic\">Men \u00e5 legge til rette for forhandlinger mellom Nicolas Maduro og opposisjonen er som \u00e5 be gisler forhandle med sine egne kidnappere. Selv ikke Norges gode vilje kunne endre det faktum at <a data-test-tag=\"internal-link\" href=\"https:\/\/www.aftenposten.no\/verden\/i\/EpoA7P\/landet-staar-paa-kanten-av-stupet-naa-beskyldes-presidenten-for-aa-ha-beordret-drap-og-tortur-av-egne-landsmenn\" class=\"hyperion-css-1raymq9\" rel=\"nofollow noopener\" target=\"\" aria-label=\"Maduros regime\" theme=\"opinion\">Maduros regime<\/a> arresterte, torturerte og drepte opposisjonelle. Hvordan kunne UD forvente reelle forhandlinger?<\/p>\n<blockquote data-test-tag=\"blockquote\" class=\"hyperion-css-qsvb07\"><p>\u00c5 legge til rette for forhandlinger mellom Nicolas Maduro og opposisjonen er som \u00e5 be gisler forhandle med sine egne kidnappere<\/p><\/blockquote>\n<p class=\"paywall hyperion-css-1j42uic\">\u00abVi har legitimitet og troverdighet. (&#8230;) vi blir ikke tatt til inntekt for en av partene\u00bb, sa  Andreas Motzfeldt Kravik, statssekret\u00e6r i UD, <a aria-label=\"til DN\" class=\"opinion hyperion-css-1raymq9\" href=\"https:\/\/www.dn.no\/magasinet\/politikk\/venezuela\/valg\/andreas-kravik\/skjebnevalg-i-venezuela-slik-har-norge-jobbet-i-kulissene\/2-1-1680006\" target=\"_blank\" rel=\"noopener nofollow noreferrer\" data-test-tag=\"external-link\">til DN<\/a> om forhandlingene f\u00f8r valget i 2024. Han la til: \u00abNorge har hatt en lederrolle. Dette er p\u00e5 mange m\u00e5ter v\u00e5r eksamen.\u00bb<\/p>\n<p>Underdekket i norske medier<\/p>\n<p class=\"paywall hyperion-css-1j42uic\">Latin-Amerika har i Norge v\u00e6rt et underdekket omr\u00e5de i mediene, preget av at Norge har forholdsvis f\u00e5 Latin-Amerika-forskere med kvalifiserte meninger. <\/p>\n<p class=\"paywall hyperion-css-1j42uic\">Dekningen har ogs\u00e5 hatt eksotiserende innslag: I perioden fra 2005 frem til Hugo Chavez\u2019 d\u00f8d i 2013 kunne man knapt se en reportasje p\u00e5 NRK om Venezuela eller Cuba som ikke startet med latinske rytmer duvende bak fortellerstemmen. Ville man, til sammenligning, tillatt russiske folkeviser p\u00e5 starten av ethvert innslag om Vladimir Putins klatring til toppen? Eller kun sluppet til regimekritikere i en bisetning?<\/p>\n<p class=\"paywall hyperion-css-1j42uic\">Parallelt brukte kanalen ukritisk venstrevridde kilder som eksperter \u2013 blant andre Eirik Vold, n\u00e5 kommunikasjonsr\u00e5dgiver i R\u00f8dt, og SV-medlem Vegard Bye \u2013 uten \u00e5 henvise til politisk st\u00e5sted, ofte omtalt kun som \u00abVenezuela-kjenner\u00bb. Lenge besto dette i Norge av heltids- eller deltidspolitikere fra ytre venstre. Forsvar av menneskerettigheter og fattigdomsbekjempelse ble sett p\u00e5 som ett og det samme, uten respekt for de fundamentale rettighetene som ligger i bunn: \u00e5 kunne ytre seg fritt, v\u00e6re trygg fra forf\u00f8lgelse og leve fri fra tortur, slaveri og diskriminering.<\/p>\n<p>\u00d8deleggende for norsk forst\u00e5else<\/p>\n<p class=\"paywall hyperion-css-1j42uic\">Det var f\u00f8rst da Oslo Freedom Forum, en tverrpolitisk menneskerettighetsorganisasjon ledet av norsk-venezuelanske Thor Halvorssen, fikk st\u00f8tte av den den gang ferske tenketanken Civita at norsk sentrum-h\u00f8yreside ble mer delaktige i samtalen om Latin-Amerika.<\/p>\n<p class=\"paywall hyperion-css-1j42uic\">Men h\u00f8yre-venstre-splitten har i stor grad v\u00e6rt \u00f8deleggende for norsk forst\u00e5else av forholdene p\u00e5 bakken i Venezuela de siste to ti\u00e5rene. <\/p>\n<p class=\"paywall hyperion-css-1j42uic\">Som J\u00f8rgen Watne Frydnes, leder av Nobelkomiteen, sa i sin <a aria-label=\"tale\" class=\"opinion hyperion-css-1raymq9\" href=\"https:\/\/www.nobelprize.org\/uploads\/2025\/12\/presentation-speech-peace-2025-norwegian.pdf\" target=\"_blank\" rel=\"noopener nofollow noreferrer\" data-test-tag=\"external-link\">tale<\/a>: \u00abMens de [venezuelanerne] mistet rettigheter, mat, helse, trygghet \u2013 til slutt sin egen fremtid \u2013 holdt deler av verden fast i egne fortellinger. Noen insisterte p\u00e5 at Venezuela var et egalit\u00e6rt idealsamfunn. Andre ville bare se en kamp mot imperialisme. (&#8230;) Felles for dem alle er dette: et kollektivt moralsk svik mot dem som faktisk lever under dette brutale regimet.\u00bb<\/p>\n<p>Offentligheten har gradvis v\u00e5knet<\/p>\n<p class=\"paywall hyperion-css-1j42uic\">Den siste ukens medieoppslag og kronikker tyder p\u00e5 at h\u00f8yre-venstre-splitten fortsatt er markant i den norske samtalen om Venezuela, om enn mindre enn f\u00f8r. For mens Oslo Freedom Forum har st\u00e5tt st\u00f8tt som kritiker av Chavez\u2019 og Maduros menneskerettighetsbrudd, har den norske offentligheten gradvis v\u00e5knet. <\/p>\n<p class=\"paywall hyperion-css-1j42uic\">Under en <a aria-label=\"felles pressekonferanse\" class=\"opinion hyperion-css-1raymq9\" href=\"https:\/\/www.youtube.com\/watch?v=dbR9w8BjN-I&amp;t=1186s\" target=\"_blank\" rel=\"noopener nofollow noreferrer\" data-test-tag=\"external-link\">felles pressekonferanse<\/a> med fredsprisvinner Mar\u00eda Corina Machado ga statsminister Jonas Gahr St\u00f8re (Ap) tydelig uttrykk for at Norge heretter vil gj\u00f8re sitt beste for \u00e5 st\u00f8tte den venezuelanske opposisjonen i arbeidet for en demokratisk fremtid: \u00abPrisvinneren trenger ikke \u00e5 be om st\u00f8tten, for vi respekter viljen til det venezuelanske folket\u00bb, sa St\u00f8re og la til: \u00abFor Norge er respekt for rettsstaten og FN-pakten avgj\u00f8rende. (S\u00e5) Vi \u00f8nsker \u00e5 se forandring.\u00bb<\/p>\n<p class=\"paywall hyperion-css-1j42uic\">Dette er en klar utvikling fra svaret Burelli fikk i en e-post fra Marianne Hagen i 2020, da han ba UD og Norge om \u00e5 si fra seg sin rolle som megler. Burelli mente forhandlingene kun ville gi Maduro mer tid til \u00e5 beg\u00e5 forbrytelser mot menneskeheten. Den gang var svaret fra Hagen og UD at, ja, Norge er en sterk forkjemper for menneskerettigheter, demokratisk deltagelse og rettsstatsprinsippet i Venezuela, likesom i resten av verden. Likevel understreket hun at UD mente at forhandlinger var \u00abden eneste veien ut av krisen\u00bb. Enhver b\u00e6rekraftig l\u00f8sning m\u00e5tte v\u00e6re ledet av Venezuela og inkluderende.<\/p>\n<p>To feil samtidig<\/p>\n<p class=\"paywall hyperion-css-1j42uic\">Da statssekret\u00e6r Kravik uttalte i DN at <a aria-label=\"valget i 2024 var UDs eksamen\" class=\"opinion hyperion-css-1raymq9\" href=\"https:\/\/www.dn.no\/magasinet\/politikk\/venezuela\/valg\/andreas-kravik\/skjebnevalg-i-venezuela-slik-har-norge-jobbet-i-kulissene\/2-1-1680006\" target=\"_blank\" rel=\"noopener nofollow noreferrer\" data-test-tag=\"external-link\">valget i 2024 var UDs eksamen<\/a>, var forventningen i departementet neppe at Maduro ville stjele valget p\u00e5 nytt. UD har gjort to feil samtidig: Undervurdert Maduros autorit\u00e6re jerngrep og overvurdert sine egne evner til \u00e5 skape forandring. <\/p>\n<p class=\"paywall hyperion-css-1j42uic\">Som Frydnes understreket i <a aria-label=\"sin tale\" class=\"opinion hyperion-css-1raymq9\" href=\"https:\/\/www.nobelprize.org\/uploads\/2025\/12\/presentation-speech-peace-2025-norwegian.pdf\" target=\"_blank\" rel=\"noopener nofollow noreferrer\" data-test-tag=\"external-link\">sin tale<\/a>: \u00abDialog misbrukes ofte for \u00e5 kj\u00f8pe tid, splitte, kontrollere.(&#8230;) Dialog uten sannhet er ikke forsoning.\u00bb For det er umulig \u00e5 forhandle seg frem til frihet n\u00e5r motparten sitter alene med makten. Maduro-regimet har med r\u00e5 makt tilr\u00f8vet seg kontrollen over et helt folk. Lidelsene i Venezuela er enorme: Virkeligheten er alltid verre enn det som bobler til overflaten, s\u00e5 lenge diktatoren sitter bak forhandlingsbordet.<\/p>\n<p class=\"paywall hyperion-css-1j42uic\">Tildelingen av Nobels fredspris til Maria Corina Machado kan tolkes som den norske nobelkomiteens stikk til den norske fredsinnsatsen. Det er ingen tvil om at UD str\u00f8k p\u00e5 eksamen. Likevel \u2013 \u00e5 stryke er ikke det samme som \u00e5 v\u00e6re ferdig. Etter forrige ukes tildeling er bildet klarere enn noen gang: Det venezuelanske folket trenger all den st\u00f8tten det kan f\u00e5 p\u00e5 veien mot en demokratisk fremtid. Det norske utenriksdepartementet og hele det norske politiske spekteret er sv\u00e6rt velkommen til \u00e5 v\u00e6re med.<\/p>\n","protected":false},"excerpt":{"rendered":"Nicolas Maduro avbildet i Caracas tidligere i desember. Foto: Cristian Hernandez, AP \/ NTB Utenriksdepartementet b\u00f8r bruke strykkarakteren&hellip;\n","protected":false},"author":2,"featured_media":117106,"comment_status":"","ping_status":"","sticky":false,"template":"","format":"standard","meta":{"footnotes":""},"categories":[5],"tags":[20,21,24,25,15,19,22,23,17,18,13,30,28,29,14,16,26,27],"class_list":{"0":"post-117105","1":"post","2":"type-post","3":"status-publish","4":"format-standard","5":"has-post-thumbnail","7":"category-overskrifter","8":"tag-breaking-news","9":"tag-breakingnews","10":"tag-featured-news","11":"tag-featurednews","12":"tag-headlines","13":"tag-hovedoppslag","14":"tag-latest-news","15":"tag-latestnews","16":"tag-main-news","17":"tag-mainnews","18":"tag-news","19":"tag-no","20":"tag-norge","21":"tag-norway","22":"tag-nyheter","23":"tag-overskrifter","24":"tag-top-stories","25":"tag-topstories"},"share_on_mastodon":{"url":"https:\/\/pubeurope.com\/@no\/115744758074207501","error":""},"_links":{"self":[{"href":"https:\/\/www.europesays.com\/no\/wp-json\/wp\/v2\/posts\/117105","targetHints":{"allow":["GET"]}}],"collection":[{"href":"https:\/\/www.europesays.com\/no\/wp-json\/wp\/v2\/posts"}],"about":[{"href":"https:\/\/www.europesays.com\/no\/wp-json\/wp\/v2\/types\/post"}],"author":[{"embeddable":true,"href":"https:\/\/www.europesays.com\/no\/wp-json\/wp\/v2\/users\/2"}],"replies":[{"embeddable":true,"href":"https:\/\/www.europesays.com\/no\/wp-json\/wp\/v2\/comments?post=117105"}],"version-history":[{"count":0,"href":"https:\/\/www.europesays.com\/no\/wp-json\/wp\/v2\/posts\/117105\/revisions"}],"wp:featuredmedia":[{"embeddable":true,"href":"https:\/\/www.europesays.com\/no\/wp-json\/wp\/v2\/media\/117106"}],"wp:attachment":[{"href":"https:\/\/www.europesays.com\/no\/wp-json\/wp\/v2\/media?parent=117105"}],"wp:term":[{"taxonomy":"category","embeddable":true,"href":"https:\/\/www.europesays.com\/no\/wp-json\/wp\/v2\/categories?post=117105"},{"taxonomy":"post_tag","embeddable":true,"href":"https:\/\/www.europesays.com\/no\/wp-json\/wp\/v2\/tags?post=117105"}],"curies":[{"name":"wp","href":"https:\/\/api.w.org\/{rel}","templated":true}]}}