{"id":117110,"date":"2025-12-19T06:28:26","date_gmt":"2025-12-19T06:28:26","guid":{"rendered":"https:\/\/www.europesays.com\/no\/117110\/"},"modified":"2025-12-19T06:28:26","modified_gmt":"2025-12-19T06:28:26","slug":"vaeret-meteorologisk-institutt-har-sendt-ut-farevarsel","status":"publish","type":"post","link":"https:\/\/www.europesays.com\/no\/117110\/","title":{"rendered":"V\u00e6ret, Meteorologisk institutt | Har sendt ut farevarsel:"},"content":{"rendered":"\n<p>Meteorologisk institutt har ute et farevarsel om vind og kraftig sn\u00f8fokk i fjellet i S\u00f8r-Norge. <\/p>\n<p>Varselet ble sendt ut sent onsdag kveld, og gjelder i f\u00f8rste omgang fram til klokken 13.00 torsdag. Da er faren ventet \u00e5 minske. <\/p>\n<p>\u2013 Sn\u00f8fokk gir stedvis redusert sikt og sn\u00f8 som pakker seg i veibanen. Veier kan bli stengt og kolonnekj\u00f8ring kan bli innf\u00f8rt p\u00e5 kort varsel. Bruk riktige dekk og kj\u00f8r etter forholdene. Sn\u00f8 og vind kan gj\u00f8re det vanskelig \u00e5 bevege seg utend\u00f8rs. Unng\u00e5 un\u00f8dvendig ferdsel p\u00e5 utsatte steder, og kle deg etter forholdene, heter det i varselet.<\/p>\n<p>Meteorologene melder at dem som har tenkt \u00e5 bruke fjelloverganger som ligger over 800\u20131000 moh. b\u00f8r du sjekke veimeldinger og beregne ekstra tid til reisen.<\/p>\n","protected":false},"excerpt":{"rendered":"Meteorologisk institutt har ute et farevarsel om vind og kraftig sn\u00f8fokk i fjellet i S\u00f8r-Norge. Varselet ble sendt&hellip;\n","protected":false},"author":2,"featured_media":1273,"comment_status":"","ping_status":"","sticky":false,"template":"","format":"standard","meta":{"footnotes":""},"categories":[10],"tags":[36,20,21,24,25,15,22,23,1202,13,30,28,29,14,16,1510,992,26,27,387],"class_list":{"0":"post-117110","1":"post","2":"type-post","3":"status-publish","4":"format-standard","5":"has-post-thumbnail","7":"category-norge","8":"tag-art","9":"tag-breaking-news","10":"tag-breakingnews","11":"tag-featured-news","12":"tag-featurednews","13":"tag-headlines","14":"tag-latest-news","15":"tag-latestnews","16":"tag-meteorologisk-institutt","17":"tag-news","18":"tag-no","19":"tag-norge","20":"tag-norway","21":"tag-nyheter","22":"tag-overskrifter","23":"tag-story","24":"tag-telemark","25":"tag-top-stories","26":"tag-topstories","27":"tag-vaeret"},"share_on_mastodon":{"url":"https:\/\/pubeurope.com\/@no\/115744820780368576","error":""},"_links":{"self":[{"href":"https:\/\/www.europesays.com\/no\/wp-json\/wp\/v2\/posts\/117110","targetHints":{"allow":["GET"]}}],"collection":[{"href":"https:\/\/www.europesays.com\/no\/wp-json\/wp\/v2\/posts"}],"about":[{"href":"https:\/\/www.europesays.com\/no\/wp-json\/wp\/v2\/types\/post"}],"author":[{"embeddable":true,"href":"https:\/\/www.europesays.com\/no\/wp-json\/wp\/v2\/users\/2"}],"replies":[{"embeddable":true,"href":"https:\/\/www.europesays.com\/no\/wp-json\/wp\/v2\/comments?post=117110"}],"version-history":[{"count":0,"href":"https:\/\/www.europesays.com\/no\/wp-json\/wp\/v2\/posts\/117110\/revisions"}],"wp:featuredmedia":[{"embeddable":true,"href":"https:\/\/www.europesays.com\/no\/wp-json\/wp\/v2\/media\/1273"}],"wp:attachment":[{"href":"https:\/\/www.europesays.com\/no\/wp-json\/wp\/v2\/media?parent=117110"}],"wp:term":[{"taxonomy":"category","embeddable":true,"href":"https:\/\/www.europesays.com\/no\/wp-json\/wp\/v2\/categories?post=117110"},{"taxonomy":"post_tag","embeddable":true,"href":"https:\/\/www.europesays.com\/no\/wp-json\/wp\/v2\/tags?post=117110"}],"curies":[{"name":"wp","href":"https:\/\/api.w.org\/{rel}","templated":true}]}}