{"id":117113,"date":"2025-12-19T06:35:10","date_gmt":"2025-12-19T06:35:10","guid":{"rendered":"https:\/\/www.europesays.com\/no\/117113\/"},"modified":"2025-12-19T06:35:10","modified_gmt":"2025-12-19T06:35:10","slug":"varsler-kraftig-snofokk-i-det-mange-starter-juleutflukten-kjor-mykt","status":"publish","type":"post","link":"https:\/\/www.europesays.com\/no\/117113\/","title":{"rendered":"Varsler kraftig sn\u00f8fokk i det mange starter juleutflukten: \u2013 Kj\u00f8r mykt"},"content":{"rendered":"\n<p data-testid=\"textWithMarkup-text\" data-v-81d7dc2b=\"\" data-v-62d58f52=\"\">De fleste feirer julen hjemme, men omtrent hver tredje nordmann skal reise bort til jul eller i jula. <\/p>\n<p data-testid=\"textWithMarkup-text\" data-v-81d7dc2b=\"\" data-v-62d58f52=\"\">Hver fjerde av oss skal reise til et annet sted i Norge. Over halvparten av de som skal reise innenlands, tar veien fatt \u2013 i bil, og de fleste reiser fra Oslo, mens nordlendingene velger \u00e5 bli hjemme i jula, if\u00f8lge en sp\u00f8rreunders\u00f8kelse gjennomf\u00f8rt av Linq Advisors AS for Statens vegvesen.<\/p>\n<p>Kraftig sn\u00f8fokk<\/p>\n<p data-testid=\"textWithMarkup-text\" data-v-81d7dc2b=\"\" data-v-62d58f52=\"\">Den f\u00f8rste utfartsdagen kan dog bli noe mer utfordrende enn julestemte bilister setter pris p\u00e5. Det er nemlig meldt kraftig sn\u00f8fokk i fjellomr\u00e5der i S\u00f8r-Norge fredag. Faren \u00f8kte sent torsdag og varer til fredag ettermiddag p\u00e5 den f\u00f8rste utfartsdagen i juleferien.<\/p>\n<p data-testid=\"textWithMarkup-text\" data-v-81d7dc2b=\"\" data-v-62d58f52=\"\">Det er s\u00e6rlig fjellovergangene over Hardangervidda, Vikafjell, Strynefjell og Dovrefjell som blir ber\u00f8rt av sn\u00f8fokk, opplyser vakthavende meteorolog Haldis Berge til NTB.<\/p>\n<p data-testid=\"textWithMarkup-text\" data-v-81d7dc2b=\"\" data-v-62d58f52=\"\">\u2013 Det har kommet mye sn\u00f8 gjennom natten, og p\u00e5 morgenen fredag er det ogs\u00e5 meldt store mengder over sn\u00f8grensen som ligger mellom 900 og 111 meter. Vi venter at det blir noe mindre nedb\u00f8r gjennom dagen, men det er mulig det kommer tilbake i l\u00f8pet av kvelden, sier hun.<\/p>\n<p>Kj\u00f8r trygt<\/p>\n<p data-testid=\"textWithMarkup-text\" data-v-81d7dc2b=\"\" data-v-62d58f52=\"\">Redusert sikt og sn\u00f8 som pakker seg i veien, kan f\u00f8re til vanskelige kj\u00f8reforhold, heter det i farevarselet p\u00e5 gult niv\u00e5 som ble utstedt torsdag. Statens vegvesen oppfordrer folk som skal over fjellovergangene til \u00e5 kj\u00f8re forsiktig.<\/p>\n<p data-testid=\"textWithMarkup-text\" data-v-81d7dc2b=\"\" data-v-62d58f52=\"\">\u2013 Det viktigste er \u00e5 komme trygt fram. Kj\u00f8r mykt, hold avstand til bilen foran, og v\u00e6r forberedt p\u00e5 at det kan v\u00e6re glatt. Forbikj\u00f8ringer har sjelden noe for seg p\u00e5 dager med stor trafikk, sier avdelingsdirekt\u00f8r Kurt Jomar Breistrand ved Vegtrafikksentralen i en pressemelding.<\/p>\n<p data-testid=\"textWithMarkup-text\" data-v-81d7dc2b=\"\" data-v-62d58f52=\"\">Hoveddelen av utfarten skjer fra hovedstaden, men trafikkoperat\u00f8r Vegard Hornes Halvorsen ved Vegtrafikksentralen \u00d8st tror at v\u00e6ret som er meldt gj\u00f8r at mange avventer med \u00e5 komme seg av g\u00e5rde.<\/p>\n<p>Tror det vil fordele seg jevnt<\/p>\n<p data-testid=\"textWithMarkup-text\" data-v-81d7dc2b=\"\" data-v-62d58f52=\"\">\u2013 Jeg tror det vil fordele seg litt utover helgen blant de som skal lenger i juleferien, og til fjells. V\u00e6ret blir betydelig bedre l\u00f8rdag og s\u00f8ndag, s\u00e5 kanskje mange venter til litt utover i helgen med \u00e5 dra, sier han til NTB.<\/p>\n<p data-testid=\"textWithMarkup-text\" data-v-81d7dc2b=\"\" data-v-62d58f52=\"\">Han venter fortsatt en del trafikk ogs\u00e5 i dag, men tror ikke helt p\u00e5 de store oppsamlingene.<\/p>\n<p data-testid=\"textWithMarkup-text\" data-v-81d7dc2b=\"\" data-v-62d58f52=\"\">\u2013 De stedene det tradisjonelt blir en del trafikk og opphopninger gjelder E6 nordover fram Hvam og omr\u00e5det der. Det gjelder de som skal til steder som Hafjell, Kvitfjell, Trysil og ski- og fjellomr\u00e5dene i n\u00e6rheten. <\/p>\n<p data-testid=\"textWithMarkup-text\" data-v-81d7dc2b=\"\" data-v-62d58f52=\"\">Deretter f\u00f8lger E16 over Sollih\u00f8gda for de som skal i retning Norefjell, Valdres, Hallingdal og inn til H\u00f8nefoss. \u2013 Der st\u00e5r det ofte stille n\u00e5r det n\u00e6rmer seg hovedutfarten, sier han.<\/p>\n<p data-testid=\"textWithMarkup-text\" data-v-81d7dc2b=\"\" data-v-62d58f52=\"\">Den tredje strekningen der det blir spesielt stor trafikk er E18 vestover gjennom Sandvika, Asker og Drammen f\u00f8r det fordeler seg litt ut gjennom Vestfold.<\/p>\n<p data-testid=\"textWithMarkup-text\" data-v-81d7dc2b=\"\" data-v-62d58f52=\"\">\u2013 Det er meldt stabile og fine forhold utover, men begynner \u00e5 bli kj\u00f8ligere, og da fryser det p\u00e5 utover kvelden, advarer han. <\/p>\n<p>Flom i deler av S\u00f8rlandet og Vestlandet<\/p>\n<p data-testid=\"textWithMarkup-text\" data-v-81d7dc2b=\"\" data-v-62d58f52=\"\">I Agder og Rogaland er det fortsatt et aktivt flomvarsel p\u00e5 gult niv\u00e5 for fredagen. Vannf\u00f8ringen sank torsdag ettermiddag de fleste stedene, men var ventet \u00e5 \u00f8ke igjen natt til fredag som f\u00f8lge av en ny runde med regn.<\/p>\n<p data-testid=\"textWithMarkup-text\" data-v-81d7dc2b=\"\" data-v-62d58f52=\"\">Terrenget er sv\u00e6rt v\u00e5tt etter en periode med mye regn og det kan f\u00f8re til overvann i tettbygde omr\u00e5der, bekke- og elvel\u00f8psendringer, jord- og flomskred der regnbygene treffer. Bilister p\u00e5 vei hjem til julefeiring i disse omr\u00e5dene m\u00e5 derfor ogs\u00e5 holde seg oppdatert og v\u00e6re observante p\u00e5 kj\u00f8reforholdene.<\/p>\n<p data-testid=\"textWithMarkup-text\" data-v-81d7dc2b=\"\" data-v-62d58f52=\"\">Torsdag ble E39 ved Kongeparken i Rogaland stengt p\u00e5 grunn av fare for jordras. Veien holdes trolig stengt til fredag formiddag.<\/p>\n<p>Travelt ogs\u00e5 p\u00e5 flyplassene<\/p>\n<p data-testid=\"textWithMarkup-text\" data-v-81d7dc2b=\"\" data-v-62d58f52=\"\">Ogs\u00e5 p\u00e5 landets flyplasser er fredag regnet som starten p\u00e5 juleferieutfluktene, og Avinor ansl\u00e5r at totalt 2,2 millioner passasjerer skal reise gjennom Avinors flyplasser i l\u00f8pet av juleferien.<\/p>\n<p data-testid=\"textWithMarkup-text\" data-v-81d7dc2b=\"\" data-v-62d58f52=\"\">P\u00e5 flyplassene er fredagen ogs\u00e5 ventet \u00e5 bli den aller travleste reisedagen, og det ventes mange passasjerer hver dag heretter til og med lille julaften. P\u00e5 julaften roer det seg, men det er fortsatt noen som flyr selv da.<\/p>\n<p data-testid=\"textWithMarkup-text\" data-v-81d7dc2b=\"\" data-v-62d58f52=\"\">Totalt regner Avinor med at over 125.000 passasjerer skal ut og fly fredag, hvorav over 81.000 fra Oslo lufthavn Gardermoen.<\/p>\n<p data-testid=\"textWithMarkup-text\" data-v-81d7dc2b=\"\" data-v-62d58f52=\"\">\u2013 Aller flest reiser til ulike destinasjoner i Norge, men med mulighet for over to uker fri, ser vi at Danmark, Storbritannia, Spania, Nederland og Tyskland plasseres \u00f8verst blant favorittene denne julen, opplyser Thorgeir Landevaag, konserndirekt\u00f8r med ansvar for flyplassene i Oslo, Bergen, Trondheim og Stavanger, i en pressemelding.<\/p>\n","protected":false},"excerpt":{"rendered":"De fleste feirer julen hjemme, men omtrent hver tredje nordmann skal reise bort til jul eller i jula.&hellip;\n","protected":false},"author":2,"featured_media":117114,"comment_status":"","ping_status":"","sticky":false,"template":"","format":"standard","meta":{"footnotes":""},"categories":[10],"tags":[20,21,24,25,15,22,23,13,30,28,29,14,16,26,27],"class_list":{"0":"post-117113","1":"post","2":"type-post","3":"status-publish","4":"format-standard","5":"has-post-thumbnail","7":"category-norge","8":"tag-breaking-news","9":"tag-breakingnews","10":"tag-featured-news","11":"tag-featurednews","12":"tag-headlines","13":"tag-latest-news","14":"tag-latestnews","15":"tag-news","16":"tag-no","17":"tag-norge","18":"tag-norway","19":"tag-nyheter","20":"tag-overskrifter","21":"tag-top-stories","22":"tag-topstories"},"share_on_mastodon":{"url":"https:\/\/pubeurope.com\/@no\/115744848430480461","error":""},"_links":{"self":[{"href":"https:\/\/www.europesays.com\/no\/wp-json\/wp\/v2\/posts\/117113","targetHints":{"allow":["GET"]}}],"collection":[{"href":"https:\/\/www.europesays.com\/no\/wp-json\/wp\/v2\/posts"}],"about":[{"href":"https:\/\/www.europesays.com\/no\/wp-json\/wp\/v2\/types\/post"}],"author":[{"embeddable":true,"href":"https:\/\/www.europesays.com\/no\/wp-json\/wp\/v2\/users\/2"}],"replies":[{"embeddable":true,"href":"https:\/\/www.europesays.com\/no\/wp-json\/wp\/v2\/comments?post=117113"}],"version-history":[{"count":0,"href":"https:\/\/www.europesays.com\/no\/wp-json\/wp\/v2\/posts\/117113\/revisions"}],"wp:featuredmedia":[{"embeddable":true,"href":"https:\/\/www.europesays.com\/no\/wp-json\/wp\/v2\/media\/117114"}],"wp:attachment":[{"href":"https:\/\/www.europesays.com\/no\/wp-json\/wp\/v2\/media?parent=117113"}],"wp:term":[{"taxonomy":"category","embeddable":true,"href":"https:\/\/www.europesays.com\/no\/wp-json\/wp\/v2\/categories?post=117113"},{"taxonomy":"post_tag","embeddable":true,"href":"https:\/\/www.europesays.com\/no\/wp-json\/wp\/v2\/tags?post=117113"}],"curies":[{"name":"wp","href":"https:\/\/api.w.org\/{rel}","templated":true}]}}