{"id":117123,"date":"2025-12-19T06:46:26","date_gmt":"2025-12-19T06:46:26","guid":{"rendered":"https:\/\/www.europesays.com\/no\/117123\/"},"modified":"2025-12-19T06:46:26","modified_gmt":"2025-12-19T06:46:26","slug":"trine-rein-og-lars-monsen-feiret-ti-ar-som-ektepar","status":"publish","type":"post","link":"https:\/\/www.europesays.com\/no\/117123\/","title":{"rendered":"Trine Rein og Lars Monsen feiret ti \u00e5r som ektepar"},"content":{"rendered":"<p class=\"kicker \" style=\"\">Trine Rein:\u00a0<\/p>\n<p>  Hun ble lurt trill rundt av ektemannen. Han planla alt &#8211; uten at hun visste noe om det.<\/p>\n<p>\n    PAR I HJERTER: Lars Monsen og Trine Rein har v\u00e6rt et par i en \u00e5rrekke, men vet ikke hver minste detalj om hverandres planer. Foto: Andreas Fadum\/Se og H\u00f8r\n  <\/p>\n<p>Tidligere i \u00e5r feiret det norske stjerneparet Trine Rein (55) og Lars Monsen (62) ti \u00e5r som ektefeller, og den store dagen feiret de med \u00e5 fornye l\u00f8ftene foran en fullsatt sal p\u00e5 en av Trines konserter.\u00a0<\/p>\n<p>Tur-entusiasten mistet gifteringen for fire \u00e5r siden, og siden da hadde paret bestemt seg for at jubileet i \u00e5r var et perfekt tidspunkt \u00e5 erstatte ringen p\u00e5.\u00a0<\/p>\n<p>    <a itemprop=\"url\" href=\"https:\/\/www.seher.no\/kjendis\/gladnyheter-etter-bruddet\/83989627\" rel=\"nofollow noopener\" target=\"_blank\"><\/p>\n<p>        <img loading=\"lazy\" decoding=\"async\" src=\"https:\/\/www.europesays.com\/no\/wp-content\/uploads\/2025\/12\/1766126779_965_82844758.webp\" width=\"147\" height=\"98\" title=\"Ny mann og nytt hus\" alt=\"\" class=\"lazyload\" style=\"--aspect-ratio-image: 1.50; \"\/><\/p>\n<p>        Ny mann og nytt hus<\/p>\n<p>    <\/a><\/p>\n<p>Se og H\u00f8r har tidligere skrevet om at pastor Christian fra gospelkoret Abraham, som var engasjert til Trines konsert, kom p\u00e5 scenen &#8211; og foran et overrasket publikum gjentok Trine og Lars sine ekteskapsl\u00f8fter.<\/p>\n<p>\u00abDet var magisk, og en fantastisk anledning \u00e5 dele med publikum og trofaste f\u00f8lgere. Tusen takk for at dere var der!\u00bb, har Trine tidligere avsl\u00f8rt.\u00a0<\/p>\n<p>        <img loading=\"lazy\" decoding=\"async\" src=\"https:\/\/www.europesays.com\/no\/wp-content\/uploads\/2025\/12\/84002888.webp\" width=\"667\" height=\"614\" title=\"TURTELDUER: Lars og Trine under \u00abGullruten\u00bb i 2010. Foto: Andreas Fadum\/Se og H\u00f8r\" alt=\"\" class=\"\" style=\"--aspect-ratio-image: 1.09; \"\/><\/p>\n<p>\n        TURTELDUER: Lars og Trine under \u00abGullruten\u00bb i 2010. Foto: Andreas Fadum\/Se og H\u00f8r\n    <\/p>\n<p>Ekteparet har mange baller i luften, med hver sine karrierer. Henne som artist, og Lars som hele landets turmann.\u00a0<\/p>\n<p>Lurte kona\t<\/p>\n<p>Og n\u00e5 avsl\u00f8rer Lars at han tar fatt p\u00e5 nye utfordringer det kommende \u00e5ret.\u00a0<\/p>\n<p>\u00abH\u00f8sten 2026 braker det l\u00f8s med et helt nytt show! Jeg skal ha med meg fullt band p\u00e5 scenen, inkludert en ikke ukjent vokalist &#8211; som ikke ante noe som helst om forestillingen f\u00f8r etter at kulturhusene, bandet, l\u00e5tskriveren (ja, to helt nye l\u00e5ter p\u00e5 norsk), lydmannen og manageren var hyret!\u00bb, r\u00f8per han p\u00e5 sine kanaler i sosiale medier.<\/p>\n<p>    <a itemprop=\"url\" href=\"https:\/\/www.seher.no\/kjendis\/avslorer-ferdig\/82630438\" rel=\"nofollow noopener\" target=\"_blank\"><\/p>\n<p>        <img loading=\"lazy\" decoding=\"async\" src=\"https:\/\/www.europesays.com\/no\/wp-content\/uploads\/2025\/12\/77568372.webp\" width=\"147\" height=\"98\" title=\"Avsl\u00f8rer: N\u00e5 er det over\" alt=\"\" class=\"lazyload\" style=\"--aspect-ratio-image: 1.50; \"\/><\/p>\n<p>        Avsl\u00f8rer: N\u00e5 er det over<\/p>\n<p>    <\/a><\/p>\n<p>62-\u00e5ringen har \u00f8nsket \u00e5 sy sammen en forestilling med historier og erfaringer fra ekspedisjonslivet, TV-produksjonene, nasjonalparkene, hundene, bj\u00f8rnene, kulda, naturtapet, d\u00f8den &#8211; og den andre siden. Han forteller at til de viktigste temaene har han valgt l\u00e5ter som har fulgt ham gjennom livet.<\/p>\n<p>        OVER: Se og H\u00f8r erfarer at forholdet mellom prins Sverre Magnus og Amalie Gi\u00e6ver Macleod er over. Foto: NTB \/ Andreas Fadum \/ Se og H\u00f8r \/\/ Reporter og klipp: Elise Violeta Ness Aksnes<\/p>\n<p>Han skal dog verken spille instrument eller synge selv, og har valgt kona Trine som vokalist &#8211; riktignok uten at hun visste det selv.\u00a0<\/p>\n<p>Lars planla nemlig alle detaljer, f\u00f8r han r\u00f8pet at han ville ha med seg kona p\u00e5 showet.\u00a0<\/p>\n<p>Tar det pent\t<\/p>\n<p>Mye tyder p\u00e5 at sangeren ble tatt p\u00e5 senga &#8211; heldigvis med et smil.\u00a0<\/p>\n<p>\u00abAlts\u00e5\u2026 hva skal jeg si??\u00bb, skriver hun i sosiale medier, f\u00f8r hun fortsetter:<\/p>\n<p>    <a itemprop=\"url\" href=\"https:\/\/www.seher.no\/kjendis\/ingen-hadde-vaert-hjemme-hos-meg\/83903292\" rel=\"nofollow noopener\" target=\"_blank\"><\/p>\n<p>        <img loading=\"lazy\" decoding=\"async\" src=\"https:\/\/www.europesays.com\/no\/wp-content\/uploads\/2025\/12\/82660768.webp\" width=\"147\" height=\"98\" title=\"Giftet seg med en annen\" alt=\"\" class=\"lazyload\" style=\"--aspect-ratio-image: 1.50; \"\/><\/p>\n<p>        Giftet seg med en annen<\/p>\n<p>    <\/a><\/p>\n<p>\u00abJeg har verdens absolutt mest fantastiske ektemann, og Lars Monsen &#8211; du er tilgitt for at du har lurt meg trill rundt for \u00e5 komme med tidenes overraskelse for h\u00f8sten 2026!\u00bb.<\/p>\n<p>Hun r\u00f8per at hun allerede gleder seg, og p\u00e5peker at hun skal legge seg i selen for \u00e5 l\u00e6re seg det hun trenger for \u00e5 gj\u00f8re stas p\u00e5 favorittl\u00e5tene til ektemannen.\u00a0<\/p>\n<p>\u00abDu er det beste jeg har!\u00bb, skriver hun.\u00a0<\/p>\n<p class=\"italic m-italic\" data-lab-italic=\"italic\">Se og H\u00f8r har fors\u00f8kt \u00e5 f\u00e5 en kommentar fra Trine Rein om overraskelsen, men har s\u00e5 langt ikke lykkes.\u00a0<\/p>\n<p>        TO M\u00c5NEDER SAMMEN: \u00d8yunn Krogh overrasker med en permanent kj\u00e6rlighetserkl\u00e6ring i \u00abBloggerne\u00bb. Video: TV 2 \/ R\u00f8d L\u00f8per<\/p>\n","protected":false},"excerpt":{"rendered":"Trine Rein:\u00a0 Hun ble lurt trill rundt av ektemannen. Han planla alt &#8211; uten at hun visste noe&hellip;\n","protected":false},"author":2,"featured_media":117124,"comment_status":"","ping_status":"","sticky":false,"template":"","format":"standard","meta":{"footnotes":""},"categories":[58],"tags":[4104,71,479,648,30,28,29,12889,4544,72],"class_list":{"0":"post-117123","1":"post","2":"type-post","3":"status-publish","4":"format-standard","5":"has-post-thumbnail","7":"category-underholdning","8":"tag-eksklusivt","9":"tag-entertainment","10":"tag-kjendis","11":"tag-lars-monsen","12":"tag-no","13":"tag-norge","14":"tag-norway","15":"tag-trine-rein","16":"tag-turne","17":"tag-underholdning"},"share_on_mastodon":{"url":"https:\/\/pubeurope.com\/@no\/115744892333844892","error":""},"_links":{"self":[{"href":"https:\/\/www.europesays.com\/no\/wp-json\/wp\/v2\/posts\/117123","targetHints":{"allow":["GET"]}}],"collection":[{"href":"https:\/\/www.europesays.com\/no\/wp-json\/wp\/v2\/posts"}],"about":[{"href":"https:\/\/www.europesays.com\/no\/wp-json\/wp\/v2\/types\/post"}],"author":[{"embeddable":true,"href":"https:\/\/www.europesays.com\/no\/wp-json\/wp\/v2\/users\/2"}],"replies":[{"embeddable":true,"href":"https:\/\/www.europesays.com\/no\/wp-json\/wp\/v2\/comments?post=117123"}],"version-history":[{"count":0,"href":"https:\/\/www.europesays.com\/no\/wp-json\/wp\/v2\/posts\/117123\/revisions"}],"wp:featuredmedia":[{"embeddable":true,"href":"https:\/\/www.europesays.com\/no\/wp-json\/wp\/v2\/media\/117124"}],"wp:attachment":[{"href":"https:\/\/www.europesays.com\/no\/wp-json\/wp\/v2\/media?parent=117123"}],"wp:term":[{"taxonomy":"category","embeddable":true,"href":"https:\/\/www.europesays.com\/no\/wp-json\/wp\/v2\/categories?post=117123"},{"taxonomy":"post_tag","embeddable":true,"href":"https:\/\/www.europesays.com\/no\/wp-json\/wp\/v2\/tags?post=117123"}],"curies":[{"name":"wp","href":"https:\/\/api.w.org\/{rel}","templated":true}]}}