{"id":117127,"date":"2025-12-19T06:51:10","date_gmt":"2025-12-19T06:51:10","guid":{"rendered":"https:\/\/www.europesays.com\/no\/117127\/"},"modified":"2025-12-19T06:51:10","modified_gmt":"2025-12-19T06:51:10","slug":"vurderer-egen-sameskatt","status":"publish","type":"post","link":"https:\/\/www.europesays.com\/no\/117127\/","title":{"rendered":"Vurderer egen sameskatt"},"content":{"rendered":"\n<p class=\"_lead_o9xde_2 _lead_xtcu6_50 layout-component text-serif-m layout-normal text-serif-l layout-component layout-wide layout-padded _wide_17hqh_1 layout-padded\">Sametinget frykter for egen \u00f8konomi dersom Frp skulle komme til makten. N\u00e5 vurderes en egen skatt fra alle som er registrert i det samemanntallet.<\/p>\n<p><img alt=\"Sametinget her i Karasjok er bekymret for inntektene om Frp skulle komme til makten.  Foto: Berit Keilen \/ NTB\" class=\"_image_qp4xg_65 layout-component layout-wide\" data-fullscreen- data-track-element-type=\"Article image fullscreen\" data-track-name=\"ImageFullscreen\" fetchpriority=\"high\" decoding=\"sync\" loading=\"eager\" height=\"2048\" itemprop=\"image\"  src=\"https:\/\/www.europesays.com\/no\/wp-content\/uploads\/2025\/12\/3246241c-9ad6-44e0-9918-83d0d798be51\"  style=\"object-position:0% 0%\" width=\"3072\"\/>Sametinget her i Karasjok er bekymret for inntektene om Frp skulle komme til makten.  Foto: Berit Keilen \/ NTB<\/p>\n<ul aria-hidden=\"true\" class=\"_images_ntbth_112\">\n<li><a class=\"_link_ntbth_117\" href=\"https:\/\/www.vg.no\/forfatter\/ntb\" style=\"z-index:1\" title=\"NTB\" rel=\"nofollow noopener\" target=\"_blank\"><img alt=\"Bilde av NTB\" class=\"_image_ntbth_93\" fetchpriority=\"low\" loading=\"lazy\" decoding=\"async\" itemprop=\"image\"  src=\"https:\/\/www.europesays.com\/no\/wp-content\/uploads\/2025\/12\/1766127070_260_c33980b0-5d07-4027-84a1-813f90a7c8d6\"  width=\"480\"\/><\/a><\/li>\n<\/ul>\n<p> Oppdatert fredag 19. desember kl. 07:21     <\/p>\n<p class=\"_paragraph_o9xde_4 _paragraph_xtcu6_10 layout-component text-serif-m layout-normal text-serif-m layout-padded\">Sametinget driftes i dag p\u00e5 penger de f\u00e5r over statsbudsjettet. I \u00e5r var den statlige overf\u00f8ringen p\u00e5 788 millioner kroner, skriver <a href=\"https:\/\/klassekampen.no\/artikkel\/2025-12-19\/vurderer-ny-skatt-til-sametinget\" class=\"_link_o9xde_39\" rel=\"nofollow noopener\" target=\"_blank\">Klassekampen.<\/a><\/p>\n<p class=\"_paragraph_o9xde_4 _paragraph_xtcu6_10 layout-component text-serif-m layout-normal text-serif-m layout-padded\">Men det samiske parlamentet er urolige for egen \u00f8konomi hvis Fremskrittspartiet skulle komme til makten. Derfor fikk en ekspertgruppe i oppdrag \u00e5 utrede ulike modeller. En av de foresl\u00e5tte l\u00f8sningene er \u00e5 innf\u00f8re en ny skatt, slik at 1 prosent av skatten til alle som st\u00e5r i det samiske valgmanntallet, g\u00e5r til Sametinget. Det vil gi en \u00e5rlig inntekt p\u00e5 cirka 80 millioner kroner.<\/p>\n<p class=\"_paragraph_o9xde_4 _paragraph_xtcu6_10 layout-component text-serif-m layout-normal text-serif-m layout-padded\">Avisen <a href=\"https:\/\/www.ifinnmark.no\/egen-skatt-til-sametinget-vil-oppleves-som-helt-meningslost-og-sterkt-provoserende\/s\/5-81-2354884\" class=\"_link_o9xde_39\" rel=\"nofollow noopener\" target=\"_blank\">iFinnmark omtalte saken f\u00f8rst<\/a>. Det er ikke snakk om en ekstra skatt, men at en andel av skatten som allerede betales skal g\u00e5 til Sametinget.<\/p>\n<p class=\"_paragraph_o9xde_4 _paragraph_xtcu6_10 layout-component text-serif-m layout-normal text-serif-m layout-padded\">Et flertall p\u00e5 Sametinget best\u00e5ende av Norske Samers Riksforbund, Flyttsamelista og Samefolkets parti er positive til forslaget.<\/p>\n<p class=\"_paragraph_o9xde_4 _paragraph_xtcu6_10 layout-component text-serif-m layout-normal text-serif-m layout-padded\">H\u00e5kon Mudenia, politisk r\u00e5dgiver i Norske Samers Riksforbund, sier det er en god l\u00f8sning.<\/p>\n<p class=\"_paragraph_o9xde_4 _paragraph_xtcu6_10 layout-component text-serif-m layout-normal text-serif-m layout-padded\">\u2013 Sametinget er en viktig institusjon, og en egen finansiering vil sikre kontinuitet. Vi \u00f8nsker klare \u00f8konomiske rammer og forutsigbarhet, sier Mudenia.<\/p>\n<p class=\"_paragraph_o9xde_4 _paragraph_xtcu6_10 layout-component text-serif-m layout-normal text-serif-m layout-padded\">John Arne Markussen i Nordkalottfolket, det st\u00f8rste opposisjonspartiet p\u00e5 Sametinget, mener flertallet i Sametinget er p\u00e5 ville veier.<\/p>\n<p class=\"_paragraph_o9xde_4 _paragraph_xtcu6_10 layout-component text-serif-m layout-normal text-serif-m layout-padded\">\u2013 Forslaget om at skatt fra samer skal g\u00e5 til Sametinget, er vanskelig \u00e5 ta seri\u00f8st. Sametinget er ikke en myndighet som stat, kommune og fylke. Det er et urfolksparlament som ikke har noen skatterett, sier Markussen.<\/p>\n","protected":false},"excerpt":{"rendered":"Sametinget frykter for egen \u00f8konomi dersom Frp skulle komme til makten. N\u00e5 vurderes en egen skatt fra alle&hellip;\n","protected":false},"author":2,"featured_media":117128,"comment_status":"","ping_status":"","sticky":false,"template":"","format":"standard","meta":{"footnotes":""},"categories":[10],"tags":[20,21,24,25,15,22,23,13,30,28,29,14,16,26,27],"class_list":{"0":"post-117127","1":"post","2":"type-post","3":"status-publish","4":"format-standard","5":"has-post-thumbnail","7":"category-norge","8":"tag-breaking-news","9":"tag-breakingnews","10":"tag-featured-news","11":"tag-featurednews","12":"tag-headlines","13":"tag-latest-news","14":"tag-latestnews","15":"tag-news","16":"tag-no","17":"tag-norge","18":"tag-norway","19":"tag-nyheter","20":"tag-overskrifter","21":"tag-top-stories","22":"tag-topstories"},"share_on_mastodon":{"url":"https:\/\/pubeurope.com\/@no\/115744911296692116","error":""},"_links":{"self":[{"href":"https:\/\/www.europesays.com\/no\/wp-json\/wp\/v2\/posts\/117127","targetHints":{"allow":["GET"]}}],"collection":[{"href":"https:\/\/www.europesays.com\/no\/wp-json\/wp\/v2\/posts"}],"about":[{"href":"https:\/\/www.europesays.com\/no\/wp-json\/wp\/v2\/types\/post"}],"author":[{"embeddable":true,"href":"https:\/\/www.europesays.com\/no\/wp-json\/wp\/v2\/users\/2"}],"replies":[{"embeddable":true,"href":"https:\/\/www.europesays.com\/no\/wp-json\/wp\/v2\/comments?post=117127"}],"version-history":[{"count":0,"href":"https:\/\/www.europesays.com\/no\/wp-json\/wp\/v2\/posts\/117127\/revisions"}],"wp:featuredmedia":[{"embeddable":true,"href":"https:\/\/www.europesays.com\/no\/wp-json\/wp\/v2\/media\/117128"}],"wp:attachment":[{"href":"https:\/\/www.europesays.com\/no\/wp-json\/wp\/v2\/media?parent=117127"}],"wp:term":[{"taxonomy":"category","embeddable":true,"href":"https:\/\/www.europesays.com\/no\/wp-json\/wp\/v2\/categories?post=117127"},{"taxonomy":"post_tag","embeddable":true,"href":"https:\/\/www.europesays.com\/no\/wp-json\/wp\/v2\/tags?post=117127"}],"curies":[{"name":"wp","href":"https:\/\/api.w.org\/{rel}","templated":true}]}}