{"id":117129,"date":"2025-12-19T06:53:11","date_gmt":"2025-12-19T06:53:11","guid":{"rendered":"https:\/\/www.europesays.com\/no\/117129\/"},"modified":"2025-12-19T06:53:11","modified_gmt":"2025-12-19T06:53:11","slug":"manchester-united-fredrik-aursnes-united-kapteinen-med-overraskende-norge-melding","status":"publish","type":"post","link":"https:\/\/www.europesays.com\/no\/117129\/","title":{"rendered":"Manchester United, Fredrik Aursnes | United-kapteinen med overraskende Norge-melding"},"content":{"rendered":"\n<p>I forbindelse med et intervju med portugisiske Canal 11 ble Manchester United-kaptein Bruno Fernandes spurt om \u00e5 peke ut hvilke spillere fra den portugisiske ligaen han tror kan hevde seg i Premier League.<\/p>\n<p>Da var den f\u00f8rste spilleren Fernandes tenkte p\u00e5 en nordmann.<\/p>\n<p>Norsk Benfica-proff hylles<\/p>\n<p>N\u00e6rmere bestemt Fredrik Aursnes, som tidlig daglig spiller for Jos\u00e9 Mourinhos Benfica og som har gitt seg p\u00e5 landslaget.<\/p>\n<p>\u2013 Det er mange midtbanespillere. En av dem er Fredrik Aursnes p\u00e5 grunn av intelligensen og dynamikken han bringer til kampen, sier Fernandes.<\/p>\n<p>   <img decoding=\"async\" width=\"3846\" height=\"2564\" fetchpriority=\"low\"  loading=\"lazy\"  src=\"https:\/\/www.europesays.com\/no\/wp-content\/uploads\/2025\/12\/NTB_SGJSOvCChWk.jpg\" alt=\"SL Benfica's Norwegian midfielder #08 Fredrik Aursnes (L) gestures to Italian referee Simone Sozza during the UEFA Champions League league phase day 4 football match between SL Benfica and Bayer Leverkusen at Estadio da Luz in Lisbon on November 5, 2025. (Photo by FILIPE AMORIM \/ AFP)\" class=\"brick-c-cFOWSL\" style=\"--brick-image-ratio: 3846 \/ 2564;\"\/><\/p>\n<p>      IMPONERER: Fredrik Aursnes gj\u00f8r sine saker bra i portugisisk fotball.<br \/>\n      Foto: Filipe Amorim (AFP)\n    <\/p>\n<p>Han er full av lovord om den tidligere Molde-spilleren.<\/p>\n<p>\u2013 Aursnes er en spiller som hadde tilpasset Premier League uavhengig av fysikken. Han er bygd litt slank, men jeg tror intelligente spillere alltid seirer her, sier Fernandes, som tydelig fortsatt f\u00f8lger med p\u00e5 portugisisk ligafotball.<\/p>\n<p>Dansk ros<\/p>\n<p>Ogs\u00e5 den danske landslagsspilleren Morten Hjulmand trekkes frem av Fernandes.<\/p>\n<p>\u2013 Han er en komplett spiller, sier Fernandes om midtbanemannen, som spiller for Fernandes&#8217; gamle klubb Sporting.<\/p>\n<p>\u2013 Han er intelligent og aggressiv, og i Premier League trenger du det. Men f\u00f8rst n\u00e5r du er her innser du om du er lagd for Premier League, fordi den er annerledes enn andre ligaer, sier United-stjernen.<\/p>\n<p>Han ser imidlertid ikke bort fra at dansken kunne passet enda bedre andre steder.<\/p>\n<p>\u2013 Jeg tror Hjulmand kunne tilpasset seg her, men jeg ser ogs\u00e5 for meg at han hadde passet i italiensk Serie A, sier Fernandes, if\u00f8lge <a href=\"https:\/\/www.mirror.co.uk\/sport\/football\/man-utd-hjulmand-bruno-fernandes-36417590?int_source=amp_continue_reading&amp;int_medium=amp&amp;int_campaign=continue_reading_button#amp-readmore-target\" rel=\"Follow nofollow noopener\" target=\"_blank\">The Mirror.<\/a><\/p>\n<p>Manchester United m\u00f8ter Aston Villa p\u00e5 bortebane s\u00f8ndag klokken 17.30.<\/p>\n","protected":false},"excerpt":{"rendered":"I forbindelse med et intervju med portugisiske Canal 11 ble Manchester United-kaptein Bruno Fernandes spurt om \u00e5 peke&hellip;\n","protected":false},"author":2,"featured_media":117130,"comment_status":"","ping_status":"","sticky":false,"template":"","format":"standard","meta":{"footnotes":""},"categories":[59],"tags":[30,28,29,83,82],"class_list":{"0":"post-117129","1":"post","2":"type-post","3":"status-publish","4":"format-standard","5":"has-post-thumbnail","7":"category-sport","8":"tag-no","9":"tag-norge","10":"tag-norway","11":"tag-sport","12":"tag-sports"},"share_on_mastodon":{"url":"https:\/\/pubeurope.com\/@no\/115744919201962826","error":""},"_links":{"self":[{"href":"https:\/\/www.europesays.com\/no\/wp-json\/wp\/v2\/posts\/117129","targetHints":{"allow":["GET"]}}],"collection":[{"href":"https:\/\/www.europesays.com\/no\/wp-json\/wp\/v2\/posts"}],"about":[{"href":"https:\/\/www.europesays.com\/no\/wp-json\/wp\/v2\/types\/post"}],"author":[{"embeddable":true,"href":"https:\/\/www.europesays.com\/no\/wp-json\/wp\/v2\/users\/2"}],"replies":[{"embeddable":true,"href":"https:\/\/www.europesays.com\/no\/wp-json\/wp\/v2\/comments?post=117129"}],"version-history":[{"count":0,"href":"https:\/\/www.europesays.com\/no\/wp-json\/wp\/v2\/posts\/117129\/revisions"}],"wp:featuredmedia":[{"embeddable":true,"href":"https:\/\/www.europesays.com\/no\/wp-json\/wp\/v2\/media\/117130"}],"wp:attachment":[{"href":"https:\/\/www.europesays.com\/no\/wp-json\/wp\/v2\/media?parent=117129"}],"wp:term":[{"taxonomy":"category","embeddable":true,"href":"https:\/\/www.europesays.com\/no\/wp-json\/wp\/v2\/categories?post=117129"},{"taxonomy":"post_tag","embeddable":true,"href":"https:\/\/www.europesays.com\/no\/wp-json\/wp\/v2\/tags?post=117129"}],"curies":[{"name":"wp","href":"https:\/\/api.w.org\/{rel}","templated":true}]}}