{"id":117137,"date":"2025-12-19T07:01:14","date_gmt":"2025-12-19T07:01:14","guid":{"rendered":"https:\/\/www.europesays.com\/no\/117137\/"},"modified":"2025-12-19T07:01:14","modified_gmt":"2025-12-19T07:01:14","slug":"bruno-fernandes-kobbie-mainoo-og-antoine-semenyo-i-fokus","status":"publish","type":"post","link":"https:\/\/www.europesays.com\/no\/117137\/","title":{"rendered":"Bruno Fernandes, Kobbie Mainoo og Antoine Semenyo i fokus"},"content":{"rendered":"<p>        Adam Davy &#8211; PA Images\n    <\/p>\n<p class=\"kicker tm17 font-weight-bold m-font-weight-bold tertiary color_mobile_tertiary\" style=\"\">SAUDI-INTERESSE OG UNITED-TELEFON:<\/p>\n<p>Januarvinduet er rett rundt hj\u00f8rnet og det blir stadig mer bevegelse i ryktespaltene.\u00a0<\/p>\n<p>Det n\u00e6rmer seg h\u00f8ysesong for overgangsguru Fabrizio Romano, som i en ny <a href=\"https:\/\/www.youtube.com\/watch?v=G332tbdG6Mc\" target=\"_blank\" rel=\"nofollow noopener\">YouTube-video<\/a> kommer med en oppdatering p\u00e5 to United-spillere og \u00e9n spiller United jakter.<\/p>\n<p class=\"font-weight-bold m-font-weight-bold\" data-lab-font_weight=\"font-weight-bold\">De to United-spillerne er Bruno Fernandes og Kobbie Mainoo, og den United jakter er Antoine Semenyo.<\/p>\n<p>Bruno Fernandes<\/p>\n<p>Det har blitt viet mye spalteplass til Bruno Fernandes i kj\u00f8lvannet av mandagens 4-4-kamp mot Bournemouth. Ikke lenge etter at sluttsignalet hadde g\u00e5tt p\u00e5 Old Trafford ble et intervju han gjorde med portugisisk TV i november publisert.\u00a0<\/p>\n<p>Der snakket han om misn\u00f8ye med United-ledelse, at han f\u00f8lte de ville selge ham i sommer og snakket ogs\u00e5 om at han \u00f8nsker \u00e5 spille i b\u00e5de Spania og Italia.\u00a0<\/p>\n<p>        <a itemprop=\"url\" class=\"\" href=\"https:\/\/www.united.no\/nyheter\/sa-lenge-jeg-er-onsket-vil-jeg-bli-i-united\/1409289\" data-k5a-url=\"https:\/\/www.united.no\/a\/1409289\" rel=\"nofollow noopener\" target=\"_blank\"><\/p>\n<p>\nDR\u00d8MMER OM \u00c5 SPILLE ANDRE STEDER, MEN:\n<\/p>\n<p>            &#8211; S\u00e5 lenge jeg er \u00f8nsket vil jeg bli i United<\/p>\n<p>        <\/a><\/p>\n<p>Han snakket ogs\u00e5 om de mange Saudi-Arabia-ryktene fra tidligere i \u00e5r og stengte p\u00e5 ingen m\u00e5te d\u00f8ren for \u00e5 spille der p\u00e5 et senere tidspunkt. If\u00f8lge Fabrizio Romano er United-kapteinen fortsatt \u00f8nsket av saudiarabiske klubber.<\/p>\n<p class=\"font-weight-bold m-font-weight-bold\" data-lab-font_weight=\"font-weight-bold\">Overgangsjournalisten sier klubber i det styrtrike landet har fors\u00f8kt \u00e5 hente portugiseren hver sommer siden 2023, men at United-playmakeren gang p\u00e5 gang har sagt nei.\u00a0<\/p>\n<p class=\"font-weight-bold m-font-weight-bold\" data-lab-font_weight=\"font-weight-bold\">&#8211; Hvis du sp\u00f8r meg om hva som skjer i 2026 s\u00e5 er det ingenting n\u00e6rt forest\u00e5ende i januar. Det blir rolig. Men i sommervinduet ville jeg holdt et \u00f8ye med interessen fra Saudi-Arabia, for jeg tror de vil returnere til Bruno Fernandes. Bruno har alltid v\u00e6rt et overgangsm\u00e5l for beslutningstakerne i Saudi-Arabia.\u00a0<\/p>\n<p>BBC meldte tidligere denne uken at Bruno Fernandes vil vurdere fremtiden sin p\u00e5 nytt etter neste sommers VM i USA, Canada og Mexico.\u00a0<\/p>\n<p>United-kapteinen fyller 32 \u00e5r neste september.<\/p>\n<p>                <img decoding=\"async\" src=\"https:\/\/www.europesays.com\/no\/wp-content\/uploads\/2025\/12\/1397901.webp\" width=\"480\" height=\"274\" title=\"Dette sier Romano om Bruno, Mainoo og Semenyo\" alt=\"Bruno Fernandes f\u00f8r hjemmekampen mot Sunderland, 4. oktober 2025.\" loading=\"lazy\" style=\"\"\/><\/p>\n<p>            Gareth Copley\n        <\/p>\n<p>Kobbie Mainoo<\/p>\n<p>Det har blitt skrevet mye om Bruno Fernandes den siste tiden, men det har blitt skrevet veldig mye om Kobbie Mainoo de siste m\u00e5nedene.\u00a0<\/p>\n<p>Helt siden sommeren da han ville dra p\u00e5 l\u00e5n har han v\u00e6rt en gjenganger i ryktespaltene.\u00a0<\/p>\n<p>Mangelen p\u00e5 spilletid og det at kjendisbroren hans m\u00f8tte opp p\u00e5 Old Trafford med en helt spesiell t-skjorte har bare bidratt til skriveriene.\u00a0<\/p>\n<p>        <a itemprop=\"url\" class=\"\" href=\"https:\/\/www.united.no\/nyheter\/motte-opp-pa-old-trafford-med-free-kobbie-skjorte\/1409035\" data-k5a-url=\"https:\/\/www.united.no\/a\/1409035\" rel=\"nofollow noopener\" target=\"_blank\"><\/p>\n<p>\nKOBBIE MAINOOS BROR:\n<\/p>\n<p>            M\u00f8tte opp p\u00e5 Old Trafford med \u00abFree Kobbie\u00bb-skjorte<\/p>\n<p>        <\/a><\/p>\n<p>Mainoo skal v\u00e6re lysten p\u00e5 \u00e5 dra p\u00e5 l\u00e5n i januar ogs\u00e5, men United skal ikke v\u00e6re spesielt interessert i \u00e5 la engelskmannen dra.\u00a0<\/p>\n<p class=\"font-weight-bold m-font-weight-bold\" data-lab-font_weight=\"font-weight-bold\">Romano sier, som har blitt meldt fra flere hold, at Napoli \u00f8nsker \u00e5 hente 20-\u00e5ringen.\u00a0<\/p>\n<p class=\"font-weight-bold m-font-weight-bold\" data-lab-font_weight=\"font-weight-bold\">&#8211; Napoli vil presse p\u00e5 for Mainoo fordi de mener han er et viktig overgangsm\u00e5l for januar. Det jeg h\u00f8rer er at p\u00e5 grunn av Scott McTominays suksess og faktum at Rasmus H\u00f8jlund gj\u00f8r det ganske s\u00e5 bra, s\u00e5 er Mainoo mer enn fristet av tanken p\u00e5 \u00e5 dra til Napoli.\u00a0<\/p>\n<p>Alt er imidlertid opp til United og det skal utelukkende v\u00e6re snakk om en l\u00e5neavtale, understreker Romano. Mainoo kjemper om spilletid med Bruno Fernandes og har fortsatt ikke startet en Premier League-kamp denne sesongen.\u00a0<\/p>\n<p>Antoine Semenyo<\/p>\n<p>En spiller United jakter og f\u00f8lger n\u00f8ye med p\u00e5 er Antoine Semenyo.\u00a0<\/p>\n<p>Bournemouth-spilleren var \u00f8nsket p\u00e5 Old Trafford i sommer og interessen har ikke blitt mindre av at han har en utkj\u00f8psklausul p\u00e5 65 millioner pund som er gyldig i januar.\u00a0<\/p>\n<p>                <img decoding=\"async\" src=\"https:\/\/www.europesays.com\/no\/wp-content\/uploads\/2025\/12\/1392314.webp\" width=\"480\" height=\"274\" title=\"Antoine Semenyo\" alt=\"Antoine Semenyo i aksjon for Bournemouth mot Wolverhampton Wanderers, 23. august 2025.\" loading=\"lazy\" style=\"\"\/><\/p>\n<p>\n            Antoine Semenyo<br \/>\n            Robin Jones &#8211; AFC Bournemouth\n        <\/p>\n<p>I kj\u00f8lvannet av at Semenyo tegnet seg p\u00e5 scoringslisten mot United p\u00e5 Old Trafford meldte Sky Sports at United for alvor er med i kampen om ghaneserens signatur, og Romano forteller at United har tatt kontakt med \u00abThe Cherries\u00bb\u00a0 for \u00e5 innhente mer info om en eventuell avtale.\u00a0<\/p>\n<p class=\"font-weight-bold m-font-weight-bold\" data-lab-font_weight=\"font-weight-bold\">&#8211; B\u00e5de United og Manchester City har ringt og snakket med Bournemouth for \u00e5 l\u00e6re mer om betingelsene for en avtale, sier Romano.\u00a0<\/p>\n<p>Han legger til at Tottenham og Liverpool ogs\u00e5 er interesserte, og spesielt f\u00f8rstnevnte beskrives som\u00a0\u00abaggressive\u00bb i tiln\u00e6rmingen.\u00a0<\/p>\n<p>        <a itemprop=\"url\" class=\"\" href=\"https:\/\/www.united.no\/nyheter\/united-for-alvor-med-i-kampen-om-semenyo\/1409121\" data-k5a-url=\"https:\/\/www.united.no\/a\/1409121\" rel=\"nofollow noopener\" target=\"_blank\"><\/p>\n<p>\nSKY SPORTS:\n<\/p>\n<p>            &#8211; United for alvor med i kampen om Semenyo<\/p>\n<p>        <\/a><\/p>\n","protected":false},"excerpt":{"rendered":"Adam Davy &#8211; PA Images SAUDI-INTERESSE OG UNITED-TELEFON: Januarvinduet er rett rundt hj\u00f8rnet og det blir stadig mer&hellip;\n","protected":false},"author":2,"featured_media":117138,"comment_status":"","ping_status":"","sticky":false,"template":"","format":"standard","meta":{"footnotes":""},"categories":[59],"tags":[30,28,29,83,82],"class_list":{"0":"post-117137","1":"post","2":"type-post","3":"status-publish","4":"format-standard","5":"has-post-thumbnail","7":"category-sport","8":"tag-no","9":"tag-norge","10":"tag-norway","11":"tag-sport","12":"tag-sports"},"share_on_mastodon":{"url":"https:\/\/pubeurope.com\/@no\/115744950578255414","error":""},"_links":{"self":[{"href":"https:\/\/www.europesays.com\/no\/wp-json\/wp\/v2\/posts\/117137","targetHints":{"allow":["GET"]}}],"collection":[{"href":"https:\/\/www.europesays.com\/no\/wp-json\/wp\/v2\/posts"}],"about":[{"href":"https:\/\/www.europesays.com\/no\/wp-json\/wp\/v2\/types\/post"}],"author":[{"embeddable":true,"href":"https:\/\/www.europesays.com\/no\/wp-json\/wp\/v2\/users\/2"}],"replies":[{"embeddable":true,"href":"https:\/\/www.europesays.com\/no\/wp-json\/wp\/v2\/comments?post=117137"}],"version-history":[{"count":0,"href":"https:\/\/www.europesays.com\/no\/wp-json\/wp\/v2\/posts\/117137\/revisions"}],"wp:featuredmedia":[{"embeddable":true,"href":"https:\/\/www.europesays.com\/no\/wp-json\/wp\/v2\/media\/117138"}],"wp:attachment":[{"href":"https:\/\/www.europesays.com\/no\/wp-json\/wp\/v2\/media?parent=117137"}],"wp:term":[{"taxonomy":"category","embeddable":true,"href":"https:\/\/www.europesays.com\/no\/wp-json\/wp\/v2\/categories?post=117137"},{"taxonomy":"post_tag","embeddable":true,"href":"https:\/\/www.europesays.com\/no\/wp-json\/wp\/v2\/tags?post=117137"}],"curies":[{"name":"wp","href":"https:\/\/api.w.org\/{rel}","templated":true}]}}