{"id":117139,"date":"2025-12-19T07:07:31","date_gmt":"2025-12-19T07:07:31","guid":{"rendered":"https:\/\/www.europesays.com\/no\/117139\/"},"modified":"2025-12-19T07:07:31","modified_gmt":"2025-12-19T07:07:31","slug":"vil-bruke-milliardbelop-pa-to-ki-fabrikkar-i-bygda-vtb-no","status":"publish","type":"post","link":"https:\/\/www.europesays.com\/no\/117139\/","title":{"rendered":"(+) Vil bruke milliardbel\u00f8p p\u00e5 to KI-fabrikkar i bygda &#8211; vtb.no"},"content":{"rendered":"<ol>\n<li><a href=\"https:\/\/news.google.com\/rss\/articles\/CBMijAFBVV95cUxOVkJxS3NXM0lCNEtvZmxFaWt6blU4YlA2bEVGNy1mTXJzRFptOXBYbEpLVUdwWXNuOGpySmp0V3c2WVV2bTFSOGFWRENhVTBWS21nZTV4V0tFMGdJbWViMTRYbHE0bk9pWGVWQ1ZQaEw0SWwtU2FEcW5BRVpHbTRyUEVoZEY0QkljOVhhZw?oc=5\" target=\"_blank\" rel=\"nofollow noopener\">(+) Vil bruke milliardbel\u00f8p p\u00e5 to KI-fabrikkar i bygda<\/a>&nbsp;&nbsp;vtb.no<\/li>\n<li><a href=\"https:\/\/news.google.com\/rss\/articles\/CBMilAFBVV95cUxOR1BNR3BLMHRQZ19kbVc1cWVCejhmSm0xdXFTM0Itei1GYU4tOTlDa1ZaQUdlRXBMTjJFNHpZelRzYkV4QVM3cEZlOExYVEhqWUJ4bDdhSXB0cEFEQ1hpSGhGOEtNZHNCcXRVREdWdzJwX0RpMmFkVFhVVlhiUXJIS3Y2R1gwWkRxdkFkQ2Q1Z2xkb3Ax?oc=5\" target=\"_blank\" rel=\"nofollow noopener\">Fikk inn CBRE som partner p\u00e5 nytt datasenter<\/a>&nbsp;&nbsp;Estate Nyheter<\/li>\n<li><a href=\"https:\/\/news.google.com\/rss\/articles\/CBMidEFVX3lxTFBPOHRuUVUtdWN6bFhONEZLY3cxSW14Vm9udHh6c3lhcGNIVG5CcEZOQWloVWtkVjh4QlZQWmp5X0ZlbU5saE5WQ2drQ25ieU0zVDYyMXNNOGV3aEpnODB2TkV3VkRweUFULXM2Qk5QOHY4Zkt1?oc=5\" target=\"_blank\" rel=\"nofollow noopener\">Skal bygge KI-fabrikk i Fyresdal<\/a>&nbsp;&nbsp;Teknisk Ukeblad<\/li>\n<li><a href=\"https:\/\/news.google.com\/rss\/articles\/CBMisAFBVV95cUxQQVlCSkFMOERFSm81VllwZTJ0RS1nOThUVjhkNmtXUjFROFppUjVrOTJvcEJiQjFEWUhWMFNZUksxMDJzMUFQTDFVMEV5cGxuRXpJVWtXcHlUcnRMMHlXaFU1cEZaTy1YVjR4ZkhvRDQyMmFod0o0bjBqYnFlQUdlM29GVzBaclc5b3gxQlViTUdjVkxncUpWNk5vSkU1TTlxUmU3SmFDelh0bjduMFRvVA?oc=5\" target=\"_blank\" rel=\"nofollow noopener\">Norsk AI-startup skal bygge to AI-fabrikker i Telemark<\/a>&nbsp;&nbsp;Finansavisen<\/li>\n<li><a href=\"https:\/\/news.google.com\/rss\/articles\/CBMiYEFVX3lxTFBRNUg5WWRpTkxfR0RvcHJSakJEWDZoUWtWVXBqTmdqWmc5LVNDeGZxck1zSnY5SFljTVNjeGJNQ2phNkhyR3Vya04tV2JxRFliOENrQXJ2ek1ZWlVnSzRGOQ?oc=5\" target=\"_blank\" rel=\"nofollow noopener\">Vil gj\u00f8re norsk kommune til KI-magnet<\/a>&nbsp;&nbsp;TechWatch<\/li>\n<\/ol>\n","protected":false},"excerpt":{"rendered":"(+) Vil bruke milliardbel\u00f8p p\u00e5 to KI-fabrikkar i bygda&nbsp;&nbsp;vtb.no Fikk inn CBRE som partner p\u00e5 nytt datasenter&nbsp;&nbsp;Estate Nyheter&hellip;\n","protected":false},"author":2,"featured_media":117140,"comment_status":"","ping_status":"","sticky":false,"template":"","format":"standard","meta":{"footnotes":""},"categories":[56],"tags":[60,61,62,30,28,29],"class_list":{"0":"post-117139","1":"post","2":"type-post","3":"status-publish","4":"format-standard","5":"has-post-thumbnail","7":"category-naeringsliv","8":"tag-business","9":"tag-economy","10":"tag-naeringsliv","11":"tag-no","12":"tag-norge","13":"tag-norway"},"share_on_mastodon":{"url":"https:\/\/pubeurope.com\/@no\/115744973994576547","error":""},"_links":{"self":[{"href":"https:\/\/www.europesays.com\/no\/wp-json\/wp\/v2\/posts\/117139","targetHints":{"allow":["GET"]}}],"collection":[{"href":"https:\/\/www.europesays.com\/no\/wp-json\/wp\/v2\/posts"}],"about":[{"href":"https:\/\/www.europesays.com\/no\/wp-json\/wp\/v2\/types\/post"}],"author":[{"embeddable":true,"href":"https:\/\/www.europesays.com\/no\/wp-json\/wp\/v2\/users\/2"}],"replies":[{"embeddable":true,"href":"https:\/\/www.europesays.com\/no\/wp-json\/wp\/v2\/comments?post=117139"}],"version-history":[{"count":0,"href":"https:\/\/www.europesays.com\/no\/wp-json\/wp\/v2\/posts\/117139\/revisions"}],"wp:featuredmedia":[{"embeddable":true,"href":"https:\/\/www.europesays.com\/no\/wp-json\/wp\/v2\/media\/117140"}],"wp:attachment":[{"href":"https:\/\/www.europesays.com\/no\/wp-json\/wp\/v2\/media?parent=117139"}],"wp:term":[{"taxonomy":"category","embeddable":true,"href":"https:\/\/www.europesays.com\/no\/wp-json\/wp\/v2\/categories?post=117139"},{"taxonomy":"post_tag","embeddable":true,"href":"https:\/\/www.europesays.com\/no\/wp-json\/wp\/v2\/tags?post=117139"}],"curies":[{"name":"wp","href":"https:\/\/api.w.org\/{rel}","templated":true}]}}