{"id":117141,"date":"2025-12-19T07:11:16","date_gmt":"2025-12-19T07:11:16","guid":{"rendered":"https:\/\/www.europesays.com\/no\/117141\/"},"modified":"2025-12-19T07:11:16","modified_gmt":"2025-12-19T07:11:16","slug":"sport-fotball-ny-rekord-i-romjula-na-skal-det-avgjores-hvem-som-motes-avisa-nordland","status":"publish","type":"post","link":"https:\/\/www.europesays.com\/no\/117141\/","title":{"rendered":"Sport, Fotball | Ny rekord i romjula \u2013 n\u00e5 skal det avgj\u00f8res hvem som m\u00f8tes &#8211; Avisa Nordland"},"content":{"rendered":"<ol>\n<li><a href=\"https:\/\/news.google.com\/rss\/articles\/CBMikAFBVV95cUxQS3AxdF9ncVllUDZVWHJPWWlUUVZ2cmpKb3FnTWh6c0xDZHNWeGM5aGJlcm8wWF9ELTctZFdLOEdUcE83amI0VEFLYVo4dWE5UUpuOHk3dXNPUkJqcVNVX0oyQ0gwTVRxOGxKSVdLQlBnbTh6UkhaVVNDWG5iYVpuOWFxV1hsX2VUdWV3UG5LSHI?oc=5\" target=\"_blank\" rel=\"nofollow noopener\">Sport, Fotball | Ny rekord i romjula \u2013 n\u00e5 skal det avgj\u00f8res hvem som m\u00f8tes<\/a>&nbsp;&nbsp;Avisa Nordland<\/li>\n<li><a href=\"https:\/\/news.google.com\/rss\/articles\/CBMilwFBVV95cUxNZkRzV3RWZU9na2lTdUNJTWdpWlMwOWRjczNzbFJkSUJOMWxFd1YwSV9Eb0ZRaExqb3FTcGk4cGVBTWVpUFlRUzBBcXFwR2syU014YU5qVU13czQwUzU2MUs1MTVfTG1KUV84LWNQcTBtQ0FmWExLYmlWWUxYa1ZocXo3ckRjNFhySjAzOU1sU3JFM3VWTmxj?oc=5\" target=\"_blank\" rel=\"nofollow noopener\">Ullensvang, Odda | Klart for romjulscup: \u2013 Det er eit bra program<\/a>&nbsp;&nbsp;Hardanger Folkeblad<\/li>\n<li><a href=\"https:\/\/news.google.com\/rss\/articles\/CBMidEFVX3lxTE1EeEw1cGhyMEx3c0FHWjhma1BEX0kwaUg5WHlZcXpqdFRaVmgxRzFMMzlwMTNXRmxoZ3FlcWJoUVl0SG8yeW1UTkdTV0xxYTcxQnFqSU1fVXVFRFd4RFJqYkRjSk9yX0RLUkZaMUU4XzdwNWNf?oc=5\" target=\"_blank\" rel=\"nofollow noopener\">(+) S\u00e5 mye \u00f8ker de delta\u00adkeran\u00adtallet<\/a>&nbsp;&nbsp;ht.no<\/li>\n<li><a href=\"https:\/\/news.google.com\/rss\/articles\/CBMihwFBVV95cUxPQUJQeXR4S1kyNThoalJBR1pqcl9TRTlsLWktdFhhXzZ3QmxNSGhETnhVSk96UFZsSnl5NGd4R3hMVWtnUTdwck5HUUZHNlFpaW5DdUo4RXY5akY1R2ZibDlacEtrajBGNEVIVFgwb3RfNUdXR0JUVXNxWklxYWVnLTdNRnRDZkE?oc=5\" target=\"_blank\" rel=\"nofollow noopener\">Rekordmange lag \u2013 se hvilke stjerner som kommer<\/a>&nbsp;&nbsp;rbnett.no<\/li>\n<li><a href=\"https:\/\/news.google.com\/rss\/articles\/CBMia0FVX3lxTFBXM3p6YmVkTmhPaFdJTVBYczI3amtkbThaTF9NM0ZCSWExVnpaN09OZHo3Vldnb3VzMy1DT1NtdnNSd095WXNDR2s4QWU1cS1YUG5Yb1JYNDlYV2xPLTJ0ZV8weDZydnJDV3ZB?oc=5\" target=\"_blank\" rel=\"nofollow noopener\">(+) N\u00e6rmer seg rekord: Jenter og ungdom gir vekst<\/a>&nbsp;&nbsp;ht.no<\/li>\n<\/ol>\n","protected":false},"excerpt":{"rendered":"Sport, Fotball | Ny rekord i romjula \u2013 n\u00e5 skal det avgj\u00f8res hvem som m\u00f8tes&nbsp;&nbsp;Avisa Nordland Ullensvang, Odda&hellip;\n","protected":false},"author":2,"featured_media":117142,"comment_status":"","ping_status":"","sticky":false,"template":"","format":"standard","meta":{"footnotes":""},"categories":[59],"tags":[30,28,29,83,82],"class_list":{"0":"post-117141","1":"post","2":"type-post","3":"status-publish","4":"format-standard","5":"has-post-thumbnail","7":"category-sport","8":"tag-no","9":"tag-norge","10":"tag-norway","11":"tag-sport","12":"tag-sports"},"share_on_mastodon":{"url":"https:\/\/pubeurope.com\/@no\/115744989902718118","error":""},"_links":{"self":[{"href":"https:\/\/www.europesays.com\/no\/wp-json\/wp\/v2\/posts\/117141","targetHints":{"allow":["GET"]}}],"collection":[{"href":"https:\/\/www.europesays.com\/no\/wp-json\/wp\/v2\/posts"}],"about":[{"href":"https:\/\/www.europesays.com\/no\/wp-json\/wp\/v2\/types\/post"}],"author":[{"embeddable":true,"href":"https:\/\/www.europesays.com\/no\/wp-json\/wp\/v2\/users\/2"}],"replies":[{"embeddable":true,"href":"https:\/\/www.europesays.com\/no\/wp-json\/wp\/v2\/comments?post=117141"}],"version-history":[{"count":0,"href":"https:\/\/www.europesays.com\/no\/wp-json\/wp\/v2\/posts\/117141\/revisions"}],"wp:featuredmedia":[{"embeddable":true,"href":"https:\/\/www.europesays.com\/no\/wp-json\/wp\/v2\/media\/117142"}],"wp:attachment":[{"href":"https:\/\/www.europesays.com\/no\/wp-json\/wp\/v2\/media?parent=117141"}],"wp:term":[{"taxonomy":"category","embeddable":true,"href":"https:\/\/www.europesays.com\/no\/wp-json\/wp\/v2\/categories?post=117141"},{"taxonomy":"post_tag","embeddable":true,"href":"https:\/\/www.europesays.com\/no\/wp-json\/wp\/v2\/tags?post=117141"}],"curies":[{"name":"wp","href":"https:\/\/api.w.org\/{rel}","templated":true}]}}