{"id":117157,"date":"2025-12-19T07:39:12","date_gmt":"2025-12-19T07:39:12","guid":{"rendered":"https:\/\/www.europesays.com\/no\/117157\/"},"modified":"2025-12-19T07:39:12","modified_gmt":"2025-12-19T07:39:12","slug":"renter-norges-bank-usikkerhet-om-utsiktene-men-ser-for-seg-rentekutt-neste-ar","status":"publish","type":"post","link":"https:\/\/www.europesays.com\/no\/117157\/","title":{"rendered":"Renter, Norges Bank | Usikkerhet om utsiktene, men ser for seg rentekutt neste \u00e5r"},"content":{"rendered":"\n<p>Sentralbanken holder som ventet styringsrenten uendret p\u00e5 4 prosent. Samtidig mener den at utsiktene framover er noe usikre.<\/p>\n<p><b> \u2013 Komiteens vurdering er at det fortsatt er behov for en innstrammende pengepolitikk. Prisveksten er fortsatt for h\u00f8y, skriver Norges Bank i en <a href=\"https:\/\/www.norges-bank.no\/aktuelt\/nyheter\/Pressemeldinger\/2025\/2025-12-18-rente\/\" rel=\"nofollow noopener\" target=\"_blank\">pressemelding<\/a>.<\/b><\/p>\n<p>\u2013 Ikke hastverk<\/p>\n<p>Banken ser for seg ett til to rentekutt neste \u00e5r, med et renteniv\u00e5 p\u00e5 litt over 3 prosent mot slutten av 2028. Den ansl\u00e5r ogs\u00e5 en prisvekst p\u00e5 n\u00e6r 2 prosent i 2028.<\/p>\n<p>Banken har satt ned styringsrenten to ganger i \u00e5r, fra 4,5 til 4 prosent.<\/p>\n<p>\u2013 Vi har ikke hastverk med \u00e5 sette renten ned. Renteutsiktene er lite endret siden forrige rapport. I anslagene v\u00e5re avtar den gjennomsnittlige boligl\u00e5nsrenten til i overkant av 4,5 prosent i 2028. Vi ser alts\u00e5 ikke for oss en stor nedgang i renten fremover, sier sentralbanksjef Ida Wolden Bache.<\/p>\n<p>Mer usikkerhet<\/p>\n<p>Likevel viser sentralbanken til at utsiktene er noe mer usikre enn tidligere. Dersom kronen svekker seg mer eller bedriftenes kostnader fortsetter \u00e5 \u00f8ke, s\u00e5 kan det bli behov for en h\u00f8yere rente. Det kommer fram i bankens pengepolitiske prognose som ble lagt fram torsdag.<\/p>\n<p>Den viser blant annet til mer uforutsigbare rammer for inflasjon og vekst b\u00e5de i utlandet og i Norge etter mer uro rundt internasjonalt samarbeid og handel.<\/p>\n<p>\u2013 Dersom \u00f8konomien utvikler seg annerledes enn vi n\u00e5 ser for oss, kan ogs\u00e5 renteutviklingen bli en annen enn prognosen indikerer, skriver banken.<\/p>\n<p>Ogs\u00e5 tidligere har Norges Bank ansl\u00e5tt ett rentekutt i \u00e5ret de neste par \u00e5rene.<\/p>\n<p>Tror p\u00e5 kutt i mars<\/p>\n<p>Sjef\u00f8konom Kyrre Knudsen i Sparebank 1 S\u00f8r-Norge sier rentebeslutningen er akkurat som ventet.<\/p>\n<p>\u2013 Selv om renten n\u00e5 holdes uendret, s\u00e5 har Norges Bank noen gladnyheter for alle med boligl\u00e5n: Det blir ett til to rentekutt neste \u00e5r. De tror jeg kommer i juni og i desember 2026. Det kan ogs\u00e5 etter hvert bli en brukbar sjans for rentekutt allerede i mars, sier han.<\/p>\n<p>Sjef\u00f8konom \u00d8ystein D\u00f8rum i NHO sier et rentekutt hadde v\u00e6rt en hyggelig julegave til b\u00e5de folk og bedrifter, men at for raske kutt hadde signalisert en svak norsk \u00f8konomi. Han viser ogs\u00e5 til at kun Norge og England n\u00e5 har styringsrente p\u00e5 4-tallet i Europa, og at Bank of England trolig senere i dag kutter renta.<\/p>\n<p>\u2013 Dessuten overfokuseres det p\u00e5 renten. At prisveksten har kommet ned, har gitt folk mye mer \u00e5 rutte med. P\u00e5 to \u00e5r har reall\u00f8nna steget med 4 prosent. Det betyr mye mer for ettersp\u00f8rselen enn en kvarting fra eller til p\u00e5 renten, sier D\u00f8rum.<\/p>\n","protected":false},"excerpt":{"rendered":"Sentralbanken holder som ventet styringsrenten uendret p\u00e5 4 prosent. Samtidig mener den at utsiktene framover er noe usikre.&hellip;\n","protected":false},"author":2,"featured_media":17804,"comment_status":"","ping_status":"","sticky":false,"template":"","format":"standard","meta":{"footnotes":""},"categories":[56],"tags":[36,60,61,62,30,28,241,29,572,1020,1510],"class_list":{"0":"post-117157","1":"post","2":"type-post","3":"status-publish","4":"format-standard","5":"has-post-thumbnail","7":"category-naeringsliv","8":"tag-art","9":"tag-business","10":"tag-economy","11":"tag-naeringsliv","12":"tag-no","13":"tag-norge","14":"tag-norges-bank","15":"tag-norway","16":"tag-okonomi","17":"tag-renter","18":"tag-story"},"share_on_mastodon":{"url":"https:\/\/pubeurope.com\/@no\/115745099786031091","error":""},"_links":{"self":[{"href":"https:\/\/www.europesays.com\/no\/wp-json\/wp\/v2\/posts\/117157","targetHints":{"allow":["GET"]}}],"collection":[{"href":"https:\/\/www.europesays.com\/no\/wp-json\/wp\/v2\/posts"}],"about":[{"href":"https:\/\/www.europesays.com\/no\/wp-json\/wp\/v2\/types\/post"}],"author":[{"embeddable":true,"href":"https:\/\/www.europesays.com\/no\/wp-json\/wp\/v2\/users\/2"}],"replies":[{"embeddable":true,"href":"https:\/\/www.europesays.com\/no\/wp-json\/wp\/v2\/comments?post=117157"}],"version-history":[{"count":0,"href":"https:\/\/www.europesays.com\/no\/wp-json\/wp\/v2\/posts\/117157\/revisions"}],"wp:featuredmedia":[{"embeddable":true,"href":"https:\/\/www.europesays.com\/no\/wp-json\/wp\/v2\/media\/17804"}],"wp:attachment":[{"href":"https:\/\/www.europesays.com\/no\/wp-json\/wp\/v2\/media?parent=117157"}],"wp:term":[{"taxonomy":"category","embeddable":true,"href":"https:\/\/www.europesays.com\/no\/wp-json\/wp\/v2\/categories?post=117157"},{"taxonomy":"post_tag","embeddable":true,"href":"https:\/\/www.europesays.com\/no\/wp-json\/wp\/v2\/tags?post=117157"}],"curies":[{"name":"wp","href":"https:\/\/api.w.org\/{rel}","templated":true}]}}