{"id":117158,"date":"2025-12-19T07:41:20","date_gmt":"2025-12-19T07:41:20","guid":{"rendered":"https:\/\/www.europesays.com\/no\/117158\/"},"modified":"2025-12-19T07:41:20","modified_gmt":"2025-12-19T07:41:20","slug":"ultraprosessert-mat-har-vi-glemt-det-storste-problemet-forskning-no","status":"publish","type":"post","link":"https:\/\/www.europesays.com\/no\/117158\/","title":{"rendered":"Ultraprosessert mat: Har vi glemt det st\u00f8rste problemet? &#8211; Forskning.no"},"content":{"rendered":"<ol>\n<li><a href=\"https:\/\/news.google.com\/rss\/articles\/CBMipwFBVV95cUxPMlRHN3ZkZWN2VHNDNHdCcHZQYm9KYnhXQ0pOTGFlbjg1ZW5JUk5VeU82OWdUMER5UzdtMGdEeVY4VEpnTThhMl9QNTRjR3hrR3hUeDhjN09Dek9KTTVRenZ1RjljamQzV29FeFp3QkRfQ3dPS1NsSFFtZXJ5cC1EejNGQkZoVjhPeF9zU1hoenFHWlFZa3JMNUtjSjI4cG5ac25MQ2VuWQ?oc=5\" target=\"_blank\" rel=\"nofollow noopener\">Ultraprosessert mat: Har vi glemt det st\u00f8rste problemet?<\/a>&nbsp;&nbsp;Forskning.no<\/li>\n<li><a href=\"https:\/\/news.google.com\/rss\/articles\/CBMipAFBVV95cUxOeDBzcU5aaHlRbmFLdjBEczEwVWhDT0dGTTBWVUwtczVsNVQ5ZHIxU05wSzVwQ3I1Rml0bWxNZU5DZko3M05tY1FMT2NrbG9pV2NQTEJTbjBlaWxhZGwzOXpGMzRtUWI2OE5qNm5ob0lXeUExSnlLblE0TVZMQ2JOemZsNmpBSVlacldDOHpUaEhOSWpVdlp4NzdmRHVBaUJVYkZrRQ?oc=5\" target=\"_blank\" rel=\"nofollow noopener\">Helsemyndigheter: \u00c5 merke ultraprosessert mat vil \u00f8ke forvirringen<\/a>&nbsp;&nbsp;VG<\/li>\n<li><a href=\"https:\/\/news.google.com\/rss\/articles\/CBMioAFBVV95cUxOcy1HeVZmcDhaR1k2S3VoY0ZGRTZIVTBxa3QwZ0xvTzRaRGlTbVlfN29EbzBDSkdUSWk2ancxTU45b3pCOURZWXpqSkJ1MEJfb2dGam5OT0tpTHZuV0wyUGpzNkZrZll5NEdkaVVyYW10RXlpZUJZWEgwZHhfa3hYaURsVWVrUWxQV1QzNXZhYkhvcFhUY1V0UnRFendTOG9D?oc=5\" target=\"_blank\" rel=\"nofollow noopener\">Hvordan kan man vite om maten er ultraprosessert?<\/a>&nbsp;&nbsp;Aftenposten<\/li>\n<li><a href=\"https:\/\/news.google.com\/rss\/articles\/CBMi7wFBVV95cUxPcktsbkxkRnRpay1LQ3NBdEc4OXRZcGRqWnN6bmFNMU0tOUdLdEdNUHFXN202Z2ItRjdNS0d5Q29KMjlqX1JEMUl0VjdGclZ3c1lEWDVTaDU4OVpiR054Z3hYRk5VTERETjFYUmtEWG01VUdxcmF2eVdGRG4wRFhZVHN6OGM3WE42cS1Hd3UyaXJwb2VxOGhrMUwtRjFBRDBvdk12Q1JaTFhLSGFTRFJXamNNVFllUDZfcDQyQ1VaV0IweUMyaW13akIxMnRlcWJGR1htWnlVUWduakJJT2gxbUd6LXlyT2JNRTNoNWlxSQ?oc=5\" target=\"_blank\" rel=\"nofollow noopener\">Tarmfloraen kan gi oss ny kunnskap om ultraprosessert mat<\/a>&nbsp;&nbsp;Gemini.no<\/li>\n<li><a href=\"https:\/\/news.google.com\/rss\/articles\/CBMi5wFBVV95cUxPYmZ3QmhnUEcwWi1RUEo1a3VvMTJUbDFlRW1aT3pROVVaeHBxT0FxVEhQdnl5Vml5alBCYXdhdWczOURsSWJiMERJZS1oSVZqeTNNbUtiYzhJOXZtOE96aFZoU2oxaTBMaGRvT0lCRWdPMFNISWU5amVGNFNRNlRHalBWNllKNUJ5azY0bktPejdqRDZ3Y0V0d2pBXzJ5TllaSlUxVVRNNVBrdkpfbElCQTBlRWNTSENlTzlqcmtVeGplSDZYY0tnaThHUlJINlM2YkdqbjZjcjZDQ2EwRHBlZmFpaE1GX0U?oc=5\" target=\"_blank\" rel=\"nofollow noopener\">Forskningen p\u00e5 denne maten slo ned som en bombe: N\u00e5 saks\u00f8kes produsentene<\/a>&nbsp;&nbsp;Nettavisen<\/li>\n<\/ol>\n","protected":false},"excerpt":{"rendered":"Ultraprosessert mat: Har vi glemt det st\u00f8rste problemet?&nbsp;&nbsp;Forskning.no Helsemyndigheter: \u00c5 merke ultraprosessert mat vil \u00f8ke forvirringen&nbsp;&nbsp;VG Hvordan kan&hellip;\n","protected":false},"author":2,"featured_media":117159,"comment_status":"","ping_status":"","sticky":false,"template":"","format":"standard","meta":{"footnotes":""},"categories":[10],"tags":[20,21,24,25,15,22,23,13,30,28,29,14,16,26,27],"class_list":{"0":"post-117158","1":"post","2":"type-post","3":"status-publish","4":"format-standard","5":"has-post-thumbnail","7":"category-norge","8":"tag-breaking-news","9":"tag-breakingnews","10":"tag-featured-news","11":"tag-featurednews","12":"tag-headlines","13":"tag-latest-news","14":"tag-latestnews","15":"tag-news","16":"tag-no","17":"tag-norge","18":"tag-norway","19":"tag-nyheter","20":"tag-overskrifter","21":"tag-top-stories","22":"tag-topstories"},"share_on_mastodon":{"url":"https:\/\/pubeurope.com\/@no\/115745107693736688","error":""},"_links":{"self":[{"href":"https:\/\/www.europesays.com\/no\/wp-json\/wp\/v2\/posts\/117158","targetHints":{"allow":["GET"]}}],"collection":[{"href":"https:\/\/www.europesays.com\/no\/wp-json\/wp\/v2\/posts"}],"about":[{"href":"https:\/\/www.europesays.com\/no\/wp-json\/wp\/v2\/types\/post"}],"author":[{"embeddable":true,"href":"https:\/\/www.europesays.com\/no\/wp-json\/wp\/v2\/users\/2"}],"replies":[{"embeddable":true,"href":"https:\/\/www.europesays.com\/no\/wp-json\/wp\/v2\/comments?post=117158"}],"version-history":[{"count":0,"href":"https:\/\/www.europesays.com\/no\/wp-json\/wp\/v2\/posts\/117158\/revisions"}],"wp:featuredmedia":[{"embeddable":true,"href":"https:\/\/www.europesays.com\/no\/wp-json\/wp\/v2\/media\/117159"}],"wp:attachment":[{"href":"https:\/\/www.europesays.com\/no\/wp-json\/wp\/v2\/media?parent=117158"}],"wp:term":[{"taxonomy":"category","embeddable":true,"href":"https:\/\/www.europesays.com\/no\/wp-json\/wp\/v2\/categories?post=117158"},{"taxonomy":"post_tag","embeddable":true,"href":"https:\/\/www.europesays.com\/no\/wp-json\/wp\/v2\/tags?post=117158"}],"curies":[{"name":"wp","href":"https:\/\/api.w.org\/{rel}","templated":true}]}}