{"id":117176,"date":"2025-12-19T08:07:41","date_gmt":"2025-12-19T08:07:41","guid":{"rendered":"https:\/\/www.europesays.com\/no\/117176\/"},"modified":"2025-12-19T08:07:41","modified_gmt":"2025-12-19T08:07:41","slug":"vinneren-av-spillet-sesong-3-er-magnus-helle","status":"publish","type":"post","link":"https:\/\/www.europesays.com\/no\/117176\/","title":{"rendered":"Vinneren av Spillet sesong 3 er Magnus Helle"},"content":{"rendered":"<p>Den tredje sesongen av \u00abSpillet\u00bb ble rundet av denne uken. Episoden<br \/>\nstarter med at \u00e9n av de fem gjenv\u00e6rende deltakerne skal elimineres. Dette f\u00e5r<br \/>\nde beskjed om etter at de har lagt seg.<\/p>\n<p>Det er fem tr\u00f8tte og forvirrede deltakere som m\u00e5 ta et valg,<br \/>\nog den som m\u00e5 reise hjem, er Eren Gj\u00e6gtvik. De gjenv\u00e6rende deltakerne er da Einar<br \/>\n\u00d8grey Brandsdal, Tove Beate Hasselquist Evensen, Emma Aldal S\u00e6tre og Magnus<br \/>\nHelle. Under den siste konkurransen blir Tove eliminert, og s\u00e5 skal resten av<br \/>\ndeltakerne stemme p\u00e5 de tre finalistene.<\/p>\n<p>        <img loading=\"lazy\" decoding=\"async\" src=\"https:\/\/www.europesays.com\/no\/wp-content\/uploads\/2025\/12\/83998538.webp\" width=\"667\" height=\"454\" title=\"GODE VENNER: Einar og Magnus. Foto: Pia Br\u00e5then\" alt=\"\" class=\"\" style=\"--aspect-ratio-image: 1.47; \"\/><\/p>\n<p>\n        GODE VENNER: Einar og Magnus. Foto: Pia Br\u00e5then\n    <\/p>\n<p>Vinneren av Spillet sesong tre, er Magnus. 30-\u00e5ringen sto igjen<br \/>\nmed en pengesum p\u00e5 740.000 kroner.<\/p>\n<p class=\"font-weight-bold m-font-weight-bold\" data-lab-font_weight=\"font-weight-bold\">&#8211; Det er helt vilt. \u00c5 v\u00e6re med p\u00e5 hele greia var sykt, og<br \/>\nsluttresultatet er enda mer surrealistisk egentlig, sier Magnus til KK.<\/p>\n<p>    <a itemprop=\"url\" href=\"https:\/\/www.kk.no\/underholdning\/jeg-er-55-ar-og-har-aldri-vaert-sterkere\/83966271\" rel=\"nofollow noopener\" target=\"_blank\"><\/p>\n<p>        <img loading=\"lazy\" decoding=\"async\" src=\"https:\/\/www.europesays.com\/no\/wp-content\/uploads\/2025\/12\/83966531.webp\" width=\"980\" height=\"441\" title=\"- Jeg er 55 \u00e5r og har aldri v\u00e6rt sterkere\" alt=\"\" class=\"lazyload\" style=\"--aspect-ratio-image: 2.22; \"\/><\/p>\n<p>        &#8211; Jeg er 55 \u00e5r og har aldri v\u00e6rt sterkere<\/p>\n<p>    <\/a><\/p>\n<p>En god plan\t<\/p>\n<p>F\u00f8r Magnus gikk inn i spillhuset hadde han en overordnet plan:<br \/>\nHan skulle pr\u00f8ve \u00e5 ikke markere seg noe s\u00e6rlig i starten, og ikke stikke seg<br \/>\nut. Han \u00f8nsket \u00e5 v\u00e6re en del av en allianse, og samtidig finne en person i den<br \/>\nandre alliansen som kunne fungere som en slags muldvarp.<\/p>\n<p>&#8211; Allerede dag to tok jeg Binyamin til side. Han var i den<br \/>\nandre alliansen. Vi inngikk en avtale om at vi skulle si ifra til hverandre om den<br \/>\nandres navn ble nevnt. Det viste seg \u00e5 v\u00e6re en veldig god plan, for da visste<br \/>\njeg nesten hele veien at jeg ikke var i fare, og jeg trengte ikke \u00e5 jobbe s\u00e5<br \/>\nhardt hver dag. Det var vinn-vinn for oss begge.<\/p>\n<p>Magnus hadde ogs\u00e5 en plan om \u00e5 fortelle de andre deltakerne<br \/>\nat han jobbet som barnehagel\u00e6rer, istedenfor \u00e5 r\u00f8pe at han var<br \/>\nsportsjournalist. Men den planen r\u00f8k da han s\u00e5 Eren, som er brytetrener. <\/p>\n<p>&#8211; Eren kjenner en del sportsjournalister. Sjansen for at han<br \/>\nskulle vite hvem jeg var, var minimal, men jeg turte ikke \u00e5 ta sjansen. Derfor endret<br \/>\njeg min opprinnelige plan, og sa til de andre deltakerne at jeg var sportsjournalist,<br \/>\nmen at jeg skulle flytte tilbake til Vinje og jobbe som barnehagel\u00e6rer, ler<br \/>\nhan.<\/p>\n<p class=\"italic m-italic\" data-lab-italic=\"italic\">&#8211; Hva var mest utfordrende under innspillingen?<\/p>\n<p>&#8211; Det m\u00e5 v\u00e6re at man aldri f\u00e5r et avbrekk. Hodet m\u00e5 alltid<br \/>\nv\u00e6re p\u00e5skrudd. Det er ogs\u00e5 undervurdert hvor avhengig man er av skjerm og<br \/>\nunderholdning. \u00c5 v\u00e6re rundt folk hele tiden, eller kun sitte med egne tanker,<br \/>\nvar slitsomt til tider, forklarer han.<\/p>\n<p>        <img loading=\"lazy\" decoding=\"async\" src=\"https:\/\/www.europesays.com\/no\/wp-content\/uploads\/2025\/12\/83997873.webp\" width=\"980\" height=\"559\" title=\"FINALISTER: Tove. Emma, Magnus og Einar var de siste fire deltakerne som sto igjen. Foto: Pia Br\u00e5then\" alt=\"\" class=\"\" style=\"--aspect-ratio-image: 1.75; \"\/><\/p>\n<p>\n        FINALISTER: Tove. Emma, Magnus og Einar var de siste fire deltakerne som sto igjen. Foto: Pia Br\u00e5then\n    <\/p>\n<p>    <a itemprop=\"url\" href=\"https:\/\/www.kk.no\/livet\/simen-om-de-to-diagnosene\/83751152\" rel=\"nofollow noopener\" target=\"_blank\"><\/p>\n<p>        <img loading=\"lazy\" decoding=\"async\" src=\"https:\/\/www.europesays.com\/no\/wp-content\/uploads\/2025\/12\/1766131655_296_83751186.webp\" width=\"980\" height=\"441\" title=\"Simen om de to diagnosene\" alt=\"\" class=\"lazyload\" style=\"--aspect-ratio-image: 2.22; \"\/><\/p>\n<p>        Simen om de to diagnosene<\/p>\n<p>    <\/a><\/p>\n<p>Var utslitt<\/p>\n<p>Da Magnus fikk vite at de andre deltakerne skulle stemme p\u00e5<br \/>\nhvem de IKKE \u00f8nsket skulle vinne, var han sikker p\u00e5 at det var Emma som kom til<br \/>\n\u00e5 st\u00e5 igjen som vinner. <\/p>\n<p class=\"font-weight-bold m-font-weight-bold\" data-lab-font_weight=\"font-weight-bold\">&#8211; Jeg var s\u00e5 sliten p\u00e5 det tidspunktet, og hadde ikke igjen<br \/>\nnoe kamp\u00e5nd. Jeg hadde egentlig gitt opp. Det f\u00f8ltes som at jeg var p\u00e5 slutten<br \/>\nav et maraton, hvor jeg ikke lenger klarte \u00e5 l\u00f8pe, men krabbe, ler han.<\/p>\n<p>Magnus husker at han gikk opp trappen, og der sto Binyamin<br \/>\nog lurte p\u00e5 hva som skjedde med han. Om han hadde gitt opp. <\/p>\n<p>&#8211; Binyamin sa at jeg ikke kunne gi opp. Det var jo bare en<br \/>\nliten time igjen. S\u00e5 han klarte \u00e5 tenne en gnist i meg, som bidro til at jeg<br \/>\nklarte \u00e5 mobilisere litt til. Jeg er veldig takknemlig for han og noen av de<br \/>\nandre deltakerne som hjalp meg.<\/p>\n<p>        <img loading=\"lazy\" decoding=\"async\" src=\"https:\/\/www.europesays.com\/no\/wp-content\/uploads\/2025\/12\/83998526.webp\" width=\"667\" height=\"481\" title=\"Foto: Pia Br\u00e5then\" alt=\"\" class=\"\" style=\"--aspect-ratio-image: 1.39; \"\/><\/p>\n<p>\n        Foto: Pia Br\u00e5then\n    <\/p>\n<p>    <a itemprop=\"url\" href=\"https:\/\/www.kk.no\/underholdning\/dette-er-de-nye-spillet-deltakerne\/83959341\" rel=\"nofollow noopener\" target=\"_blank\"><\/p>\n<p>        <img loading=\"lazy\" decoding=\"async\" src=\"https:\/\/www.europesays.com\/no\/wp-content\/uploads\/2025\/12\/1766131656_971_83959438.webp\" width=\"147\" height=\"98\" title=\"Dette er de nye Spillet-deltakerne\" alt=\"\" class=\"lazyload\" style=\"--aspect-ratio-image: 1.50; \"\/><\/p>\n<p>        Dette er de nye Spillet-deltakerne<\/p>\n<p>    <\/a><\/p>\n<p>Var ikke over<\/p>\n<p>Det var en veldig r\u00f8rt Magnus som fikk vite at han var<br \/>\nvinneren av \u00abSpillet\u00bb. Men s\u00e5 viste det seg at spillet enn\u00e5 ikke var over: Han<br \/>\nm\u00e5tte nemlig ta sitt siste valg.<\/p>\n<p>Gjennom hele sesongen har deltakerne st\u00e5tt overfor \u00e5 velge \u00abjeg\u00bb<br \/>\neller \u00abvi\u00bb. Og slik var det n\u00e5 ogs\u00e5: Magnus sto i stemmerommet og skulle velge<br \/>\nmellom \u00e5 ta summen han hadde opparbeidet seg selv, 740.000 kroner, eller dele<br \/>\n\u00e9n million kroner likt p\u00e5 alle deltakerne. <\/p>\n<p>&#8211; Jeg visste innerst inne at det kom til \u00e5 dukke opp noe<br \/>\nmer, men jeg var s\u00e5 utslitt p\u00e5 det tidspunktet, at jeg helt hadde glemt at det<br \/>\nkunne komme. Jeg f\u00f8lte meg helt motl\u00f8s. <\/p>\n<p>For Magnus var det et vanskelig valg. Han sto og grublet en<br \/>\nstund, f\u00f8r han til slutt valgte \u00abjeg\u00bb, og dermed tok pengesummen selv. <\/p>\n<p>&#8211; Jeg regnet p\u00e5 hvor mye det ville bli p\u00e5 hver enkelt<br \/>\ndeltaker, og det var en grei sum, men ingen stor sum. Det ville v\u00e6rt en fin<br \/>\nsommerferie, liksom. <\/p>\n<p>    <a itemprop=\"url\" href=\"https:\/\/www.kk.no\/underholdning\/vant-forraeder-burde-ikke-vaert-lovlig\/83883709\" rel=\"nofollow noopener\" target=\"_blank\"><\/p>\n<p>        <img loading=\"lazy\" decoding=\"async\" src=\"https:\/\/www.europesays.com\/no\/wp-content\/uploads\/2025\/12\/1766131658_134_83883765.webp\" width=\"980\" height=\"441\" title=\"Vant Forr\u00e6der: - Burde ikke v\u00e6rt lovlig\" alt=\"\" class=\"lazyload\" style=\"--aspect-ratio-image: 2.22; \"\/><\/p>\n<p>        Vant Forr\u00e6der: &#8211; Burde ikke v\u00e6rt lovlig<\/p>\n<p>    <\/a><\/p>\n<p>R\u00f8rende<\/p>\n<p class=\"italic m-italic\" data-lab-italic=\"italic\">&#8211; Hvordan var det \u00e5 m\u00f8te de andre deltakerne etter du tok<br \/>\nvalget?<\/p>\n<p>&#8211; Jeg var s\u00e5 redd for at de skulle bli sinte p\u00e5 meg. Jeg<br \/>\ngruet meg ekstremt til \u00e5 avsl\u00f8re valget. Men s\u00e5 var de s\u00e5 forst\u00e5elsesfulle. Reaksjonen<br \/>\nderes var veldig r\u00f8rende, s\u00e5 det var en st\u00f8rre lettelse enn \u00e5 vinne. De unnet<br \/>\nmeg det virkelig, og var glade p\u00e5 mine vegne. S\u00e5 i ettertid er jeg veldig glad<br \/>\nfor valget jeg tok, selv om det der og da var vanskelig. <\/p>\n<p class=\"italic m-italic\" data-lab-italic=\"italic\">&#8211; Hva skal du bruke pengene p\u00e5?<\/p>\n<p>&#8211; En del g\u00e5r tilbake til staten, ler han, og legger til:<\/p>\n<p>&#8211; Jeg skal dele en god slump av pengene med Emma, da vi<br \/>\nhadde en avtale p\u00e5 forh\u00e5nd om at vi skulle gj\u00f8re det dersom \u00e9n av oss vant \u2013<br \/>\nslik at ingen m\u00e5tte reise tomhendt hjem. Og s\u00e5 har jeg veldig lyst til \u00e5 se<br \/>\nNorge i VM, men det er s\u00e5 dyrt, s\u00e5 da blir vel alle pengene borte. <\/p>\n<p>        <img loading=\"lazy\" decoding=\"async\" src=\"https:\/\/www.europesays.com\/no\/wp-content\/uploads\/2025\/12\/83998534.webp\" width=\"667\" height=\"1028\" title=\"Foto: Pia Br\u00e5then\" alt=\"\" class=\"\" style=\"--aspect-ratio-image: 0.65; \"\/><\/p>\n<p>\n        Foto: Pia Br\u00e5then\n    <\/p>\n<p>    <a itemprop=\"url\" href=\"https:\/\/www.kk.no\/underholdning\/det-star-det-respekt-av\/83977965\" rel=\"nofollow noopener\" target=\"_blank\"><\/p>\n<p>        <img loading=\"lazy\" decoding=\"async\" src=\"https:\/\/www.europesays.com\/no\/wp-content\/uploads\/2025\/12\/83978101.webp\" width=\"980\" height=\"441\" title=\"- Det st\u00e5r det respekt av\" alt=\"\" class=\"lazyload\" style=\"--aspect-ratio-image: 2.22; \"\/><\/p>\n<p>        &#8211; Det st\u00e5r det respekt av <\/p>\n<p>    <\/a><\/p>\n<p>Byttet jobb<\/p>\n<p>I dag jobber Magnus som hverken sportsjournalist eller<br \/>\nbarnehagel\u00e6rer \u2013 han har nemlig f\u00e5tt jobb av Spillet-meddeltaker Einar, som er gr\u00fcnder<br \/>\nbak suksessfulle nettbutikker som blant annet \u00abBliVakker.no\u00bb. Magnus har blitt<br \/>\nansatt som influenser- og markedsstrateg i Brandsdal Group AS.<\/p>\n<p>&#8211; Vi ringtes en del etter innspilling, og etter en uke eller<br \/>\nto sa Einar at han hadde lyst til at jeg skulle jobbe med han. Han visste bare<br \/>\nikke hva jeg skulle gj\u00f8re p\u00e5 dav\u00e6rende tidspunkt, ler Magnus, og fortsetter:<\/p>\n<p>&#8211; Jeg var klar for en ny utfordring, og tenkte at det h\u00f8rtes<br \/>\ninteressant ut, og s\u00e5 fant vi etter hvert en stilling som kunne passe bra til meg.<br \/>\nP\u00e5 papiret er jeg ikke n\u00f8dvendigvis s\u00e5 bra egnet til jobben, men Einar har nok<br \/>\nsett andre kvaliteter i meg som passer godt. <\/p>\n<p>Det er n\u00e5 noen m\u00e5neder siden Magnus startet i sin nye jobb.<\/p>\n<p>&#8211; Det er veldig artig. Noe helt annet enn jeg er vant til,<br \/>\nog mye \u00e5 sette seg inn i. Det har v\u00e6rt som en veldig lang f\u00f8rste skoledag, men<br \/>\njeg var veldig klar for en ny utfordring.<\/p>\n","protected":false},"excerpt":{"rendered":"Den tredje sesongen av \u00abSpillet\u00bb ble rundet av denne uken. Episoden starter med at \u00e9n av de fem&hellip;\n","protected":false},"author":2,"featured_media":117177,"comment_status":"","ping_status":"","sticky":false,"template":"","format":"standard","meta":{"footnotes":""},"categories":[10],"tags":[20,21,24,25,15,22,23,14017,13,30,28,29,14,16,2398,26,27,72],"class_list":{"0":"post-117176","1":"post","2":"type-post","3":"status-publish","4":"format-standard","5":"has-post-thumbnail","7":"category-norge","8":"tag-breaking-news","9":"tag-breakingnews","10":"tag-featured-news","11":"tag-featurednews","12":"tag-headlines","13":"tag-latest-news","14":"tag-latestnews","15":"tag-magnus-helle","16":"tag-news","17":"tag-no","18":"tag-norge","19":"tag-norway","20":"tag-nyheter","21":"tag-overskrifter","22":"tag-spillet","23":"tag-top-stories","24":"tag-topstories","25":"tag-underholdning"},"share_on_mastodon":{"url":"https:\/\/pubeurope.com\/@no\/115745210416094638","error":""},"_links":{"self":[{"href":"https:\/\/www.europesays.com\/no\/wp-json\/wp\/v2\/posts\/117176","targetHints":{"allow":["GET"]}}],"collection":[{"href":"https:\/\/www.europesays.com\/no\/wp-json\/wp\/v2\/posts"}],"about":[{"href":"https:\/\/www.europesays.com\/no\/wp-json\/wp\/v2\/types\/post"}],"author":[{"embeddable":true,"href":"https:\/\/www.europesays.com\/no\/wp-json\/wp\/v2\/users\/2"}],"replies":[{"embeddable":true,"href":"https:\/\/www.europesays.com\/no\/wp-json\/wp\/v2\/comments?post=117176"}],"version-history":[{"count":0,"href":"https:\/\/www.europesays.com\/no\/wp-json\/wp\/v2\/posts\/117176\/revisions"}],"wp:featuredmedia":[{"embeddable":true,"href":"https:\/\/www.europesays.com\/no\/wp-json\/wp\/v2\/media\/117177"}],"wp:attachment":[{"href":"https:\/\/www.europesays.com\/no\/wp-json\/wp\/v2\/media?parent=117176"}],"wp:term":[{"taxonomy":"category","embeddable":true,"href":"https:\/\/www.europesays.com\/no\/wp-json\/wp\/v2\/categories?post=117176"},{"taxonomy":"post_tag","embeddable":true,"href":"https:\/\/www.europesays.com\/no\/wp-json\/wp\/v2\/tags?post=117176"}],"curies":[{"name":"wp","href":"https:\/\/api.w.org\/{rel}","templated":true}]}}