{"id":117184,"date":"2025-12-19T08:20:11","date_gmt":"2025-12-19T08:20:11","guid":{"rendered":"https:\/\/www.europesays.com\/no\/117184\/"},"modified":"2025-12-19T08:20:11","modified_gmt":"2025-12-19T08:20:11","slug":"usa-sier-de-har-drept-fem-menn-i-luftangrep-mot-to-bater-i-stillehavet","status":"publish","type":"post","link":"https:\/\/www.europesays.com\/no\/117184\/","title":{"rendered":"USA sier de har drept fem menn i luftangrep mot to b\u00e5ter i Stillehavet"},"content":{"rendered":"\n<p class=\"_lead_o9xde_2 _lead_xtcu6_50 layout-component text-serif-m layout-normal text-serif-l layout-component layout-wide layout-padded _wide_17hqh_1 layout-padded\">Fem menn er drept i luftangrep mot to b\u00e5ter i den \u00f8stlige delen av Stillehavet, st\u00e5r det i en uttalelse fra USAs milit\u00e6re.<\/p>\n<p><img alt=\"Fem menn skal ha blitt drept under angrepet p\u00e5 de to b\u00e5tene. Foto: U.S. Southern Command\" class=\"_image_qp4xg_65 layout-component layout-wide\" data-fullscreen- data-track-element-type=\"Article image fullscreen\" data-track-name=\"ImageFullscreen\" fetchpriority=\"high\" decoding=\"sync\" loading=\"eager\" height=\"1374\" itemprop=\"image\"  src=\"https:\/\/www.europesays.com\/no\/wp-content\/uploads\/2025\/12\/8dc310d5-1fe6-4d0d-ab17-bef59b457697\"  style=\"object-position:0% 0%\" width=\"2555\"\/>Fem menn skal ha blitt drept under angrepet p\u00e5 de to b\u00e5tene. Foto: U.S. Southern Command<\/p>\n<ul aria-hidden=\"true\" class=\"_images_ntbth_112\">\n<li><a class=\"_link_ntbth_117\" href=\"https:\/\/www.vg.no\/forfatter\/ntb\" style=\"z-index:1\" title=\"NTB\" rel=\"nofollow noopener\" target=\"_blank\"><img alt=\"Bilde av NTB\" class=\"_image_ntbth_93\" fetchpriority=\"low\" loading=\"lazy\" decoding=\"async\" itemprop=\"image\"  src=\"https:\/\/www.europesays.com\/no\/wp-content\/uploads\/2025\/12\/1766132411_186_c33980b0-5d07-4027-84a1-813f90a7c8d6\"  width=\"480\"\/><\/a><\/li>\n<\/ul>\n<p> Oppdatert fredag 19. desember kl. 08:47     <\/p>\n<p class=\"_paragraph_o9xde_4 _paragraph_xtcu6_10 layout-component text-serif-m layout-normal text-serif-m layout-padded\">\u2013 Til sammen fem mannlige narkoterrorister ble drept i disse angrepene, tre i det f\u00f8rste fart\u00f8yet og to i det andre, st\u00e5r det i en uttalelse fra Southern Command (Southcom)\u00a0<a href=\"https:\/\/x.com\/Southcom\/status\/2001840669313135099\" class=\"_link_o9xde_39\" rel=\"nofollow\">p\u00e5 X<\/a>.<\/p>\n<p class=\"_paragraph_o9xde_4 _paragraph_xtcu6_10 layout-component text-serif-m layout-normal text-serif-m layout-padded\">Angrepet skjedde torsdag p\u00e5 ordre fra forsvarsminister <a href=\"https:\/\/www.vg.no\/tag\/pete-hegseth?utm_source=vg-article&amp;utm_medium=auto-tagger&amp;utm_campaign=0pnEl2\" class=\"_link_o9xde_39\" rel=\"nofollow noopener\" target=\"_blank\">Pete Hegseth<\/a>, if\u00f8lge uttalelsen, som ogs\u00e5 inneholder et videoklipp p\u00e5 30 sekunder.<\/p>\n<p class=\"_paragraph_o9xde_4 _paragraph_xtcu6_10 layout-component text-serif-m layout-normal text-serif-m layout-padded\">\u2013 Etterretningsopplysninger bekreftet at fart\u00f8yene fulgte en kjent narkosmuglerrute \u00f8st i Stillehavet og at de var involvert i narkosmuglingsaktiviteter, heter det.<\/p>\n<p class=\"_paragraph_o9xde_4 _paragraph_xtcu6_10 layout-component text-serif-m layout-normal text-serif-m layout-padded\">Samme formulering ble brukt av Southcom ett d\u00f8gn tidligere, da fire menn ble drept i et b\u00e5tangrep i samme del av havet.<\/p>\n<p class=\"_paragraph_o9xde_4 _paragraph_xtcu6_10 layout-component text-serif-m layout-normal text-serif-m layout-padded\">Ogs\u00e5 mandag ble b\u00e5ter angrepet i det \u00f8stlige Stillehavet. Da ble \u00e5tte menn drept i angrep mot to b\u00e5ter, opplyste Southcom tidligere i uken.<\/p>\n<p class=\"_paragraph_o9xde_4 _paragraph_xtcu6_10 layout-component text-serif-m layout-normal text-serif-m layout-padded\">Southcom har ansvar for USAs milit\u00e6raktiviteter i Latin-Amerika og Karibia.<\/p>\n<p class=\"_paragraph_o9xde_4 _paragraph_xtcu6_10 layout-component text-serif-m layout-normal text-serif-m layout-padded\">USA har de siste m\u00e5nedene gjennomf\u00f8rt en rekke angrep mot sm\u00e5b\u00e5ter som de mener smugler narkotika fra Latin-Amerika til USA \u2013 b\u00e5de via Karibia og langs den \u00f8stlige delen av Stillehavet.<\/p>\n<p class=\"_paragraph_o9xde_4 _paragraph_xtcu6_10 layout-component text-serif-m layout-normal text-serif-m layout-padded\">If\u00f8lge nyhetsbyr\u00e5et AFP er n\u00e5 minst 104 mennesker drept i angrep mot antatte narkob\u00e5ter siden september.<\/p>\n","protected":false},"excerpt":{"rendered":"Fem menn er drept i luftangrep mot to b\u00e5ter i den \u00f8stlige delen av Stillehavet, st\u00e5r det i&hellip;\n","protected":false},"author":2,"featured_media":117185,"comment_status":"","ping_status":"","sticky":false,"template":"","format":"standard","meta":{"footnotes":""},"categories":[5],"tags":[20,21,24,25,15,19,22,23,17,18,13,30,28,29,14,16,6506,26,27],"class_list":{"0":"post-117184","1":"post","2":"type-post","3":"status-publish","4":"format-standard","5":"has-post-thumbnail","7":"category-overskrifter","8":"tag-breaking-news","9":"tag-breakingnews","10":"tag-featured-news","11":"tag-featurednews","12":"tag-headlines","13":"tag-hovedoppslag","14":"tag-latest-news","15":"tag-latestnews","16":"tag-main-news","17":"tag-mainnews","18":"tag-news","19":"tag-no","20":"tag-norge","21":"tag-norway","22":"tag-nyheter","23":"tag-overskrifter","24":"tag-pete-hegseth","25":"tag-top-stories","26":"tag-topstories"},"share_on_mastodon":{"url":"https:\/\/pubeurope.com\/@no\/115745261554356983","error":""},"_links":{"self":[{"href":"https:\/\/www.europesays.com\/no\/wp-json\/wp\/v2\/posts\/117184","targetHints":{"allow":["GET"]}}],"collection":[{"href":"https:\/\/www.europesays.com\/no\/wp-json\/wp\/v2\/posts"}],"about":[{"href":"https:\/\/www.europesays.com\/no\/wp-json\/wp\/v2\/types\/post"}],"author":[{"embeddable":true,"href":"https:\/\/www.europesays.com\/no\/wp-json\/wp\/v2\/users\/2"}],"replies":[{"embeddable":true,"href":"https:\/\/www.europesays.com\/no\/wp-json\/wp\/v2\/comments?post=117184"}],"version-history":[{"count":0,"href":"https:\/\/www.europesays.com\/no\/wp-json\/wp\/v2\/posts\/117184\/revisions"}],"wp:featuredmedia":[{"embeddable":true,"href":"https:\/\/www.europesays.com\/no\/wp-json\/wp\/v2\/media\/117185"}],"wp:attachment":[{"href":"https:\/\/www.europesays.com\/no\/wp-json\/wp\/v2\/media?parent=117184"}],"wp:term":[{"taxonomy":"category","embeddable":true,"href":"https:\/\/www.europesays.com\/no\/wp-json\/wp\/v2\/categories?post=117184"},{"taxonomy":"post_tag","embeddable":true,"href":"https:\/\/www.europesays.com\/no\/wp-json\/wp\/v2\/tags?post=117184"}],"curies":[{"name":"wp","href":"https:\/\/api.w.org\/{rel}","templated":true}]}}