{"id":117190,"date":"2025-12-19T08:25:19","date_gmt":"2025-12-19T08:25:19","guid":{"rendered":"https:\/\/www.europesays.com\/no\/117190\/"},"modified":"2025-12-19T08:25:19","modified_gmt":"2025-12-19T08:25:19","slug":"forskere-slar-alarm-kan-fa-store-konsekvenser","status":"publish","type":"post","link":"https:\/\/www.europesays.com\/no\/117190\/","title":{"rendered":"Forskere sl\u00e5r alarm: &#8211; Kan f\u00e5 store konsekvenser"},"content":{"rendered":"<p>  Aldri f\u00f8r har Arktis v\u00e6rt varmere. N\u00e5 advarer forskere om at oppvarmingen skjer i et tempo vi aldri tidligere har sett.<\/p>\n<p>\n    NY REKORD: Temperaturene i Arktis er de h\u00f8yeste som er m\u00e5lt p\u00e5 125 \u00e5r.<br \/>\nFoto: Shutterstock \/ NTB\n  <\/p>\n<p>&#8211; Det urovekkende er at dette skjer i l\u00f8pet av f\u00e5 ti\u00e5r. Naturen og menneskene rekker ikke \u00e5 tilpasse seg de raske endringene.\u00a0<\/p>\n<p>Det sier permafrostekspert Kjetil Isaksen ved Meteorologisk institutt til Dagbladet.<\/p>\n<p> Bakgrunnen er nye tall som viser rekordh\u00f8y oppvarming i Arktis. <\/p>\n<p>&#8211; Oppsiktsvekkende\t<\/p>\n<p> Temperaturm\u00e5lingene i Arktis g\u00e5r 125 \u00e5r tilbake, og det siste \u00e5ret skiller seg ut som det varmeste i hele perioden, viser en fersk rapport fra det amerikanske meteorologiske byr\u00e5et <a href=\"https:\/\/arctic.noaa.gov\/report-card\/report-card-2025\/\" target=\"_blank\" rel=\"nofollow noopener\">NOAA<\/a>. <\/p>\n<p>Mellom oktober 2024 og september 2025, l\u00e5 temperaturen i Arktis 1,6 grader over snittet for perioden 1991 til 2020 &#8211; den h\u00f8yeste verdien som er registrert i dataserien.<\/p>\n<p> &#8211; Det er sv\u00e6rt alarmerende \u00e5 se en s\u00e5 rask\u00a0temperatur\u00f8kning\u00a0p\u00e5 s\u00e5 kort tid. Dette er oppsiktsvekkende i nyere tid, kanskje p\u00e5 tusenvis av \u00e5r, sier Tom Ballinger ved University of Alaska i rapporten, if\u00f8lge\u00a0<a href=\"https:\/\/www.aftonbladet.se\/nyheter\/a\/Ar2Ooq\/larmet-exempellost-varmerekord-i-arktis\" target=\"_blank\" rel=\"nofollow noopener\">Aftonbladet<\/a>.<\/p>\n<p>Rekordvarme i nord\t<\/p>\n<p>If\u00f8lge NOAA-rapporten, har Arktis hatt sin varmeste h\u00f8st noensinne, i tillegg til den nest varmeste vinteren og tredje varmeste sommeren siden 1900.<\/p>\n<p>&#8211; Det har v\u00e6rt en kraftig oppvarming i hele polaromr\u00e5det de siste ti \u00e5ra, s\u00e6rlig i omr\u00e5dene der sn\u00f8 og is forsvinner, sier\u00a0permafrostekspert Isaksen til Dagbladet.<\/p>\n<p>    <a itemprop=\"url\" href=\"https:\/\/www.dagbladet.no\/nyheter\/dramatisk-nedgang\/83484803\" rel=\"nofollow noopener\" target=\"_blank\"><\/p>\n<p>        <img loading=\"lazy\" decoding=\"async\" src=\"https:\/\/www.europesays.com\/no\/wp-content\/uploads\/2025\/12\/83487146.webp\" width=\"980\" height=\"441\" title=\"Dramatisk nedgang\" alt=\"\" class=\"lazyload\" style=\"--aspect-ratio-image: 2.22; \"\/><\/p>\n<p>        Dramatisk nedgang<\/p>\n<p>    <\/a><\/p>\n<p> Blant omr\u00e5dene som skiller seg mest ut, trekker han fram Svalbard og det nordlige Barentshavet. Han forteller videre at havet absorberer langt mer solenergi n\u00e5r sj\u00f8isen trekker seg tilbake &#8211; noe som forsterker oppvarmingen ytterligere.<\/p>\n<p>        GL\u00d8DER: Den russiske biologen Verna Emelianenko ble m\u00f8tt av et forbl\u00f8ffende syn i den arktiske vinternatta. Video: Facebook<\/p>\n<p>\u00abJordas kj\u00f8leskap\u00bb mister effekten\t<\/p>\n<p> Rapportens hovedforfatter, Matthew Druckenmiller ved National Snow and Ice Data Center i Colorado, omtaler Arktis som \u00abjordas kj\u00f8leskap\u00bb. <\/p>\n<p class=\"font-weight-bold m-font-weight-bold\" data-lab-font_weight=\"font-weight-bold\">&#8211; N\u00e5r Arktis tiner og varmes opp, p\u00e5virker det det globale klimaet, sier Druckenmiller i en uttalelse.\u00a0<\/p>\n<p>If\u00f8lge forskning publisert i\u00a0<a href=\"https:\/\/www.nature.com\/articles\/s43247-022-00498-3?utm_source=\" target=\"_blank\" rel=\"nofollow noopener\">Communications Earth &amp; Environment<\/a>, g\u00e5r oppvarmingen ved polene minst fire ganger raskere enn i resten av verden. I Barentshavet skjer det opptil sju ganger raskere enn det globale gjennomsnittet.<\/p>\n<p>        <img loading=\"lazy\" decoding=\"async\" src=\"https:\/\/www.europesays.com\/no\/wp-content\/uploads\/2025\/12\/83999867.webp\" width=\"980\" height=\"559\" title=\"SKJER RASKERE: Barentshavet er et av omr\u00e5dene hvor oppvarming skjer urovekkende raskt, if\u00f8lge nye rapporter. Oversiktsfoto: NASA\/NTB.\" alt=\"\" class=\"\" style=\"--aspect-ratio-image: 1.75; \"\/><\/p>\n<p>\n        SKJER RASKERE: Barentshavet er et av omr\u00e5dene hvor oppvarming skjer urovekkende raskt, if\u00f8lge nye rapporter. Oversiktsfoto: NASA\/NTB.\n    <\/p>\n<p>&#8211; Kan f\u00e5 store konskvenser\t<\/p>\n<p>N\u00e5r isen b\u00e5de krymper i utbredelse og blir tynnere, blir den ogs\u00e5 mer s\u00e5rbar for kraftig v\u00e6r.<\/p>\n<p>Forskere ved <a href=\"https:\/\/forskning.se\/2024\/12\/03\/risk-att-all-havsis-bryts-upp-i-arktis-fore-2030\/?utm_source=Ungapped&amp;utm_medium=email&amp;utm_campaign=20241204\" target=\"_blank\" rel=\"nofollow noopener\">G\u00f6teborgs universitet<\/a> har tidligere advart om at all havisen i Arktis kan bryte opp i l\u00f8pet av en kraftig sommerstorm &#8211; kanskje allerede innen 2027.\u00a0<\/p>\n<p class=\"font-weight-bold m-font-weight-bold\" data-lab-font_weight=\"font-weight-bold\">Det kan endre \u00f8kosystemet i nordomr\u00e5dene fundamentalt.<\/p>\n<p> &#8211; Havisens tykkelse er langt mindre enn f\u00f8r. N\u00e5r isen er tynnere, kan \u00e9n kraftig storm f\u00e5 langt st\u00f8rre konsekvenser enn tidligere, fordi den ikke lenger er like robust, sier Isaksen.<\/p>\n<p>    <a itemprop=\"url\" href=\"https:\/\/www.dagbladet.no\/nyheter\/kan-sla-rekord-fra-1971\/83970803\" rel=\"nofollow noopener\" target=\"_blank\"><\/p>\n<p>        <img loading=\"lazy\" decoding=\"async\" src=\"https:\/\/www.europesays.com\/no\/wp-content\/uploads\/2025\/12\/1766132715_320_83970952.webp\" width=\"980\" height=\"441\" title=\"Kan sl\u00e5 rekord fra 1971\" alt=\"\" class=\"lazyload\" style=\"--aspect-ratio-image: 2.22; \"\/><\/p>\n<p>        Kan sl\u00e5 rekord fra 1971<\/p>\n<p>    <\/a><\/p>\n<p>Bare i 2025 mistet Gr\u00f8nlandsisen 129 milliarder tonn is. Ogs\u00e5 isbreene i Alaska har krympet kraftig &#8211; i snitt rundt 38 meter siden 1950-tallet, if\u00f8lge amerikanske <a href=\"https:\/\/www.wgbh.org\/news\/2025-12-16\/orange-rivers-and-melting-glaciers-federal-report-shows-rapid-change-in-the-arctic\" target=\"_blank\" rel=\"nofollow noopener\">NPR<\/a>.<\/p>\n<p>&#8211; Sesongen blir kortere\t<\/p>\n<p>Det er ikke bare i Arktis at temperaturene herjer. Ogs\u00e5 her til lands settes det varmerekorder:<\/p>\n<p>Den siste tida har flere steder i Norge blant annet\u00a0<a href=\"https:\/\/www.dagbladet.no\/nyheter\/vaer-dyne-over-norge\/83989935\" rel=\"nofollow noopener\" target=\"_blank\">opplevd uvanlig milde desembertemperaturer<\/a>.<\/p>\n<p>        <img loading=\"lazy\" decoding=\"async\" src=\"https:\/\/www.europesays.com\/no\/wp-content\/uploads\/2025\/12\/83999354.webp\" width=\"667\" height=\"427\" title=\"STIGER KRAFTIG: Grafen viser utviklingen i \u00e5rlig overflatetemperatur i Arktis sammenlignet med globalt snitt. Arktis varmes opp betydelig raskere enn resten av verden. Foto: NOAA\" alt=\"\" class=\"\" style=\"--aspect-ratio-image: 1.56; \"\/><\/p>\n<p>\n        STIGER KRAFTIG: Grafen viser utviklingen i \u00e5rlig overflatetemperatur i Arktis sammenlignet med globalt snitt. Arktis varmes opp betydelig raskere enn resten av verden. Foto: NOAA\n    <\/p>\n<p>&#8211; Vi merker det p\u00e5 kroppen her i Oslo og p\u00e5 fastlandet. Vintersesongen blir kortere, og det tar lenger tid f\u00f8r sn\u00f8en legger seg, sier Isaksen.<\/p>\n<p>I S\u00f8r-Norge har temperaturen \u00f8kt med rundt 0,4 til 0,5 grader per ti\u00e5r, mens\u00a0utviklingen i nord\u00a0skjer tre til fem ganger raskere, kommenterer han.\u00a0<\/p>\n<p>    <a itemprop=\"url\" href=\"https:\/\/www.dagbladet.no\/nyheter\/advarer-ved-den-skumle-grensa\/83963299\" rel=\"nofollow noopener\" target=\"_blank\"><\/p>\n<p>        <img loading=\"lazy\" decoding=\"async\" src=\"https:\/\/www.europesays.com\/no\/wp-content\/uploads\/2025\/12\/1766132719_914_83964996.webp\" width=\"980\" height=\"441\" title=\"Advarer: Ved den \u00abskumle grensa\u00bb\" alt=\"\" class=\"lazyload\" style=\"--aspect-ratio-image: 2.22; \"\/><\/p>\n<p>        Advarer: Ved den \u00abskumle grensa\u00bb<\/p>\n<p>    <\/a><\/p>\n","protected":false},"excerpt":{"rendered":"Aldri f\u00f8r har Arktis v\u00e6rt varmere. N\u00e5 advarer forskere om at oppvarmingen skjer i et tempo vi aldri&hellip;\n","protected":false},"author":2,"featured_media":117191,"comment_status":"","ping_status":"","sticky":false,"template":"","format":"standard","meta":{"footnotes":""},"categories":[12],"tags":[12605,20,21,24,25,15,1514,22,23,2540,13,30,14124,28,29,14,16,4005,26,27,42,43,44,45],"class_list":{"0":"post-117190","1":"post","2":"type-post","3":"status-publish","4":"format-standard","5":"has-post-thumbnail","7":"category-verden","8":"tag-arktis","9":"tag-breaking-news","10":"tag-breakingnews","11":"tag-featured-news","12":"tag-featurednews","13":"tag-headlines","14":"tag-klima","15":"tag-latest-news","16":"tag-latestnews","17":"tag-miljo","18":"tag-news","19":"tag-no","20":"tag-nordpolen","21":"tag-norge","22":"tag-norway","23":"tag-nyheter","24":"tag-overskrifter","25":"tag-some","26":"tag-top-stories","27":"tag-topstories","28":"tag-verden","29":"tag-world","30":"tag-world-news","31":"tag-worldnews"},"share_on_mastodon":{"url":"https:\/\/pubeurope.com\/@no\/115745281182997461","error":""},"_links":{"self":[{"href":"https:\/\/www.europesays.com\/no\/wp-json\/wp\/v2\/posts\/117190","targetHints":{"allow":["GET"]}}],"collection":[{"href":"https:\/\/www.europesays.com\/no\/wp-json\/wp\/v2\/posts"}],"about":[{"href":"https:\/\/www.europesays.com\/no\/wp-json\/wp\/v2\/types\/post"}],"author":[{"embeddable":true,"href":"https:\/\/www.europesays.com\/no\/wp-json\/wp\/v2\/users\/2"}],"replies":[{"embeddable":true,"href":"https:\/\/www.europesays.com\/no\/wp-json\/wp\/v2\/comments?post=117190"}],"version-history":[{"count":0,"href":"https:\/\/www.europesays.com\/no\/wp-json\/wp\/v2\/posts\/117190\/revisions"}],"wp:featuredmedia":[{"embeddable":true,"href":"https:\/\/www.europesays.com\/no\/wp-json\/wp\/v2\/media\/117191"}],"wp:attachment":[{"href":"https:\/\/www.europesays.com\/no\/wp-json\/wp\/v2\/media?parent=117190"}],"wp:term":[{"taxonomy":"category","embeddable":true,"href":"https:\/\/www.europesays.com\/no\/wp-json\/wp\/v2\/categories?post=117190"},{"taxonomy":"post_tag","embeddable":true,"href":"https:\/\/www.europesays.com\/no\/wp-json\/wp\/v2\/tags?post=117190"}],"curies":[{"name":"wp","href":"https:\/\/api.w.org\/{rel}","templated":true}]}}