{"id":117208,"date":"2025-12-19T08:36:33","date_gmt":"2025-12-19T08:36:33","guid":{"rendered":"https:\/\/www.europesays.com\/no\/117208\/"},"modified":"2025-12-19T08:36:33","modified_gmt":"2025-12-19T08:36:33","slug":"hjem-til-jul-snekker-bo-jeg-er-opptatt","status":"publish","type":"post","link":"https:\/\/www.europesays.com\/no\/117208\/","title":{"rendered":"Hjem til jul-snekker Bo: &#8211; Jeg er opptatt"},"content":{"rendered":"<p class=\"kicker \" style=\"\">Hjem til jul:\u00a0<\/p>\n<p>  \u00abHjem til jul\u00bb-stjernen om alle frierbrevene.\u00a0<\/p>\n<p>\n    HJEM TIL JUL: Gard L\u00f8kke spiller snekker Bo i Hjem til jul. Foto: Courtesy of Netflix\/Hallgrim Haug.\n  <\/p>\n<p>Den tredje sesongen av \u00abHjem til jul\u00bb ruller og g\u00e5r p\u00e5 TV-skjermen. Serien har ikke bare gitt oss julestemning og tatt oss med inn i livet til Johanne, spilt av Ida Elise Broch \u2013 i \u00e5r er det nemlig flere nye karakterer som vekker interesse.<\/p>\n<p>Og det er s\u00e6rlig \u00e9n som har f\u00e5tt ekstra oppmerksomhet, nemlig snekkeren Bo, som n\u00e6rmest flyttet inn til Johanne for \u00e5 fikse kj\u00f8kkenet hennes f\u00f8r jul.<\/p>\n<p>        <img loading=\"lazy\" decoding=\"async\" src=\"https:\/\/www.europesays.com\/no\/wp-content\/uploads\/2025\/12\/84005772.webp\" width=\"980\" height=\"559\" title=\"HJEM TIL JUL. Foto: Courtesy of Netflix\/Hallgrim Haug.\" alt=\"\" class=\"\" style=\"--aspect-ratio-image: 1.75; \"\/><\/p>\n<p>\n        HJEM TIL JUL. Foto: Courtesy of Netflix\/Hallgrim Haug.\n    <\/p>\n<p>Det er 26 \u00e5r gamle Gard L\u00f8kke som spiller karakteren Bo i serien. Den siste uka har han og hans rolle som Bo dukket opp hvor enn vi ser, s\u00e6rlig p\u00e5 Instagram og TikTok. Det er ingen tvil om at det norske folk har \u00abfalt for karakteren\u00bb.\u00a0<\/p>\n<p>Til <a href=\"https:\/\/www.tv2.no\/underholdning\/hjem-til-jul-stjernen-om-alle-frierbrevene-jeg-er-opptatt\/18396434\/\" rel=\"nofollow noopener\" target=\"_blank\">TV 2<\/a> forteller L\u00f8kke at han har f\u00e5tt en \u00abuvanlig mengde respons\u00bb etter at serien hadde premiere 12. desember.<\/p>\n<p>\u00a0\u2013\u00a0Det er nesten litt overveldende. Det er utrolig mange hyggelige meldinger, sier han fra ferie i Thailand og legger til:<\/p>\n<p>\u2013 Det synes jeg er veldig koselig \u00e5 lese. Da f\u00f8ler jeg vi har gjort noe riktig. B\u00e5de moren min og jeg er veldig glad i karakteren, og vi er tydeligvis ikke alene om det.<\/p>\n<p>Videre bekrefter han at innboksen har g\u00e5tt varm ogs\u00e5 fra en rekke beundrere.<\/p>\n<p>\u2013 Ja, jeg har jo f\u00e5tt mye meldinger. Men jeg er opptatt, s\u00e5 jeg svarer ikke p\u00e5 det, for \u00e5 si det s\u00e5nn. Men det er veldig hyggelig, da.<\/p>\n<p>I et intervju til\u00a0<a href=\"https:\/\/www.vg.no\/rampelys\/i\/j0P87A\/hjem-til-jul-snekker-gard-loekke-kjempestas\" rel=\"nofollow noopener\" target=\"_blank\">VG<\/a>\u00a0forteller L\u00f8kke at han har verdens beste kj\u00e6reste, men han r\u00f8per ikke noen detaljer om hvem hun er.\u00a0<\/p>\n<p>&#8211; Jeg f\u00f8ler hun virkelig ser meg, og er t\u00e5lmodig og st\u00f8ttende i de tingene jeg \u00f8nsker \u00e5 gj\u00f8re i livet. Hun inspirerer meg b\u00e5de jobbrelatert og personlig, og vi liker hverandre akkurat som vi er &#8211; p\u00e5 d\u00e5rlige og gode dager, forteller han til VG.\u00a0<\/p>\n","protected":false},"excerpt":{"rendered":"Hjem til jul:\u00a0 \u00abHjem til jul\u00bb-stjernen om alle frierbrevene.\u00a0 HJEM TIL JUL: Gard L\u00f8kke spiller snekker Bo i&hellip;\n","protected":false},"author":2,"featured_media":117209,"comment_status":"","ping_status":"","sticky":false,"template":"","format":"standard","meta":{"footnotes":""},"categories":[58],"tags":[71,10169,30,28,29,72],"class_list":{"0":"post-117208","1":"post","2":"type-post","3":"status-publish","4":"format-standard","5":"has-post-thumbnail","7":"category-underholdning","8":"tag-entertainment","9":"tag-hjem-til-jul","10":"tag-no","11":"tag-norge","12":"tag-norway","13":"tag-underholdning"},"share_on_mastodon":{"url":"https:\/\/pubeurope.com\/@no\/115745324218922250","error":""},"_links":{"self":[{"href":"https:\/\/www.europesays.com\/no\/wp-json\/wp\/v2\/posts\/117208","targetHints":{"allow":["GET"]}}],"collection":[{"href":"https:\/\/www.europesays.com\/no\/wp-json\/wp\/v2\/posts"}],"about":[{"href":"https:\/\/www.europesays.com\/no\/wp-json\/wp\/v2\/types\/post"}],"author":[{"embeddable":true,"href":"https:\/\/www.europesays.com\/no\/wp-json\/wp\/v2\/users\/2"}],"replies":[{"embeddable":true,"href":"https:\/\/www.europesays.com\/no\/wp-json\/wp\/v2\/comments?post=117208"}],"version-history":[{"count":0,"href":"https:\/\/www.europesays.com\/no\/wp-json\/wp\/v2\/posts\/117208\/revisions"}],"wp:featuredmedia":[{"embeddable":true,"href":"https:\/\/www.europesays.com\/no\/wp-json\/wp\/v2\/media\/117209"}],"wp:attachment":[{"href":"https:\/\/www.europesays.com\/no\/wp-json\/wp\/v2\/media?parent=117208"}],"wp:term":[{"taxonomy":"category","embeddable":true,"href":"https:\/\/www.europesays.com\/no\/wp-json\/wp\/v2\/categories?post=117208"},{"taxonomy":"post_tag","embeddable":true,"href":"https:\/\/www.europesays.com\/no\/wp-json\/wp\/v2\/tags?post=117208"}],"curies":[{"name":"wp","href":"https:\/\/api.w.org\/{rel}","templated":true}]}}