{"id":117211,"date":"2025-12-19T08:39:12","date_gmt":"2025-12-19T08:39:12","guid":{"rendered":"https:\/\/www.europesays.com\/no\/117211\/"},"modified":"2025-12-19T08:39:12","modified_gmt":"2025-12-19T08:39:12","slug":"ribbe-pinnekjott-lutefisk-og-rakfisk","status":"publish","type":"post","link":"https:\/\/www.europesays.com\/no\/117211\/","title":{"rendered":"Ribbe, pinnekj\u00f8tt, lutefisk og rakfisk"},"content":{"rendered":"\n<p class=\"_prefix_nfjwc_1 layout-padded\">Ukens<br \/>vintips<\/p>\n<p class=\"_lead_o9xde_2 _lead_xtcu6_50 layout-component text-serif-m layout-normal text-serif-l _lead_1k67c_21 layout-component layout-normal layout-padded layout-padded\">Ute i siste liten? Frykt ikke \u2013 disse finner du p\u00e5 et pol n\u00e6r deg.<\/p>\n<p>VGs vinekspert. Utdannet vinkelner og har jobbet med vin hele mitt yrkesliv. Mer enn 20 \u00e5rs erfaring, blant annet fra Vinmonopolet, vinimport og restaurantbransjen. Har skrevet seks b\u00f8ker om mat &amp; vin, holder vinkurs og lager b\u00e5de TV, podcast og lydb\u00f8ker om vin.<\/p>\n<p><a href=\"https:\/\/www.vg.no\/forbruker\/i\/3pjlJd\/mailto:vinsara@vg.no\" class=\"_button_6bkpv_2 button-label-large _filled_6bkpv_106 _button_1xhag_75\" rel=\"nofollow noopener\" target=\"_blank\">E-post<\/a>Fredag 19. desember kl. 08:42     <\/p>\n<p class=\"_paragraph_o9xde_4 _paragraph_xtcu6_10 layout-component text-serif-m layout-normal text-serif-m layout-padded\">Plutselig er kvelden her. Selveste julaften. Hvis du (som meg) er en av dem som bestandig er ute i siste liten, kan du herved puste lettet ut. Jeg har nemlig skrevet handlelisten du trenger til jul. <\/p>\n<p class=\"_paragraph_o9xde_4 _paragraph_xtcu6_10 layout-component text-serif-m layout-normal text-serif-m layout-padded\">Seks forskjellige viner som dekker det meste julen m\u00e5tte by p\u00e5, enten det er rakfisk og riskrem, pinnekj\u00f8tt og pepperkaker, ribbe eller ryper. <\/p>\n<p><img alt=\"Foto: Helen Wesnes \/ VG\" class=\"_image_qp4xg_65 layout-component layout-normal\" data-fullscreen- data-track-element-type=\"Article image fullscreen\" data-track-name=\"ImageFullscreen\" decoding=\"async\" loading=\"lazy\" height=\"5637\" itemprop=\"image\"  src=\"https:\/\/www.europesays.com\/no\/wp-content\/uploads\/2025\/12\/9f36240d-3f41-4476-a1ef-89ced3f3c57d\"  style=\"object-position:0% 0%\" width=\"8455\"\/>Foto: Helen Wesnes \/ VG<\/p>\n<p class=\"_paragraph_o9xde_4 _paragraph_xtcu6_10 layout-component text-serif-m layout-normal text-serif-m layout-padded\">Jeg har ogs\u00e5 tatt med vin til juletorsk, lutefisk, peiskos og julesnop. Polet holder \u00e5pent noen f\u00e5 dager til \u2013 rolig, du rekker det.<\/p>\n<p class=\"_paragraph_o9xde_4 _paragraph_xtcu6_10 layout-component text-serif-m layout-normal text-serif-m layout-padded\"><strong class=\"_strong_o9xde_25\">PSST! Husk at du finner alle Saras anmeldte viner p\u00e5\u00a0<a href=\"https:\/\/www.vg.no\/vin\" class=\"_link_o9xde_39\" rel=\"nofollow noopener\" target=\"_blank\">vg.no\/vin<\/a>.<\/strong><\/p>\n","protected":false},"excerpt":{"rendered":"Ukensvintips Ute i siste liten? Frykt ikke \u2013 disse finner du p\u00e5 et pol n\u00e6r deg. VGs vinekspert.&hellip;\n","protected":false},"author":2,"featured_media":117212,"comment_status":"","ping_status":"","sticky":false,"template":"","format":"standard","meta":{"footnotes":""},"categories":[12],"tags":[20,21,24,25,15,22,23,13,30,28,29,14,16,592,26,27,42,591,590,43,44,45],"class_list":{"0":"post-117211","1":"post","2":"type-post","3":"status-publish","4":"format-standard","5":"has-post-thumbnail","7":"category-verden","8":"tag-breaking-news","9":"tag-breakingnews","10":"tag-featured-news","11":"tag-featurednews","12":"tag-headlines","13":"tag-latest-news","14":"tag-latestnews","15":"tag-news","16":"tag-no","17":"tag-norge","18":"tag-norway","19":"tag-nyheter","20":"tag-overskrifter","21":"tag-sara-doscher","22":"tag-top-stories","23":"tag-topstories","24":"tag-verden","25":"tag-vin","26":"tag-vintips","27":"tag-world","28":"tag-world-news","29":"tag-worldnews"},"share_on_mastodon":{"url":"https:\/\/pubeurope.com\/@no\/115745336064382152","error":""},"_links":{"self":[{"href":"https:\/\/www.europesays.com\/no\/wp-json\/wp\/v2\/posts\/117211","targetHints":{"allow":["GET"]}}],"collection":[{"href":"https:\/\/www.europesays.com\/no\/wp-json\/wp\/v2\/posts"}],"about":[{"href":"https:\/\/www.europesays.com\/no\/wp-json\/wp\/v2\/types\/post"}],"author":[{"embeddable":true,"href":"https:\/\/www.europesays.com\/no\/wp-json\/wp\/v2\/users\/2"}],"replies":[{"embeddable":true,"href":"https:\/\/www.europesays.com\/no\/wp-json\/wp\/v2\/comments?post=117211"}],"version-history":[{"count":0,"href":"https:\/\/www.europesays.com\/no\/wp-json\/wp\/v2\/posts\/117211\/revisions"}],"wp:featuredmedia":[{"embeddable":true,"href":"https:\/\/www.europesays.com\/no\/wp-json\/wp\/v2\/media\/117212"}],"wp:attachment":[{"href":"https:\/\/www.europesays.com\/no\/wp-json\/wp\/v2\/media?parent=117211"}],"wp:term":[{"taxonomy":"category","embeddable":true,"href":"https:\/\/www.europesays.com\/no\/wp-json\/wp\/v2\/categories?post=117211"},{"taxonomy":"post_tag","embeddable":true,"href":"https:\/\/www.europesays.com\/no\/wp-json\/wp\/v2\/tags?post=117211"}],"curies":[{"name":"wp","href":"https:\/\/api.w.org\/{rel}","templated":true}]}}