{"id":117213,"date":"2025-12-19T08:40:41","date_gmt":"2025-12-19T08:40:41","guid":{"rendered":"https:\/\/www.europesays.com\/no\/117213\/"},"modified":"2025-12-19T08:40:41","modified_gmt":"2025-12-19T08:40:41","slug":"politiet-mener-drapet-skyldes-avvisning-av-siktede","status":"publish","type":"post","link":"https:\/\/www.europesays.com\/no\/117213\/","title":{"rendered":"Politiet mener drapet skyldes avvisning av siktede"},"content":{"rendered":"<p>L\u00f8rdag kveld ble 35 \u00e5r gamle Marita L\u00f8fshus Haugen funnet drept i et skogholt i det lille tettstedet L\u00f8kken, en dr\u00f8y time utenfor Trondheim.<\/p>\n<p>Tidligere\u00a0<a href=\"https:\/\/www.dagbladet.no\/nyheter\/jorn-andersen-54-siktet-for-drap\/83985378\" rel=\"nofollow noopener\" target=\"_blank\">drapsd\u00f8mte J\u00f8rn Andersen<\/a>\u00a0(54) er p\u00e5grepet og siktet for drap, if\u00f8lge Dagbladets opplysninger. Han sitter varetektsfengslet med brev- og bes\u00f8ksforbud i fire uker.<\/p>\n<p>Politiet uttalte tidlig at Andersen og Haugen skal ha hatt et kortvarig kj\u00e6resteforhold, som nylig skal ha tatt slutt, og at de etterforsker dette som et mulig motiv.<\/p>\n<p>Dagbladet har imidlertid snakket med flere personer i omgangskretsen til de involverte, som avkrefter at de hadde hatt en kj\u00e6resterelasjon. Ogs\u00e5 Haugens etterlatte reagerer p\u00e5 politiets uttalelse om et kj\u00e6resteforhold.<\/p>\n<p>    <a itemprop=\"url\" href=\"https:\/\/www.dagbladet.no\/nyheter\/oppvaskmote-dager-for-drapet\/83988547\" rel=\"nofollow noopener\" target=\"_blank\"><\/p>\n<p>        <img loading=\"lazy\" decoding=\"async\" src=\"https:\/\/www.europesays.com\/no\/wp-content\/uploads\/2025\/12\/1766133634_584_83988625.webp\" width=\"980\" height=\"441\" title=\"Oppvaskm\u00f8te dager f\u00f8r drapet\" alt=\"\" class=\"lazyload\" style=\"--aspect-ratio-image: 2.22; \"\/><\/p>\n<p>        Oppvaskm\u00f8te dager f\u00f8r drapet<\/p>\n<p>    <\/a><\/p>\n<p>Kan ha reagert p\u00e5 avvisning\t<\/p>\n<p>Politiadvokat\u00a0Ole Andreas Aftret bekrefter til Dagbladet at politiet har lite konkret informasjon om foranledningen til drapet som f\u00f8lge av at siktede ikke vil la seg avh\u00f8re.\u00a0<\/p>\n<p>Men politiet har flere hypoteser:<\/p>\n<p class=\"font-weight-bold m-font-weight-bold\" data-lab-font_weight=\"font-weight-bold\">&#8211; Den sterkeste hypotesen per n\u00e5 er at det skyldes en avsluttet relasjon til forn\u00e6rmede &#8211; en avvisning &#8211; og at han reagerte sterkt p\u00e5 det. Det er i tr\u00e5d med modus som er utvist i\u00a0tidligere saker p\u00e5 den siktede, sier han.<\/p>\n<p>Siktede er domfelt for flere tilfeller av vold mot kvinner han har hatt et kj\u00e6rlighetsforhold til, i tillegg til drap p\u00e5 Linn Charlott Nesblom (16) i 1999.<\/p>\n<p>Mannens forsvarer, advokat Fredrik Sch\u00f8ne Brodwall, har ikke \u00f8nsket \u00e5 kommentere saken. Det er derfor ukjent hvordan Andersen stiller seg til siktelsen.<\/p>\n<p>        <img loading=\"lazy\" decoding=\"async\" src=\"https:\/\/www.europesays.com\/no\/wp-content\/uploads\/2025\/12\/1766133635_683_83988431.webp\" width=\"667\" height=\"481\" title=\"HOVEDHYPOTESE: Politiets hovedhypotese er at drapssiktede J\u00f8rn Andersen (54) reagerte sterkt p\u00e5 en avvisning fra Marita L\u00f8fshus Haugen (35), bekrefter politiadvokat Ole Andreas Aftret. Foto: Marte Nyl\u00f8kken Helseth \/ Dagbladet\" alt=\"\" class=\"\" style=\"--aspect-ratio-image: 1.39; \"\/><\/p>\n<p>\n        HOVEDHYPOTESE: Politiets hovedhypotese er at drapssiktede J\u00f8rn Andersen (54) reagerte sterkt p\u00e5 en avvisning fra Marita L\u00f8fshus Haugen (35), bekrefter politiadvokat Ole Andreas Aftret. Foto: Marte Nyl\u00f8kken Helseth \/ Dagbladet\n    <\/p>\n<p>Hadde oppvaskm\u00f8te\t<\/p>\n<p>Andersen og avd\u00f8de Haugen hadde begge tilknytning til Bj\u00f8rnlihiet Pub. Hun jobbet som bartender, mens han bodde i lokalene i andre etasje.<\/p>\n<p>Dagbladet f\u00e5r opplyst at det den siste tida skal ha v\u00e6rt en konflikt mellom dem &#8211; og at det bare fire dager f\u00f8r drapet ble avholdt et\u00a0<a href=\"https:\/\/www.dagbladet.no\/nyheter\/oppvaskmote-dager-for-drapet\/83988547\" rel=\"nofollow noopener\" target=\"_blank\">oppvaskm\u00f8te som f\u00f8lge av dette<\/a>.<\/p>\n<p>Hva som har foreg\u00e5tt i forkant av drapet, er et tema i etterforskningen.<\/p>\n<p>&#8211; Politiet ble ikke direkte kontaktet i den forbindelse forut for drapet, men det er tema i etterforskningen, sier Aftret.<\/p>\n<p data-lab-italic=\"italic\" class=\"italic m-italic\">&#8211; Hva er siste\u00a0livstegn?\u00a0<\/p>\n<p>&#8211; Vi har definert et siste livstegn &#8211; den siste sikre aktiviteten &#8211; men \u00f8nsker ikke \u00e5 g\u00e5 n\u00e6rmere inn p\u00e5 hva det er eller n\u00e5r det skjedde, av hensyn til etterforskningen. Vi har satt opp en tidslinje som gradvis blir mer utfylt etter hvert som vi f\u00e5r forklaringer og gjennomg\u00e5r beslag, sier han.<\/p>\n<p>Familien reagerer p\u00e5 politiet\t<\/p>\n<p>Haugens familie reagerer sterkt p\u00e5 politiets uttalelse om et kj\u00e6resteforhold mellom 35-\u00e5ringen og Andersen, if\u00f8lge familiens bistandsadvokat, Laila Afelad. I en uttalelse skriver hun f\u00f8lgende:<\/p>\n<p>\u00abDe etterlatte oppfatter politiets uttalelse om at Marita og den siktede skal ha hatt et kj\u00e6resteforhold som uheldig. At politiet uttaler seg om dette p\u00e5 et s\u00e5 tidlig tidspunkt i etterforskningen, uten at helt sentrale vitner da var avh\u00f8rt, fremst\u00e5r for dem som uforst\u00e5elig\u00bb.\u00a0<\/p>\n<p>        <img loading=\"lazy\" decoding=\"async\" itemprop=\"image\" src=\"https:\/\/www.europesays.com\/no\/wp-content\/uploads\/2025\/12\/84001552.webp\" width=\"180\" height=\"180\" alt=\"Laila Afelad\"\/><\/p>\n<p>            Laila Afelad<br \/>\n            Laila<br \/>\n            Afelad        <\/p>\n<p>Bistandadvokat for Marita L\u00f8fshus Haugens etterlatte<\/p>\n<p>Hun opplyser at Haugens foreldre har avgitt detaljerte forklaringer i avh\u00f8r til politiet, men \u00f8nsker ikke \u00e5 kommentere innholdet i disse. De h\u00e5per n\u00e5 at politiet vil arbeide m\u00e5lrettet for \u00e5 f\u00e5 saken avklart.<\/p>\n<p>\u00abForeldrene har opplevd politiets uttalelse som sv\u00e6rt belastende, og den har medf\u00f8rt en situasjon de gjerne skulle v\u00e6rt foruten. De etterlatte opplever et betydelig medietrykk. Etter d\u00f8dsfallet har de v\u00e6rt i sjokk, og dette er en sv\u00e6rt krevende tid for dem alle. Det de n\u00e5 har behov for, er \u00e5 f\u00e5 s\u00f8rge i fred og ro\u00bb, skriver hun videre.<\/p>\n<p>    <a itemprop=\"url\" href=\"https:\/\/www.dagbladet.no\/nyheter\/dukket-ikke-opp-til-jobb-1\/83987525\" rel=\"nofollow noopener\" target=\"_blank\"><\/p>\n<p>        <img loading=\"lazy\" decoding=\"async\" src=\"https:\/\/www.europesays.com\/no\/wp-content\/uploads\/2025\/12\/83989454.webp\" width=\"980\" height=\"441\" title=\"Dukket ikke opp til jobb\" alt=\"\" class=\"lazyload\" style=\"--aspect-ratio-image: 2.22; \"\/><\/p>\n<p>        Dukket ikke opp til jobb<\/p>\n<p>    <\/a><\/p>\n<p>Politiet: &#8211; Tas til etterretning\t<\/p>\n<p>I en uttalelse torsdag svarer politiet p\u00e5 kritikken fra familien. Politiet understreker at de ikke \u00f8nsker \u00e5 p\u00e5f\u00f8re p\u00e5r\u00f8rende ytterligere belastning i sorgen.<\/p>\n<p>&#8211; Sitatet ble gitt innledningsvis i etterforskningen, og med forbehold, basert p\u00e5 informasjonen politiet hadde p\u00e5 det tidspunktet. Dette var i forbindelse med at politiet argumenterte for at det forel\u00e5 gjentakelsesfare ved l\u00f8slatelse, ved \u00e5 trekke en parallell mellom denne saken og siktedes tidligere domfellelser for vold og likheten i modus, skriver han i en e-post til Dagbladet &#8211; og legger til:<\/p>\n<p>&#8211; I ettertid har jeg registrert at flere vitner i saken uttaler at de mener beskrivelsen ikke er riktig. Det tar vi til etterretning, og dette blir en del av det samlede bevisbildet i saken.<\/p>\n<p>    <a itemprop=\"url\" href=\"https:\/\/www.dagbladet.no\/nyheter\/jeg-ble-ikke-sjokkert\/83993124\" rel=\"nofollow noopener\" target=\"_blank\"><\/p>\n<p>        <img loading=\"lazy\" decoding=\"async\" src=\"https:\/\/www.europesays.com\/no\/wp-content\/uploads\/2025\/12\/1766133639_97_83985647.webp\" width=\"980\" height=\"441\" title=\"- Jeg ble ikke sjokkert\" alt=\"\" class=\"lazyload\" style=\"--aspect-ratio-image: 2.22; \"\/><\/p>\n<p>        &#8211; Jeg ble ikke sjokkert<\/p>\n<p>    <\/a><\/p>\n<p>Siktede ikke avh\u00f8rt\t<\/p>\n<p>Tr\u00f8ndelag politidistrikt opplyser i en pressemelding at de har sikret flere beslag, pr\u00f8ver til analyse og digitale lagringsenheter som gjennomg\u00e5s.<\/p>\n<p>Politiet har ogs\u00e5 avh\u00f8rt vitner og gjennomf\u00f8rt obduksjon. Forel\u00f8pig konklusjon er at d\u00f8dsfallet skyldes at Haugen ble p\u00e5f\u00f8rt d\u00f8delig vold.<\/p>\n<p>&#8211; Det skal gj\u00f8res noen flere kriminaltekniske<br \/>\nunders\u00f8kelser i dag, og det er oppnevnt to rettspsykiatriske sakkyndige som<br \/>\nskal gjennomf\u00f8re en utredning av siktedes sinnstilstand. Det er ogs\u00e5 en del av<br \/>\nde sakkyndiges mandat \u00e5 utrede faren for gjentakelse. Etterforskningen er bredt<br \/>\nanlagt, og politiet leter ogs\u00e5 aktivt etter opplysninger som peker i annen<br \/>\nretning enn mot den siktede mannen, sier Aftret. <\/p>\n<p>    Derfor identifiserer Dagbladet J\u00f8rn Andersen<\/p>\n<ul>\n<li>Allmennheten har et legitimt behov for \u00e5 vite hvem som st\u00e5r bak de aller mest alvorlige kriminelle handlingene i samfunnet v\u00e5rt.<\/li>\n<li>Identifiseringen begrunnes konkret i at siktede tidligere er d\u00f8mt for et overlagt drap p\u00e5 en ung jente og til forvaring for grov mishandling av en annen kvinne. At politiet mener han igjen st\u00e5r bak en sv\u00e6rt alvorlig kriminell handling, har offentlighetens interesse.<\/li>\n<li>N\u00e5r mistenkte identifiseres, kan det bidra til at publikum lettere gir politiet flere n\u00f8dvendige opplysninger. Identifisering bidrar ogs\u00e5 til \u00e5 begrense ryktespredning og spekulasjoner.<\/li>\n<\/ul>\n<p>      Vis mer<br \/>\n      Vis mindre<\/p>\n<p>Siktede Andersen formidlet tidlig til politiet at han ikke<br \/>\n\u00f8nsker \u00e5 la seg avh\u00f8re, og dette \u00f8nsket har han opprettholdt.<\/p>\n<p>&#8211; At den siktede ikke er avh\u00f8rt er en av \u00e5rsakene<br \/>\ntil at vi ikke \u00f8nsker \u00e5 g\u00e5 ut med konkret informasjon om d\u00f8ds\u00e5rsak eller om det<br \/>\ner gjort beslag av v\u00e5pen, utover at vi mener det er sikkert at dette er et drap<br \/>\nog at d\u00f8ds\u00e5rsaken er den volden avd\u00f8de ble utsatt for. \u00c5 dele mer informasjon<br \/>\nom dette n\u00e5 vil kunne skade etterforskingen p\u00e5 sikt, sier Aftret.\n<\/p>\n<p>    <a itemprop=\"url\" href=\"https:\/\/www.dagbladet.no\/nyheter\/hardt-ut-mot-rykter-flere-feil\/83989663\" rel=\"nofollow noopener\" target=\"_blank\"><\/p>\n<p>        <img loading=\"lazy\" decoding=\"async\" src=\"https:\/\/www.europesays.com\/no\/wp-content\/uploads\/2025\/12\/1766133640_87_83990022.webp\" width=\"980\" height=\"441\" title=\"Hardt ut mot \u00abrykter\u00bb: - Flere feil\" alt=\"\" class=\"lazyload\" style=\"--aspect-ratio-image: 2.22; \"\/><\/p>\n<p>        Hardt ut mot \u00abrykter\u00bb: &#8211; Flere feil<\/p>\n<p>    <\/a><\/p>\n<p>Ny fase for politiet<\/p>\n<p>Etterforskningen g\u00e5r n\u00e5 inn i en ny fase der innhentet<br \/>\ninformasjon og beslag skal gjennomg\u00e5s, analysesvar innhentes og informasjonen i<br \/>\nsaken skal kontrolleres og sammenstilles.<\/p>\n<p>I tillegg til forel\u00f8pig obduksjonsrapport, venter<br \/>\npolitiet p\u00e5 svar p\u00e5 analyser fra spor med DNA, fingeravtrykk og andre pr\u00f8ver,<br \/>\nsom er innhentet fra flere steder som har tilknytning til saken.\u00a0<\/p>\n<p>    <a itemprop=\"url\" href=\"https:\/\/www.dagbladet.no\/nyheter\/marita-35-drept\/83995603\" rel=\"nofollow noopener\" target=\"_blank\"><\/p>\n<p>        <img loading=\"lazy\" decoding=\"async\" src=\"https:\/\/www.europesays.com\/no\/wp-content\/uploads\/2025\/12\/83999951.webp\" width=\"147\" height=\"98\" title=\"Marita (35) drept\" alt=\"\" class=\"lazyload\" style=\"--aspect-ratio-image: 1.50; \"\/><\/p>\n<p>        Marita (35) drept<\/p>\n<p>    <\/a><\/p>\n<p>Det vil si at<br \/>\npolitiet har flere tekniske bevis, men har fortsatt ikke f\u00e5tt analysesvar som<br \/>\nsier noe om hva sporene betyr og hvordan de skal forst\u00e5s.<\/p>\n<p>&#8211; Det er ikke mulig \u00e5 si noe sikkert om n\u00e5r vi f\u00e5r alle<br \/>\nsvar, men jeg legger til grunn at vi har f\u00e5tt noen svar p\u00e5 eksterne analyser<br \/>\nn\u00e5r fengslingsfristen utl\u00f8per 12. januar, som vil gi oss nyttig informasjon i<br \/>\nsaken, sier Aftret.<\/p>\n<p> Det var klokka 22.41 l\u00f8rdag kveld at politiet meldte om funn av en d\u00f8d person i Orkland i Tr\u00f8ndelag. Den avd\u00f8de kvinnen ble funnet utend\u00f8rs av en turg\u00e5er.<\/p>\n<p>Politiet bekreftet like etter klokka 01 at de hadde p\u00e5grepet og siktet en mann for drap. Andersen ble p\u00e5grepet p\u00e5 egen bopel ikke langt unna stedet der kvinnen ble funnet. P\u00e5gripelsen var udramatisk, if\u00f8lge politiet.<\/p>\n","protected":false},"excerpt":{"rendered":"L\u00f8rdag kveld ble 35 \u00e5r gamle Marita L\u00f8fshus Haugen funnet drept i et skogholt i det lille tettstedet&hellip;\n","protected":false},"author":2,"featured_media":117214,"comment_status":"","ping_status":"","sticky":false,"template":"","format":"standard","meta":{"footnotes":""},"categories":[10],"tags":[20,21,24,25,15,2539,983,22,23,13,30,28,29,14,2238,16,26,27],"class_list":{"0":"post-117213","1":"post","2":"type-post","3":"status-publish","4":"format-standard","5":"has-post-thumbnail","7":"category-norge","8":"tag-breaking-news","9":"tag-breakingnews","10":"tag-featured-news","11":"tag-featurednews","12":"tag-headlines","13":"tag-innenriks","14":"tag-krim","15":"tag-latest-news","16":"tag-latestnews","17":"tag-news","18":"tag-no","19":"tag-norge","20":"tag-norway","21":"tag-nyheter","22":"tag-orkland","23":"tag-overskrifter","24":"tag-top-stories","25":"tag-topstories"},"share_on_mastodon":{"url":"https:\/\/pubeurope.com\/@no\/115745340487799313","error":""},"_links":{"self":[{"href":"https:\/\/www.europesays.com\/no\/wp-json\/wp\/v2\/posts\/117213","targetHints":{"allow":["GET"]}}],"collection":[{"href":"https:\/\/www.europesays.com\/no\/wp-json\/wp\/v2\/posts"}],"about":[{"href":"https:\/\/www.europesays.com\/no\/wp-json\/wp\/v2\/types\/post"}],"author":[{"embeddable":true,"href":"https:\/\/www.europesays.com\/no\/wp-json\/wp\/v2\/users\/2"}],"replies":[{"embeddable":true,"href":"https:\/\/www.europesays.com\/no\/wp-json\/wp\/v2\/comments?post=117213"}],"version-history":[{"count":0,"href":"https:\/\/www.europesays.com\/no\/wp-json\/wp\/v2\/posts\/117213\/revisions"}],"wp:featuredmedia":[{"embeddable":true,"href":"https:\/\/www.europesays.com\/no\/wp-json\/wp\/v2\/media\/117214"}],"wp:attachment":[{"href":"https:\/\/www.europesays.com\/no\/wp-json\/wp\/v2\/media?parent=117213"}],"wp:term":[{"taxonomy":"category","embeddable":true,"href":"https:\/\/www.europesays.com\/no\/wp-json\/wp\/v2\/categories?post=117213"},{"taxonomy":"post_tag","embeddable":true,"href":"https:\/\/www.europesays.com\/no\/wp-json\/wp\/v2\/tags?post=117213"}],"curies":[{"name":"wp","href":"https:\/\/api.w.org\/{rel}","templated":true}]}}