{"id":11722,"date":"2025-08-18T21:26:09","date_gmt":"2025-08-18T21:26:09","guid":{"rendered":"https:\/\/www.europesays.com\/no\/11722\/"},"modified":"2025-08-18T21:26:09","modified_gmt":"2025-08-18T21:26:09","slug":"blindpassasjerer-norwegian-floy-med-blindpassasjer-fra-tromso-til-oslo","status":"publish","type":"post","link":"https:\/\/www.europesays.com\/no\/11722\/","title":{"rendered":"Blindpassasjerer, Norwegian | Fl\u00f8y med blindpassasjer fra Troms\u00f8 til Oslo"},"content":{"rendered":"\n<p>Oslo Lufthavn varslet politiet om en vanskelig passasjer om bord p\u00e5 flyet, og politiet bisto med ID-sjekk p\u00e5 Gardermoen.<\/p>\n<p>\u2013 Ved kontroll hadde han ingen ID-dokumenter eller reisedokumenter med seg. Han hadde klart \u00e5 snike seg om bord og har s\u00e5ledes v\u00e6rt blindpassasjer p\u00e5 flyturen fra Troms\u00f8 Lufthavn til Oslo Lufthavn, melder operasjonsleder Ronny Mangseth i \u00d8st politidistrikt i politiloggen.\u00a0<\/p>\n<p>Politiet sier videre at det blir opp til flyselskapet \u00e5 eventuelt anmelde saken. De kjenner ikke til hvordan vedkommende, som er en mann bosatt i Troms, har klart \u00e5 snike seg om bord p\u00e5 flyet i Troms\u00f8.<\/p>\n<p>Pressekontakt Silje Glorvigen i Norwegian sier til <a href=\"https:\/\/www.tv2.no\/nyheter\/innenriks\/oppdaget-blindpassasjer-pa-norwegian-fly\/18009556\/\" rel=\"Follow nofollow noopener\" target=\"_blank\">TV2 <\/a>at det er for tidlig \u00e5 si om de vil anmelde mannen.<\/p>\n<p>   <img decoding=\"async\" width=\"1672\" height=\"816\" fetchpriority=\"low\"  loading=\"lazy\"  src=\"https:\/\/www.europesays.com\/no\/wp-content\/uploads\/2025\/08\/5_34_1972576_fly_1.jpg\" alt=\"K\u00d8: Det var lange k\u00f8er i sikkerhetskontrollen p\u00e5 Troms\u00f8 lufthavn fredag ettermiddag. Foto: Robin Andersen Fredag ettermiddag ble flytrafikken lammen og kaos br\u00f8t ut. I etterkant er to nordnorske politiker-topper fra samme parti i tottene p\u00e5 hverandre.\" class=\"brick-c-cFOWSL\" style=\"--brick-image-ratio: 1672 \/ 816;\"\/><\/p>\n<p>    KOM IGJENNOM: Mannen har kommet seg gjennom b\u00e5de sikkerhetskontrollen og forbi gaten p\u00e5 Langnes uten b\u00e5de billett og ID.<br \/>\n    Foto: Robin Andersen (arkiv)\n  <\/p>\n<p>Kommunikasjonsr\u00e5dgiver i Avinor, Helene W. Jensen, sier til <a href=\"https:\/\/www.vg.no\/nyheter\/i\/4B2PBV\/mann-kom-seg-fra-tromsoe-til-oslo-med-blindpass\" rel=\"Follow nofollow noopener\" target=\"_blank\">VG <\/a>at mannen mest sannsynlig har sneket seg med personen foran i slusen der man skanner boardingkort f\u00f8r sikkerhetskontrollen.<\/p>\n<p>\u2013 Vedkommende har blitt kontrollert i sikkerhetskontrollen, sier Jensen. Hun understreker at mannen ikke har utgjort noen sikkerhetsfare.\u00a0<\/p>\n<p>Les mer om: artikkelemnene<\/p>\n","protected":false},"excerpt":{"rendered":"Oslo Lufthavn varslet politiet om en vanskelig passasjer om bord p\u00e5 flyet, og politiet bisto med ID-sjekk p\u00e5&hellip;\n","protected":false},"author":2,"featured_media":2176,"comment_status":"","ping_status":"","sticky":false,"template":"","format":"standard","meta":{"footnotes":""},"categories":[10],"tags":[36,2378,20,21,24,25,2380,15,22,23,13,30,28,29,2379,14,16,1510,26,27],"class_list":{"0":"post-11722","1":"post","2":"type-post","3":"status-publish","4":"format-standard","5":"has-post-thumbnail","7":"category-norge","8":"tag-art","9":"tag-blindpassasjerer","10":"tag-breaking-news","11":"tag-breakingnews","12":"tag-featured-news","13":"tag-featurednews","14":"tag-gardermoen","15":"tag-headlines","16":"tag-latest-news","17":"tag-latestnews","18":"tag-news","19":"tag-no","20":"tag-norge","21":"tag-norway","22":"tag-norwegian","23":"tag-nyheter","24":"tag-overskrifter","25":"tag-story","26":"tag-top-stories","27":"tag-topstories"},"share_on_mastodon":{"url":"","error":""},"_links":{"self":[{"href":"https:\/\/www.europesays.com\/no\/wp-json\/wp\/v2\/posts\/11722","targetHints":{"allow":["GET"]}}],"collection":[{"href":"https:\/\/www.europesays.com\/no\/wp-json\/wp\/v2\/posts"}],"about":[{"href":"https:\/\/www.europesays.com\/no\/wp-json\/wp\/v2\/types\/post"}],"author":[{"embeddable":true,"href":"https:\/\/www.europesays.com\/no\/wp-json\/wp\/v2\/users\/2"}],"replies":[{"embeddable":true,"href":"https:\/\/www.europesays.com\/no\/wp-json\/wp\/v2\/comments?post=11722"}],"version-history":[{"count":0,"href":"https:\/\/www.europesays.com\/no\/wp-json\/wp\/v2\/posts\/11722\/revisions"}],"wp:featuredmedia":[{"embeddable":true,"href":"https:\/\/www.europesays.com\/no\/wp-json\/wp\/v2\/media\/2176"}],"wp:attachment":[{"href":"https:\/\/www.europesays.com\/no\/wp-json\/wp\/v2\/media?parent=11722"}],"wp:term":[{"taxonomy":"category","embeddable":true,"href":"https:\/\/www.europesays.com\/no\/wp-json\/wp\/v2\/categories?post=11722"},{"taxonomy":"post_tag","embeddable":true,"href":"https:\/\/www.europesays.com\/no\/wp-json\/wp\/v2\/tags?post=11722"}],"curies":[{"name":"wp","href":"https:\/\/api.w.org\/{rel}","templated":true}]}}