{"id":117221,"date":"2025-12-19T08:47:15","date_gmt":"2025-12-19T08:47:15","guid":{"rendered":"https:\/\/www.europesays.com\/no\/117221\/"},"modified":"2025-12-19T08:47:15","modified_gmt":"2025-12-19T08:47:15","slug":"mot-opp-i-tide-dette-er-flyselskapenes-anbefalinger","status":"publish","type":"post","link":"https:\/\/www.europesays.com\/no\/117221\/","title":{"rendered":"M\u00f8t opp i tide: Dette er flyselskapenes anbefalinger"},"content":{"rendered":"<p class=\"kicker bg-cyan color_mobile_bg-cyan hasTextPadding mobile-hasTextPadding\" style=\"\">Julereiser:<\/p>\n<p>  Fredag koker det p\u00e5 flyplassene. S\u00e5 tidlig b\u00f8r du m\u00f8te opp &#8211; og dette m\u00e5 du gj\u00f8re.<\/p>\n<p>\n    JULEUTFARTEN I GANG: Flyplassene venter stor p\u00e5gang, og reisende oppfordres til \u00e5 m\u00f8te opp minst to timer f\u00f8r avgang. Foto: Odd Roar Lange\n  <\/p>\n<p>    Kort fortalt<\/p>\n<p lang=\"nb-NO\">Fredag 19. desember er den travleste reisedagen p\u00e5 norske flyplasser med over 125 000 passasjerer.<\/p>\n<p lang=\"nb-NO\">Avinor forventer 2,2 millioner reisende i juleperioden, med 850 000 som flyr f\u00f8r julaften.<\/p>\n<p lang=\"nb-NO\">SAS anbefaler \u00e5 m\u00f8te opp minst to timer f\u00f8r avgang for \u00e5 unng\u00e5 stress.<\/p>\n<p lang=\"nb-NO\">Forberedelser som \u00e5 pakke riktig og ha reisedokumenter klare er avgj\u00f8rende for en smidig reise.<\/p>\n<p>      Vis mer<br \/>\n      Vis mindre<\/p>\n<p>Den store juleutfarten er i gang, og i dag n\u00e5s den f\u00f8rste toppen. Fredag 19. desember blir den aller travleste reisedagen i \u00e5rets f\u00f8rjulstrafikk p\u00e5 norske flyplasser.\u00a0<\/p>\n<p>If\u00f8lge flyplasseieren Avinor skal over 125 000 passasjerer gjennom landets st\u00f8rste lufthavner bare denne dagen.<\/p>\n<p>Totalt venter Avinor 2,2 millioner reisende gjennom juleperioden. Rundt 850 000 av dem flyr ut eller hjem f\u00f8r julaften.\u00a0<\/p>\n<p>        \u00abKrangleknappen\u00bb fjernes n\u00e5 fra flere fly. Foto: Odd Roar Lange. Video: Jenny Emilie Aas<\/p>\n<p>For mange betyr det fulle terminaler, k\u00f8 i sikkerhetskontrollen og h\u00f8yt trykk p\u00e5 b\u00e5de fly og bakketjenester.<\/p>\n<p>M\u00f8t opp tidlig\t<\/p>\n<p>Pressesjef \u00d8ystein Schmidt i SAS er klar i sin anbefaling for oppm\u00f8tetider som kanskje vil overraske mange:<\/p>\n<p>&#8211; Fra v\u00e5r side anbefaler vi at reisende beregner litt ekstra tid rundt jul. H\u00f8ytiden er en av \u00e5rets mest trafikkerte perioder, og b\u00e5de innsjekk, sikkerhetskontroll og bagasjeh\u00e5ndtering kan ta lenger tid enn normalt. Vinterforhold kan ogs\u00e5 kreve avising og redusert kapasitet p\u00e5 bakken.\u00a0<\/p>\n<p>Som hovedregel anbefaler vi at man er p\u00e5 flyplassen minst to timer f\u00f8r avgang &#8211; og gjerne litt tidligere n\u00e5r trafikken er som h\u00f8yest.<\/p>\n<p>Hvis du reiser til eller fra et reisem\u00e5l utenfor Europa, anbefaler vi at du er p\u00e5 flyplassen tre timer f\u00f8r avgang.<\/p>\n<p>    Dette er siste frist for innsjekking og boarding<\/p>\n<tr>\n<td>\n                Flyselskap\n                <\/td>\n<td>\n                Type flygning\n                <\/td>\n<td>\n                Innsjekk stenger\n                <\/td>\n<td>\n                Boarding stenger\n                <\/td>\n<\/tr>\n<tr>\n<td>Norwegian<\/td>\n<td>Innenlands<\/td>\n<td>30 min f\u00f8r<\/td>\n<td>20 min f\u00f8r<\/td>\n<\/tr>\n<tr>\n<td>Norwegian<\/td>\n<td>Europa \/ internasjonalt<\/td>\n<td>45 min f\u00f8r<\/td>\n<td>20 min f\u00f8r<\/td>\n<\/tr>\n<tr>\n<td>Norwegian<\/td>\n<td>Utvalgte lengre ruter<\/td>\n<td>60 min f\u00f8r<\/td>\n<td>20 min f\u00f8r<\/td>\n<\/tr>\n<tr>\n<td>SAS<\/td>\n<td>Skandinavia og Europa<\/td>\n<td>45 min f\u00f8r<\/td>\n<td>20 min f\u00f8r<\/td>\n<\/tr>\n<tr>\n<td>SAS<\/td>\n<td>Asia og Nord-Amerika<\/td>\n<td>60 min f\u00f8r<\/td>\n<td>35 min f\u00f8r<\/td>\n<\/tr>\n<tr>\n<td>SAS<\/td>\n<td>Afrika<\/td>\n<td>60 min f\u00f8r<\/td>\n<td>20 min f\u00f8r<\/td>\n<\/tr>\n<p class=\"description \">Merk at flyselskapene ber deg m\u00f8te opp ekstra tidlig i travle h\u00f8ytider.<\/p>\n<p>Sprer trafikken\t<\/p>\n<p>&#8211; Vi unng\u00e5r heldigvis de st\u00f8rste toppene med over 100 000 reisende bare ved Oslo lufthavn p\u00e5 \u00e9n dag i \u00e5r, sier kommunikasjonssjef Monica Iren Fasting ved hovedflyplassen til DinSide.<\/p>\n<p>        <img loading=\"lazy\" decoding=\"async\" src=\"https:\/\/www.europesays.com\/no\/wp-content\/uploads\/2025\/12\/83993024.webp\" width=\"980\" height=\"559\" title=\"TRAVELT F\u00d8R JUL: Oslo lufthavns kommunikasjonsdirekt\u00f8r Monica Iren Fasting minner reisende om \u00e5 m\u00f8te opp i god tid f\u00f8r avgang. Foto: Odd Roar Lange\" alt=\"\" class=\"\" style=\"--aspect-ratio-image: 1.75; \"\/><\/p>\n<p>\n        TRAVELT F\u00d8R JUL: Oslo lufthavns kommunikasjonsdirekt\u00f8r Monica Iren Fasting minner reisende om \u00e5 m\u00f8te opp i god tid f\u00f8r avgang. Foto: Odd Roar Lange\n    <\/p>\n<p>&#8211; Vi ser en mer spredd trafikk i \u00e5r. I tillegg kan det se ut som vi slipper utfordringer med mye sn\u00f8 p\u00e5 rullebanene, fortsetter Fasting.<\/p>\n<p>&#8211; Vi har ekstra mannskap p\u00e5 plass som st\u00e5r klare for \u00e5rets siste, store reiseb\u00f8lge, som i \u00e5r startet en hel uke f\u00f8r selve julaften, sier Thorgeir Landevaag, konserndirekt\u00f8r med ansvar for Avinors st\u00f8rste flyplasser.<\/p>\n<p>    Dette er de travleste dagene ved norske flyplasser i jula<\/p>\n<tr>\n<td>\n                Dato\n                <\/td>\n<td>\n                Bergen\n                <\/td>\n<td>\n                Oslo\n                <\/td>\n<td>\n                Stavanger\n                <\/td>\n<td>\n                Trondheim\n                <\/td>\n<td>\n                Totalsum\n                <\/td>\n<\/tr>\n<tr>\n<td>19<\/td>\n<td>18 555<\/td>\n<td>81 025<\/td>\n<td>11 564<\/td>\n<td>14 296<\/td>\n<td>125 440<\/td>\n<\/tr>\n<tr>\n<td>20<\/td>\n<td>10 528<\/td>\n<td>48 294<\/td>\n<td>7 174<\/td>\n<td>6 732<\/td>\n<td>72 728<\/td>\n<\/tr>\n<tr>\n<td>21<\/td>\n<td>17 915<\/td>\n<td>79 518<\/td>\n<td>10 299<\/td>\n<td>11 233<\/td>\n<td>118 965<\/td>\n<\/tr>\n<tr>\n<td>22<\/td>\n<td>17 100<\/td>\n<td>71 129<\/td>\n<td>9 702<\/td>\n<td>10 223<\/td>\n<td>108 154<\/td>\n<\/tr>\n<tr>\n<td>23<\/td>\n<td>14 786<\/td>\n<td>58 940<\/td>\n<td>8 937<\/td>\n<td>9 370<\/td>\n<td>92 033<\/td>\n<\/tr>\n<tr>\n<td>24<\/td>\n<td>5 649<\/td>\n<td>24 388<\/td>\n<td>3 066<\/td>\n<td>2 229<\/td>\n<td>35 332<\/td>\n<\/tr>\n<tr>\n<td>25<\/td>\n<td>6 678<\/td>\n<td>30 581<\/td>\n<td>3 984<\/td>\n<td>3 443<\/td>\n<td>44 686<\/td>\n<\/tr>\n<tr>\n<td>26<\/td>\n<td>16 687<\/td>\n<td>72 031<\/td>\n<td>8 811<\/td>\n<td>9 878<\/td>\n<td>107 407<\/td>\n<\/tr>\n<tr>\n<td>27<\/td>\n<td>10 746<\/td>\n<td>47 352<\/td>\n<td>7 025<\/td>\n<td>6 317<\/td>\n<td>71 440<\/td>\n<\/tr>\n<tr>\n<td>28<\/td>\n<td>17 710<\/td>\n<td>80 278<\/td>\n<td>10 101<\/td>\n<td>10 946<\/td>\n<td>119 035<\/td>\n<\/tr>\n<tr>\n<td>29<\/td>\n<td>17 785<\/td>\n<td>74 997<\/td>\n<td>10 229<\/td>\n<td>10 420<\/td>\n<td>113 431<\/td>\n<\/tr>\n<tr>\n<td>30<\/td>\n<td>14 653<\/td>\n<td>63 256<\/td>\n<td>8 566<\/td>\n<td>9 112<\/td>\n<td>95 587<\/td>\n<\/tr>\n<tr>\n<td>31<\/td>\n<td>9 343<\/td>\n<td>36 128<\/td>\n<td>4 087<\/td>\n<td>4 135<\/td>\n<td>53 693<\/td>\n<\/tr>\n<tr>\n<td>01<\/td>\n<td>11 666<\/td>\n<td>50 849<\/td>\n<td>7 050<\/td>\n<td>7 766<\/td>\n<td>77 331<\/td>\n<\/tr>\n<tr>\n<td>02<\/td>\n<td>16 837<\/td>\n<td>75 883<\/td>\n<td>9 108<\/td>\n<td>11 315<\/td>\n<td>113 143<\/td>\n<\/tr>\n<tr>\n<td>03<\/td>\n<td>10 250<\/td>\n<td>46 130<\/td>\n<td>6 566<\/td>\n<td>6 140<\/td>\n<td>69 086<\/td>\n<\/tr>\n<tr>\n<td>04<\/td>\n<td>18 390<\/td>\n<td>83 885<\/td>\n<td>10 950<\/td>\n<td>12 125<\/td>\n<td>125 350<\/td>\n<\/tr>\n<p class=\"description \">Den 19. desember og 4. januar er de travleste dagene<\/p>\n<p>Dette m\u00e5 du gj\u00f8re for \u00e5 unng\u00e5 tr\u00f8bbel\t<\/p>\n<p>N\u00e5r trafikken er p\u00e5 sitt mest intense, er det forberedelsene som avgj\u00f8r om reisen blir smidig eller stressende.<\/p>\n<p>V\u00e6r ute i god tid, f\u00f8lg flyselskapets anbefalte oppm\u00f8tetid og s\u00f8rg for at alle reisedokumenter er lett tilgjengelig.\u00a0<\/p>\n<p>    <a itemprop=\"url\" href=\"https:\/\/dinside.dagbladet.no\/reise\/nekter-deg-a-klage-hit\/83963423\" rel=\"nofollow noopener\" target=\"_blank\"><\/p>\n<p>        <img loading=\"lazy\" decoding=\"async\" src=\"https:\/\/www.europesays.com\/no\/wp-content\/uploads\/2025\/12\/83963459.webp\" width=\"980\" height=\"441\" title=\"Nekter deg \u00e5 klage\" alt=\"\" class=\"lazyload\" style=\"--aspect-ratio-image: 2.22; \"\/><\/p>\n<p>        Nekter deg \u00e5 klage<\/p>\n<p>    <\/a><\/p>\n<p>Pakk klokt &#8211; og tenk gjennom hva du faktisk trenger dersom innsjekket bagasje skulle bli forsinket.<\/p>\n<p>Ha alltid n\u00f8dvendige medisiner, ladere, powerbank, verdisaker og et klesskift i h\u00e5ndbagasjen.\u00a0<\/p>\n<p>Erfaringen viser at nettopp dette er det som redder juleferien n\u00e5r bagasjen ikke dukker opp som planlagt.<\/p>\n<p>        <img loading=\"lazy\" decoding=\"async\" src=\"https:\/\/www.europesays.com\/no\/wp-content\/uploads\/2025\/12\/83993025.webp\" width=\"980\" height=\"559\" title=\"KLAR BESKJED: Kommunikasjonsdirekt\u00f8r Monica Iren Fasting ved Oslo lufthavn ber reisende beregne ekstra tid i travle perioder. Foto: Odd Roar Lange\" alt=\"\" class=\"\" style=\"--aspect-ratio-image: 1.75; \"\/><\/p>\n<p>\n        KLAR BESKJED: Kommunikasjonsdirekt\u00f8r Monica Iren Fasting ved Oslo lufthavn ber reisende beregne ekstra tid i travle perioder. Foto: Odd Roar Lange\n    <\/p>\n<p>Unng\u00e5 klassiske pakkefeil\t<\/p>\n<p>Avinor minner om at mange av de samme feilene g\u00e5r igjen hvert \u00e5r.<\/p>\n<p>&#8211; Julegaver er ikke unntatt fra reglene i sikkerhetskontrollen. Vi ser fortsatt at mange m\u00e5 pakke opp gaver eller kaste innhold fordi det ikke kan tas med gjennom kontrollen, sier Monica Iren Fasting.<\/p>\n<p>Hun minner ogs\u00e5 om at powerbanks aldri skal i innsjekket bagasje, og at julemat som regnes som flytende &#8211; som sennep, syltet\u00f8y og sauser &#8211; m\u00e5 pakkes i innsjekket bagasje.<\/p>\n<p>Legg l\u00f8se gjenstander bort\t<\/p>\n<p>&#8211; F\u00f8r du kommer til sikkerhetskontrollen, skal alle l\u00f8se gjenstander og metallgjenstander, som\u00a0n\u00f8kler, mynter og mobiltelefoner, legges i h\u00e5ndbagasje eller ytterkl\u00e6r f\u00f8r gjennomlysning. Alle gjenstander skal legges i kassene, ikke l\u00f8st p\u00e5 b\u00e5ndet. Dette gjelder ogs\u00e5 kl\u00e6r, vesker, bager og s\u00e5 videre, sier\u00a0Monica Iren Fasting.<\/p>\n<p>    Taxfree varer i forseglet pose<\/p>\n<p>Hvis du lander p\u00e5 Oslo lufthavn eller Bergen lufthavn og skal reise videre med fly, m\u00e5 du passe p\u00e5 at taxfree varene din er forseglet \u2013 ellers kan du faktisk risikere \u00e5 miste varene dine n\u00e5r du skal gjennom sikkerhetskontrollen igjen.<\/p>\n<p>      Vis mer<br \/>\n      Vis mindre<\/p>\n<p>V\u00e6r ogs\u00e5 klar over at sikkerhetskontroll\u00f8ren har myndighet til \u00e5 stanse gjenstander som vedkommende vurderer at kan true sikkerheten om bord, selv om gjenstanden st\u00e5r oppf\u00f8rt som tillatt, eller ikke er listet i regelverket.<\/p>\n<p>        <img loading=\"lazy\" decoding=\"async\" src=\"https:\/\/www.europesays.com\/no\/wp-content\/uploads\/2025\/12\/83993135.webp\" width=\"980\" height=\"441\" title=\"Har du et tips om fra juletrafikken ?\" alt=\"\" class=\"\" style=\"--aspect-ratio-image: 2.22; \"\/><\/p>\n<p>        Har du et tips om fra juletrafikken ?<\/p>\n<p class=\"subtitle\">Hei, jeg heter Odd Roar Lange og er reiseekspert og -journalist for DinSide og Dagbladet. Har du et tips eller sp\u00f8rsm\u00e5l om reiser og ferie? Send det gjerne til meg. Tips og sp\u00f8rsm\u00e5l som kan brukes til en reportasje vil bli prioritert.<\/p>\n","protected":false},"excerpt":{"rendered":"Julereiser: Fredag koker det p\u00e5 flyplassene. S\u00e5 tidlig b\u00f8r du m\u00f8te opp &#8211; og dette m\u00e5 du gj\u00f8re.&hellip;\n","protected":false},"author":2,"featured_media":117222,"comment_status":"","ping_status":"","sticky":false,"template":"","format":"standard","meta":{"footnotes":""},"categories":[12],"tags":[20,21,24,25,2582,5632,15,11197,11438,22,23,14128,13,30,28,29,14,2371,16,1992,4226,26,27,42,43,44,45],"class_list":{"0":"post-117221","1":"post","2":"type-post","3":"status-publish","4":"format-standard","5":"has-post-thumbnail","7":"category-verden","8":"tag-breaking-news","9":"tag-breakingnews","10":"tag-featured-news","11":"tag-featurednews","12":"tag-flyplass","13":"tag-flyreiser","14":"tag-headlines","15":"tag-juleferie","16":"tag-julereiser","17":"tag-latest-news","18":"tag-latestnews","19":"tag-monica-iren-fasting","20":"tag-news","21":"tag-no","22":"tag-norge","23":"tag-norway","24":"tag-nyheter","25":"tag-oslo-lufthavn","26":"tag-overskrifter","27":"tag-reise","28":"tag-thetravelinspector","29":"tag-top-stories","30":"tag-topstories","31":"tag-verden","32":"tag-world","33":"tag-world-news","34":"tag-worldnews"},"share_on_mastodon":{"url":"https:\/\/pubeurope.com\/@no\/115745367425204848","error":""},"_links":{"self":[{"href":"https:\/\/www.europesays.com\/no\/wp-json\/wp\/v2\/posts\/117221","targetHints":{"allow":["GET"]}}],"collection":[{"href":"https:\/\/www.europesays.com\/no\/wp-json\/wp\/v2\/posts"}],"about":[{"href":"https:\/\/www.europesays.com\/no\/wp-json\/wp\/v2\/types\/post"}],"author":[{"embeddable":true,"href":"https:\/\/www.europesays.com\/no\/wp-json\/wp\/v2\/users\/2"}],"replies":[{"embeddable":true,"href":"https:\/\/www.europesays.com\/no\/wp-json\/wp\/v2\/comments?post=117221"}],"version-history":[{"count":0,"href":"https:\/\/www.europesays.com\/no\/wp-json\/wp\/v2\/posts\/117221\/revisions"}],"wp:featuredmedia":[{"embeddable":true,"href":"https:\/\/www.europesays.com\/no\/wp-json\/wp\/v2\/media\/117222"}],"wp:attachment":[{"href":"https:\/\/www.europesays.com\/no\/wp-json\/wp\/v2\/media?parent=117221"}],"wp:term":[{"taxonomy":"category","embeddable":true,"href":"https:\/\/www.europesays.com\/no\/wp-json\/wp\/v2\/categories?post=117221"},{"taxonomy":"post_tag","embeddable":true,"href":"https:\/\/www.europesays.com\/no\/wp-json\/wp\/v2\/tags?post=117221"}],"curies":[{"name":"wp","href":"https:\/\/api.w.org\/{rel}","templated":true}]}}