{"id":117227,"date":"2025-12-19T08:50:14","date_gmt":"2025-12-19T08:50:14","guid":{"rendered":"https:\/\/www.europesays.com\/no\/117227\/"},"modified":"2025-12-19T08:50:14","modified_gmt":"2025-12-19T08:50:14","slug":"freddy-dos-santos-med-ny-jobb-i-nff","status":"publish","type":"post","link":"https:\/\/www.europesays.com\/no\/117227\/","title":{"rendered":"Freddy Dos Santos med ny jobb i NFF"},"content":{"rendered":"\n<p class=\"_lead_o9xde_2 _lead_xtcu6_50 layout-component text-serif-m layout-normal text-serif-l layout-component layout-wide layout-padded _wide_17hqh_1 layout-padded\">Freddy dos Santos (49) f\u00e5r nyopprettet stilling i Norges Fotballforbund.<\/p>\n<p><img alt=\" Foto: Benjamin Kvaale \/ VG\" class=\"_image_qp4xg_65 layout-component layout-wide\" data-fullscreen- data-track-element-type=\"Article image fullscreen\" data-track-name=\"ImageFullscreen\" fetchpriority=\"high\" decoding=\"sync\" loading=\"eager\" height=\"4284\" itemprop=\"image\"  src=\"https:\/\/www.europesays.com\/no\/wp-content\/uploads\/2025\/12\/107406d2-d806-4e84-9586-0f102c3de2d1\"  style=\"object-position:0% 0%\" width=\"5712\"\/> Foto: Benjamin Kvaale \/ VG<\/p>\n<ul aria-hidden=\"true\" class=\"_images_ntbth_112\">\n<li><a class=\"_link_ntbth_117\" href=\"https:\/\/www.vg.no\/forfatter\/andreas-hopen\" style=\"z-index:1\" title=\"Andreas Hopen\" rel=\"nofollow noopener\" target=\"_blank\"><img alt=\"Bilde av Andreas Hopen\" class=\"_image_ntbth_93\" fetchpriority=\"low\" loading=\"lazy\" decoding=\"async\" itemprop=\"image\"  src=\"https:\/\/www.europesays.com\/no\/wp-content\/uploads\/2025\/12\/1766134213_16_8d697287-ea03-4d54-ab67-6d65b82629eb\"  width=\"480\"\/><\/a><\/li>\n<\/ul>\n<p> Oppdatert fredag 19. desember kl. 09:23    <\/p>\n<ul class=\"_list_o9xde_3 _list_64s2r_85 _unordered_o9xde_106 text-sans-m\">\n<li class=\"_item_o9xde_30\">Freddy Dos Santos er ansatt som supporterkoordinator i Norges Fotballforbund (NFF).<\/li>\n<li class=\"_item_o9xde_30\">Han forlater jobben som markedssjef p\u00e5 Carls og starter i ny stilling i mars.<\/li>\n<li class=\"_item_o9xde_30\">NFF \u00f8nsker \u00e5 bygge sterkere relasjoner med supportermilj\u00f8ene i norsk fotball.<\/li>\n<li class=\"_item_o9xde_30\">Dos Santos vil flytte debattene ut fra sosiale medier og skape bedre dialog.<\/li>\n<\/ul>\n<p>Vis mer <\/p>\n<p class=\"_paragraph_o9xde_4 _paragraph_xtcu6_10 layout-component text-serif-m layout-normal text-serif-m layout-padded\">Den tidligere V\u00e5lerenga-spilleren er ansatt som supporterkoordinator i NFF, skriver forbundet i en pressemelding.<\/p>\n<p class=\"_paragraph_o9xde_4 _paragraph_xtcu6_10 layout-component text-serif-m layout-normal text-serif-m layout-padded\">49-\u00e5ringen kommer fra jobben som markedssjef p\u00e5 utestedet Carls i Oslo og starter i forbundsjobben like over nytt\u00e5r.<\/p>\n<p class=\"_paragraph_o9xde_4 _paragraph_xtcu6_10 layout-component text-serif-m layout-normal text-serif-m layout-padded\">NFF skriver at de oppretter stillingen for \u00e5 \u00abbygge sterkere relasjon mellom NFF og supportermilj\u00f8ene\u00bb i norsk fotball.<\/p>\n<p class=\"_paragraph_o9xde_4 _paragraph_xtcu6_10 layout-component text-serif-m layout-normal text-serif-m layout-padded\">\u2013 Det handler rett og slett om \u00e5 skape mer forst\u00e5else, bedre dialog og et tettere fellesskap i norsk fotball, sier generalsekret\u00e6r Karl-Petter L\u00f8ken i NFF i pressemeldingen.<\/p>\n<p class=\"_paragraph_o9xde_4 _paragraph_xtcu6_10 layout-component text-serif-m layout-normal text-serif-m layout-padded\">Etter at VM-plassen var sikret feiret landslaget p\u00e5 Carls:<\/p>\n<p class=\"_paragraph_o9xde_4 _paragraph_xtcu6_10 layout-component text-serif-m layout-normal text-serif-m layout-padded\">Dos Santos starter f\u00f8rst i femti prosent stilling fra 5. januar \u2013 for \u00e5 f\u00e5 ferdigstilt arbeid p\u00e5 Carls f\u00f8r han i mars g\u00e5r over i full stilling. <\/p>\n<p class=\"_paragraph_o9xde_4 _paragraph_xtcu6_10 layout-component text-serif-m layout-normal text-serif-m layout-padded\">Dos Santos sier at prosessen startet med VAR-debatten han selv arrangerte p\u00e5 Carls i februar hvor forbundet, NTF og supportere var deltagende.<\/p>\n<p class=\"_paragraph_o9xde_4 _paragraph_xtcu6_10 layout-component text-serif-m layout-normal text-serif-m layout-padded\">\u2013 Det var en fin, og tidvis h\u00f8ylytt og barsk, seanse. Da kom det nok en erkjennelse fra NFF om at man trenger flere av de m\u00f8teplassene og dialogene, sier dos Santos til VG.<\/p>\n<p><img alt=\"Freddy dos Santos og V\u00e5lerenga ble seriemester i 2005. Her med blant annet Thomas Holm (t.v.), Bernt Hulsker og Christian Grindheim.  Foto: Bj\u00f8rn S. Delebekk \/ VG\" class=\"_image_qp4xg_65 layout-component layout-normal\" data-fullscreen- data-track-element-type=\"Article image fullscreen\" data-track-name=\"ImageFullscreen\" decoding=\"async\" loading=\"lazy\" height=\"1329\" itemprop=\"image\"  src=\"https:\/\/www.europesays.com\/no\/wp-content\/uploads\/2025\/12\/aa678ead-a303-4a1d-826b-f7fe92dbba77\"  style=\"object-position:0% 0%\" width=\"1890\"\/>Freddy dos Santos og V\u00e5lerenga ble seriemester i 2005. Her med blant annet Thomas Holm (t.v.), Bernt Hulsker og Christian Grindheim.  Foto: Bj\u00f8rn S. Delebekk \/ VG<\/p>\n<p class=\"_paragraph_o9xde_4 _paragraph_xtcu6_10 layout-component text-serif-m layout-normal text-serif-m layout-padded\">Den tidligere eliteseriespilleren forteller at han og NFF hadde dialog videre gjennom \u00e5ret om stillingen han n\u00e5 er ansatt i. Da stillingen ble lyst ut ble han interessert. Han vil n\u00e5 flytte debattene ut fra sosiale medier.<\/p>\n<p class=\"_paragraph_o9xde_4 _paragraph_xtcu6_10 layout-component text-serif-m layout-normal text-serif-m layout-padded\">\u2013 Jeg h\u00e5per vi kan f\u00e5 til ting og v\u00e6re litt tettere p\u00e5 folk. Ikke bare supporterledere, men ogs\u00e5 andre supportere, sier dos Santos.<\/p>\n<p class=\"_paragraph_o9xde_4 _paragraph_xtcu6_10 layout-component text-serif-m layout-normal text-serif-m layout-padded\">Seriemesteren fra 2005 la opp som V\u00e5lerenga-spiller etter 2011-sesongen. I tiden etter har han v\u00e6rt fotballekspert p\u00e5 TV, jobbet i Norsk Toppfotball \u2013 f\u00f8r han i 2024 startet i jobben p\u00e5 Carls. <\/p>\n<p class=\"_paragraph_o9xde_4 _paragraph_xtcu6_10 layout-component text-serif-m layout-normal text-serif-m layout-padded\">\u2013 Med sin lange fartstid med ulike roller i og rundt fotballen, og ikke minst hans engasjement og kloke blikk for supporterkultur, mener vi Freddy har alle egenskapene som skal til. Han brenner for \u00e5 lytte til og inkludere supporterne, og ser kanskje muligheter der andre ser utfordringer. Sammen skal vi skape et enda sterkere fellesskap, sier L\u00f8ken om valget av dos Santos.<\/p>\n","protected":false},"excerpt":{"rendered":"Freddy dos Santos (49) f\u00e5r nyopprettet stilling i Norges Fotballforbund. Foto: Benjamin Kvaale \/ VG Oppdatert fredag 19.&hellip;\n","protected":false},"author":2,"featured_media":117228,"comment_status":"","ping_status":"","sticky":false,"template":"","format":"standard","meta":{"footnotes":""},"categories":[59],"tags":[92,6870,30,28,6871,29,83,82],"class_list":{"0":"post-117227","1":"post","2":"type-post","3":"status-publish","4":"format-standard","5":"has-post-thumbnail","7":"category-sport","8":"tag-fotball","9":"tag-karl-petter-loken","10":"tag-no","11":"tag-norge","12":"tag-norges-fotballforbund-nff","13":"tag-norway","14":"tag-sport","15":"tag-sports"},"share_on_mastodon":{"url":"https:\/\/pubeurope.com\/@no\/115745379214242190","error":""},"_links":{"self":[{"href":"https:\/\/www.europesays.com\/no\/wp-json\/wp\/v2\/posts\/117227","targetHints":{"allow":["GET"]}}],"collection":[{"href":"https:\/\/www.europesays.com\/no\/wp-json\/wp\/v2\/posts"}],"about":[{"href":"https:\/\/www.europesays.com\/no\/wp-json\/wp\/v2\/types\/post"}],"author":[{"embeddable":true,"href":"https:\/\/www.europesays.com\/no\/wp-json\/wp\/v2\/users\/2"}],"replies":[{"embeddable":true,"href":"https:\/\/www.europesays.com\/no\/wp-json\/wp\/v2\/comments?post=117227"}],"version-history":[{"count":0,"href":"https:\/\/www.europesays.com\/no\/wp-json\/wp\/v2\/posts\/117227\/revisions"}],"wp:featuredmedia":[{"embeddable":true,"href":"https:\/\/www.europesays.com\/no\/wp-json\/wp\/v2\/media\/117228"}],"wp:attachment":[{"href":"https:\/\/www.europesays.com\/no\/wp-json\/wp\/v2\/media?parent=117227"}],"wp:term":[{"taxonomy":"category","embeddable":true,"href":"https:\/\/www.europesays.com\/no\/wp-json\/wp\/v2\/categories?post=117227"},{"taxonomy":"post_tag","embeddable":true,"href":"https:\/\/www.europesays.com\/no\/wp-json\/wp\/v2\/tags?post=117227"}],"curies":[{"name":"wp","href":"https:\/\/api.w.org\/{rel}","templated":true}]}}