{"id":117229,"date":"2025-12-19T08:58:41","date_gmt":"2025-12-19T08:58:41","guid":{"rendered":"https:\/\/www.europesays.com\/no\/117229\/"},"modified":"2025-12-19T08:58:41","modified_gmt":"2025-12-19T08:58:41","slug":"dansk-etterretning-peker-mot-russland-etter-cyberangrep","status":"publish","type":"post","link":"https:\/\/www.europesays.com\/no\/117229\/","title":{"rendered":"Dansk etterretning peker mot Russland etter cyberangrep"},"content":{"rendered":"<p class=\"extendedContent hyperion-css-eyn926\" data-test-tag=\"lead-text\">To ulike cyberangrep som rammet henholdsvis et dansk vannverk i fjor og valgnettsider i november i \u00e5r, kom fra Russland, if\u00f8lge dansk etterretningstjeneste.<\/p>\n<p>Publisert: 18.12.2025 18:57<\/p>\n<p class=\"paywall hyperion-css-1j42uic\">\u2013 Forsvarets Efterretningstjeneste kan n\u00e5 tilskrive to cyberangrep i Danmark til to prorussiske grupper som begge har forbindelser til den russiske stat, sier forsvarsminister Troels Lund Poulsen.<\/p>\n<p class=\"paywall hyperion-css-1j42uic\">Det ene cyberangrepet rammet et dansk vannverk i K\u00f8ge i fjor. Vanntrykket ble p\u00e5virket slik at vannr\u00f8r sprakk og flere husstander mistet tilgangen p\u00e5 vann.<\/p>\n<p class=\"paywall hyperion-css-1j42uic\">Det andre cyberangrepet innebar at nettsidene til h\u00f8stens lokalvalg ble overbelastet.<\/p>\n<p class=\"paywall hyperion-css-1j42uic\">\u2013 Det er fullstendig uakseptabelt at det fra russisk side utf\u00f8res hybridangrep i Danmark, sier Poulsen.<\/p>\n<p class=\"paywall hyperion-css-1j42uic\">Landets beredskapsminister Torsten Schack sier angrepene for\u00e5rsaket begrenset skade, men at det like fullt er alvorlig. Han legger ogs\u00e5 til at Danmark ikke er tilstrekkelig rustet for \u00e5 st\u00e5 imot slike angrep.<\/p>\n<p class=\"paywall hyperion-css-1j42uic\">\u2013 Jeg tror man skal v\u00e6re tordnende naiv dersom man tror at vi er i m\u00e5l n\u00e5r det gjelder cybersikkerhet, sier Schack.<\/p>\n","protected":false},"excerpt":{"rendered":"To ulike cyberangrep som rammet henholdsvis et dansk vannverk i fjor og valgnettsider i november i \u00e5r, kom&hellip;\n","protected":false},"author":2,"featured_media":914,"comment_status":"","ping_status":"","sticky":false,"template":"","format":"standard","meta":{"footnotes":""},"categories":[12],"tags":[20,21,24,25,15,22,23,13,30,28,29,14,16,26,27,42,43,44,45],"class_list":{"0":"post-117229","1":"post","2":"type-post","3":"status-publish","4":"format-standard","5":"has-post-thumbnail","7":"category-verden","8":"tag-breaking-news","9":"tag-breakingnews","10":"tag-featured-news","11":"tag-featurednews","12":"tag-headlines","13":"tag-latest-news","14":"tag-latestnews","15":"tag-news","16":"tag-no","17":"tag-norge","18":"tag-norway","19":"tag-nyheter","20":"tag-overskrifter","21":"tag-top-stories","22":"tag-topstories","23":"tag-verden","24":"tag-world","25":"tag-world-news","26":"tag-worldnews"},"share_on_mastodon":{"url":"https:\/\/pubeurope.com\/@no\/115745410797674841","error":""},"_links":{"self":[{"href":"https:\/\/www.europesays.com\/no\/wp-json\/wp\/v2\/posts\/117229","targetHints":{"allow":["GET"]}}],"collection":[{"href":"https:\/\/www.europesays.com\/no\/wp-json\/wp\/v2\/posts"}],"about":[{"href":"https:\/\/www.europesays.com\/no\/wp-json\/wp\/v2\/types\/post"}],"author":[{"embeddable":true,"href":"https:\/\/www.europesays.com\/no\/wp-json\/wp\/v2\/users\/2"}],"replies":[{"embeddable":true,"href":"https:\/\/www.europesays.com\/no\/wp-json\/wp\/v2\/comments?post=117229"}],"version-history":[{"count":0,"href":"https:\/\/www.europesays.com\/no\/wp-json\/wp\/v2\/posts\/117229\/revisions"}],"wp:featuredmedia":[{"embeddable":true,"href":"https:\/\/www.europesays.com\/no\/wp-json\/wp\/v2\/media\/914"}],"wp:attachment":[{"href":"https:\/\/www.europesays.com\/no\/wp-json\/wp\/v2\/media?parent=117229"}],"wp:term":[{"taxonomy":"category","embeddable":true,"href":"https:\/\/www.europesays.com\/no\/wp-json\/wp\/v2\/categories?post=117229"},{"taxonomy":"post_tag","embeddable":true,"href":"https:\/\/www.europesays.com\/no\/wp-json\/wp\/v2\/tags?post=117229"}],"curies":[{"name":"wp","href":"https:\/\/api.w.org\/{rel}","templated":true}]}}