{"id":117236,"date":"2025-12-19T09:07:12","date_gmt":"2025-12-19T09:07:12","guid":{"rendered":"https:\/\/www.europesays.com\/no\/117236\/"},"modified":"2025-12-19T09:07:12","modified_gmt":"2025-12-19T09:07:12","slug":"knivstakk-ekskjaereste-pa-vulkan-i-oslo","status":"publish","type":"post","link":"https:\/\/www.europesays.com\/no\/117236\/","title":{"rendered":"Knivstakk ekskj\u00e6reste p\u00e5 Vulkan i Oslo"},"content":{"rendered":"\n<p class=\"_lead_o9xde_2 _lead_xtcu6_50 layout-component text-serif-m layout-normal text-serif-l layout-component layout-wide layout-padded _wide_17hqh_1 layout-padded\">Mannen er d\u00f8mt for drapsfors\u00f8k, skriver NRK.<\/p>\n<p><img alt=\"N\u00f8detatene p\u00e5 stedet kort tid etter knivstikkingen skjedde 20. desember i fjor. Foto: G\u00f8ran Bohlin \/ VG\" class=\"_image_qp4xg_65 layout-component layout-wide\" data-fullscreen- data-track-element-type=\"Article image fullscreen\" data-track-name=\"ImageFullscreen\" fetchpriority=\"high\" decoding=\"sync\" loading=\"eager\" height=\"5504\" itemprop=\"image\"  src=\"https:\/\/www.europesays.com\/no\/wp-content\/uploads\/2025\/12\/bb16bec6-8bb1-46cb-a14a-081463908767\"  style=\"object-position:0% 0%\" width=\"8256\"\/>N\u00f8detatene p\u00e5 stedet kort tid etter knivstikkingen skjedde 20. desember i fjor. Foto: G\u00f8ran Bohlin \/ VG<\/p>\n<ul aria-hidden=\"true\" class=\"_images_ntbth_112\">\n<li><a class=\"_link_ntbth_117\" href=\"https:\/\/www.vg.no\/forfatter\/fredrik-ouren-jostad\" style=\"z-index:1\" title=\"Fredrik Ouren Jostad\" rel=\"nofollow noopener\" target=\"_blank\"><img alt=\"Bilde av Fredrik Ouren Jostad\" class=\"_image_ntbth_93\" fetchpriority=\"low\" loading=\"lazy\" decoding=\"async\" itemprop=\"image\"  src=\"https:\/\/www.europesays.com\/no\/wp-content\/uploads\/2025\/12\/1766135229_139_44a138e9-ee61-47be-8b25-b699b8f538d1\"  width=\"480\"\/><\/a><\/li>\n<\/ul>\n<p> Oppdatert fredag 19. desember kl. 10:06     <\/p>\n<p class=\"_paragraph_o9xde_4 _paragraph_xtcu6_10 layout-component text-serif-m layout-normal text-serif-m layout-padded\">Mannen som knivstakk sin ekskj\u00e6reste <a href=\"https:\/\/www.vg.no\/nyheter\/i\/6qn41Q\/tiltalt-for-drapsforsoek-paa-martina-22-aktor-ber-om-forvaring\" data-track-element-type=\"Link\" data-track-id=\"link:6qn41Q\" class=\"_link_o9xde_39\" rel=\"nofollow noopener\" target=\"_blank\">Martina Voce <\/a>(22) p\u00e5 Vulkan i fjor blir d\u00f8mt til fengsel i ni \u00e5r, melder <a href=\"https:\/\/www.nrk.no\/\" class=\"_link_o9xde_39\" rel=\"nofollow noopener\" target=\"_blank\">NRK.<\/a><\/p>\n<p class=\"_paragraph_o9xde_4 _paragraph_xtcu6_10 layout-component text-serif-m layout-normal text-serif-m layout-padded\">Saken gikk for Oslo tingrett i begynnelsen av desember, hvor aktor ba om ni \u00e5rs forvaring med en minstetid p\u00e5 seks \u00e5r.<\/p>\n<p class=\"_paragraph_o9xde_4 _paragraph_xtcu6_10 layout-component text-serif-m layout-normal text-serif-m layout-padded\">Retten mente imidlertid ikke at kravene til forvaring var oppfylt.<\/p>\n<p class=\"_paragraph_o9xde_4 _paragraph_xtcu6_10 layout-component text-serif-m layout-normal text-serif-m layout-padded\">Mannen har erkjent straffskyld, if\u00f8lge forsvarer Helene Elness.<\/p>\n<p><img alt=\"Knivstikkingen skjedde inne p\u00e5 butikken \u00abSmak av Italia\u00bb.  Foto: Korsnes, Oscar Korsnes \/ VG\" class=\"_image_qp4xg_65 layout-component layout-normal\" data-fullscreen- data-track-element-type=\"Article image fullscreen\" data-track-name=\"ImageFullscreen\" decoding=\"async\" loading=\"lazy\" height=\"2589\" itemprop=\"image\"  src=\"https:\/\/www.europesays.com\/no\/wp-content\/uploads\/2025\/12\/db9237e1-5ad1-4db9-b55f-32a065dd2d05\"  style=\"object-position:0% 0%\" width=\"4214\"\/>Knivstikkingen skjedde inne p\u00e5 butikken \u00abSmak av Italia\u00bb.  Foto: Korsnes, Oscar Korsnes \/ VG<\/p>\n<p class=\"_paragraph_o9xde_4 _paragraph_xtcu6_10 layout-component text-serif-m layout-normal text-serif-m layout-padded\">VG gjorde et lengre intervju med Martina n\u00f8yaktig<a href=\"https:\/\/www.vg.no\/nyheter\/i\/RzqmaJ\/martina-21-ble-knivstukket-over-30-ganger-trodde-jeg-kom-til-aa-doe\" data-track-element-type=\"Link\" data-track-id=\"link:RzqmaJ\" class=\"_link_o9xde_39\" rel=\"nofollow noopener\" target=\"_blank\"> to uker etter knivstikkingen.<\/a><\/p>\n<p>    <img decoding=\"async\" alt=\"Tips oss illustrasjon\" src=\"https:\/\/www.europesays.com\/no\/wp-content\/uploads\/2025\/10\/pssst-small.webp.webp\"\/>    <\/p>\n<p class=\"title-serif-s\">Har du tips?<\/p>\n<p class=\"text-sans-m\">Send oss informasjon, bilder eller video.<\/p>\n<p>  <a href=\"https:\/\/www.vg.no\/tips-oss\" rel=\"nofollow noopener\" target=\"_blank\"> Tips oss <\/a>      <\/p>\n","protected":false},"excerpt":{"rendered":"Mannen er d\u00f8mt for drapsfors\u00f8k, skriver NRK. N\u00f8detatene p\u00e5 stedet kort tid etter knivstikkingen skjedde 20. desember i&hellip;\n","protected":false},"author":2,"featured_media":117237,"comment_status":"","ping_status":"","sticky":false,"template":"","format":"standard","meta":{"footnotes":""},"categories":[10],"tags":[31,20,21,24,25,15,22,23,13,30,28,29,14,16,26,27],"class_list":{"0":"post-117236","1":"post","2":"type-post","3":"status-publish","4":"format-standard","5":"has-post-thumbnail","7":"category-norge","8":"tag-breaking","9":"tag-breaking-news","10":"tag-breakingnews","11":"tag-featured-news","12":"tag-featurednews","13":"tag-headlines","14":"tag-latest-news","15":"tag-latestnews","16":"tag-news","17":"tag-no","18":"tag-norge","19":"tag-norway","20":"tag-nyheter","21":"tag-overskrifter","22":"tag-top-stories","23":"tag-topstories"},"share_on_mastodon":{"url":"https:\/\/pubeurope.com\/@no\/115745446033011151","error":""},"_links":{"self":[{"href":"https:\/\/www.europesays.com\/no\/wp-json\/wp\/v2\/posts\/117236","targetHints":{"allow":["GET"]}}],"collection":[{"href":"https:\/\/www.europesays.com\/no\/wp-json\/wp\/v2\/posts"}],"about":[{"href":"https:\/\/www.europesays.com\/no\/wp-json\/wp\/v2\/types\/post"}],"author":[{"embeddable":true,"href":"https:\/\/www.europesays.com\/no\/wp-json\/wp\/v2\/users\/2"}],"replies":[{"embeddable":true,"href":"https:\/\/www.europesays.com\/no\/wp-json\/wp\/v2\/comments?post=117236"}],"version-history":[{"count":0,"href":"https:\/\/www.europesays.com\/no\/wp-json\/wp\/v2\/posts\/117236\/revisions"}],"wp:featuredmedia":[{"embeddable":true,"href":"https:\/\/www.europesays.com\/no\/wp-json\/wp\/v2\/media\/117237"}],"wp:attachment":[{"href":"https:\/\/www.europesays.com\/no\/wp-json\/wp\/v2\/media?parent=117236"}],"wp:term":[{"taxonomy":"category","embeddable":true,"href":"https:\/\/www.europesays.com\/no\/wp-json\/wp\/v2\/categories?post=117236"},{"taxonomy":"post_tag","embeddable":true,"href":"https:\/\/www.europesays.com\/no\/wp-json\/wp\/v2\/tags?post=117236"}],"curies":[{"name":"wp","href":"https:\/\/api.w.org\/{rel}","templated":true}]}}