{"id":117242,"date":"2025-12-19T09:15:26","date_gmt":"2025-12-19T09:15:26","guid":{"rendered":"https:\/\/www.europesays.com\/no\/117242\/"},"modified":"2025-12-19T09:15:26","modified_gmt":"2025-12-19T09:15:26","slug":"enighet-i-fiskeriforhandlingene-mellom-norge-og-russland-2","status":"publish","type":"post","link":"https:\/\/www.europesays.com\/no\/117242\/","title":{"rendered":"Enighet i fiskeriforhandlingene mellom Norge og Russland"},"content":{"rendered":"<p class=\"extendedContent hyperion-css-p6op2h\" data-test-tag=\"lead-text\">Norge og Russland er blitt enige om fiskerisamarbeidet. I \u00e5r var det ventet s\u00e6rlig krevende forhandlinger mellom landene. Ogs\u00e5 med EU er det kommet til enighet.<\/p>\n<p><img decoding=\"async\" class=\"image-asset hyperion-css-u06ts1\" data-test-tag=\"image-asset\" src=\"https:\/\/www.europesays.com\/no\/wp-content\/uploads\/2025\/12\/4c8e87c5-e776-473e-aef4-a666ce53225f\"  alt=\"Norge og Russland og Norge og EU har blitt enige om fiskerisamarbeidet neste \u00e5r, Fiskeri- og havminister Marianne Sivertsen N\u00e6ss (Ap) kaller forhandlingene med Russland for \u00abutfordrende\u00bb, men er forn\u00f8yd med resultatet. \"  loading=\"eager\" fetchpriority=\"high\" style=\"aspect-ratio:1900 \/ 1222\"\/>Norge og Russland og Norge og EU har blitt enige om fiskerisamarbeidet neste \u00e5r, Fiskeri- og havminister Marianne Sivertsen N\u00e6ss (Ap) kaller forhandlingene med Russland for \u00abutfordrende\u00bb, men er forn\u00f8yd med resultatet. Foto: Ole Berg-Rusten \/ NTB<\/p>\n<ol class=\"hyperion-css-v28fi1\">\n<li class=\"hyperion-css-0\">\n<ul class=\"hyperion-css-w8vnca\">\n<li aria-label=\"link\" class=\"narrow-button hyperion-css-1sz7d3n\">bt-linkKopier lenke<\/li>\n<li aria-label=\"link\" class=\"wide-button hyperion-css-1sz7d3n\">bt-linkKopier lenke<\/li>\n<\/ul>\n<\/li>\n<li class=\"hyperion-css-0\"\/><\/ol>\n<p>Publisert: Publisert: <\/p>\n<p>For mindre enn 2 timer siden<\/p>\n<p class=\"hyperion-css-zwo8lj\">Norge og Russland forhandlet om forvaltningen av felles fiskebestander i Barentshavet, blant annet torsk, hyse og lodde.<\/p>\n<p class=\"hyperion-css-zwo8lj\">\u2013 Avtalen er s\u00e6rlig viktig i en tid hvor vi har hatt en betydelig reduksjon i torskekvoten over flere \u00e5r. Vi har n\u00e5 satt en torskekvote for 2026 p\u00e5 et niv\u00e5 som bidrar til en gjenoppbygging av bestanden, sier fiskeri- og havminister Marianne Sivertsen N\u00e6ss (Ap) i en pressemelding.<\/p>\n<p class=\"hyperion-css-zwo8lj\">Norge og EU er ogs\u00e5 blitt enige om bilaterale fiskeriavtaler for 2026 for Nordsj\u00f8en, Skagerrak og i tillegg naboskapsavtalen om svenske fart\u00f8ys fiske i norsk sone.<\/p>\n<p>Lav torskekvote<\/p>\n<p class=\"hyperion-css-zwo8lj\">Torskekvoten for nord\u00f8starktisk torsk i 2026 er den laveste siden 1991, og er fastsatt til 285.000 tonn, noe som er en nedgang p\u00e5 16 prosent fra \u00e5rets kvote. <\/p>\n<p class=\"hyperion-css-zwo8lj\">Totalkvoten av torsk fordeles mellom Norge, Russland og tredjeland etter samme prinsipper som tidligere \u00e5r. Norges del av kvoten for 2026 vil v\u00e6re 139.827 tonn.<\/p>\n<p class=\"hyperion-css-zwo8lj\">Kvoten for hyse \u00f8ker med 16 prosent, mens totalkvoten for bl\u00e5kveite er p\u00e5 omtrent det samme som i \u00e5r og snabeluerkvoten \u00f8ker med 3 prosent.<\/p>\n<p class=\"hyperion-css-zwo8lj\">Som i \u00e5r blir det heller ikke i 2026 \u00e5pnet for et loddefiske.<\/p>\n<p class=\"hyperion-css-zwo8lj\"> \u2013 Det er sv\u00e6rt viktig og positivt at vi n\u00e5 har f\u00e5tt en avtale om forvaltningen av fiskeressursene i Barentshavet ogs\u00e5 for 2026, sier leder Jan Roger Lerbukt i Norges Fiskarlag til <a aria-label=\"Fiskeribladet.\" class=\"default hyperion-css-1raymq9\" href=\"https:\/\/www.fiskeribladet.no\/fiskeri\/lerbukt-haper-det-er-bunnen\/2-1-1919323\" rel=\"noopener nofollow noreferrer\" data-test-tag=\"external-link\" target=\"_blank\">Fiskeribladet.<\/a><\/p>\n<p class=\"hyperion-css-zwo8lj\"> \u2013 Kvoteniv\u00e5ene er omtrent i tr\u00e5d med hva vi kunne forvente. For torsk s\u00e5 h\u00e5per vi at 2026 vil markere bunnen, og at bestanden vil utvikle seg positivt, sier Lerbukt, som ogs\u00e5 synes det er gledelig at kvoten for hyse har \u00f8kt.<\/p>\n<p>Utfordrende forhandlingsklima<\/p>\n<p class=\"hyperion-css-zwo8lj\">Det var ventet at forhandlingene kunne bli s\u00e6rlig krevende i \u00e5r, blant annet fordi Norge i sommer varslet full utestengelse av to russiske rederier etter mistanke om spionasje.<\/p>\n<p class=\"hyperion-css-zwo8lj\">Ministeren bekrefter at \u00e5rets forhandlinger har v\u00e6rt utfordrende. <\/p>\n<p class=\"hyperion-css-zwo8lj\">\u2013 Listef\u00f8ringen av de to russiske rederiene har satt sitt preg p\u00e5 forhandlingene, men jeg er glad for at vi p\u00e5 tross av dette er kommet fram til en enighet som skal bidra til en b\u00e6rekraftig forvaltning av de viktige fiskeressursene i nord, sier hun.<\/p>\n<p class=\"hyperion-css-zwo8lj\"> I l\u00f8pet av forhandlingene har russerne protestert mot utestengelsen fra norsk \u00f8konomisk sone av de to russiske rederiene Murman Seafood og Norebo, uten \u00e5 f\u00e5 geh\u00f8r for sine standpunkt, skriver <a aria-label=\"Fiskeribladet.\" class=\"default hyperion-css-1raymq9\" href=\"https:\/\/www.fiskeribladet.no\/fiskeri\/enighet-om-norsk-russisk-fiskeriavtale-for-2026-vart-utfordrende\/2-1-1919316\" rel=\"noopener nofollow noreferrer\" data-test-tag=\"external-link\" target=\"_blank\">Fiskeribladet.<\/a><\/p>\n<p class=\"hyperion-css-zwo8lj\"> Norske myndigheter mener de har rett i forhold til fiskeriavtalen fra 1976 \u00e5 utestenge rederier og skip i forhold til norsk lov.<\/p>\n<p>Fortsatt utestengt<\/p>\n<p class=\"hyperion-css-zwo8lj\">\u2013 De er fortsatt utestengt. Det er ingen endringer p\u00e5 dette, kommenterer Niklas Simonsen, politisk r\u00e5dgiver i N\u00e6rings- og fiskeridepartementet, i en sms til Fiskeribladet.<\/p>\n<p class=\"hyperion-css-zwo8lj\">Konsekvensen er likevel at russerne n\u00e5 har trukket seg fra felles arbeidsgrupper under \u00e5rets forhandlinger, og at de forbeholder seg retten til \u00e5 trekke seg fra alle arbeidsgrupper i den norsk-russiske fiskerikommisjonen.<\/p>\n<p class=\"hyperion-css-zwo8lj\">Partene er likevel blitt enige om et felles norsk-russisk forskningsprogram for 2026 og videref\u00f8ring av felles tekniske reguleringstiltak for fisket.<\/p>\n<p class=\"hyperion-css-zwo8lj\">De norsk-russiske fiskeriforhandlingene har p\u00e5g\u00e5tt siden 1975 og er viktige for \u00e5 sikre b\u00e6rekraftig forvaltning av fiskeressursene i nord.<\/p>\n<p>Publisert: <\/p>\n<p>Publisert: 18. desember 2025 18:24<\/p>\n<p>Oppdatert: 18. desember 2025 19:19<\/p>\n","protected":false},"excerpt":{"rendered":"Norge og Russland er blitt enige om fiskerisamarbeidet. I \u00e5r var det ventet s\u00e6rlig krevende forhandlinger mellom landene.&hellip;\n","protected":false},"author":2,"featured_media":117243,"comment_status":"","ping_status":"","sticky":false,"template":"","format":"standard","meta":{"footnotes":""},"categories":[10],"tags":[20,21,24,25,15,22,23,13,30,28,29,14,16,26,27],"class_list":{"0":"post-117242","1":"post","2":"type-post","3":"status-publish","4":"format-standard","5":"has-post-thumbnail","7":"category-norge","8":"tag-breaking-news","9":"tag-breakingnews","10":"tag-featured-news","11":"tag-featurednews","12":"tag-headlines","13":"tag-latest-news","14":"tag-latestnews","15":"tag-news","16":"tag-no","17":"tag-norge","18":"tag-norway","19":"tag-nyheter","20":"tag-overskrifter","21":"tag-top-stories","22":"tag-topstories"},"share_on_mastodon":{"url":"https:\/\/pubeurope.com\/@no\/115745477477987907","error":""},"_links":{"self":[{"href":"https:\/\/www.europesays.com\/no\/wp-json\/wp\/v2\/posts\/117242","targetHints":{"allow":["GET"]}}],"collection":[{"href":"https:\/\/www.europesays.com\/no\/wp-json\/wp\/v2\/posts"}],"about":[{"href":"https:\/\/www.europesays.com\/no\/wp-json\/wp\/v2\/types\/post"}],"author":[{"embeddable":true,"href":"https:\/\/www.europesays.com\/no\/wp-json\/wp\/v2\/users\/2"}],"replies":[{"embeddable":true,"href":"https:\/\/www.europesays.com\/no\/wp-json\/wp\/v2\/comments?post=117242"}],"version-history":[{"count":0,"href":"https:\/\/www.europesays.com\/no\/wp-json\/wp\/v2\/posts\/117242\/revisions"}],"wp:featuredmedia":[{"embeddable":true,"href":"https:\/\/www.europesays.com\/no\/wp-json\/wp\/v2\/media\/117243"}],"wp:attachment":[{"href":"https:\/\/www.europesays.com\/no\/wp-json\/wp\/v2\/media?parent=117242"}],"wp:term":[{"taxonomy":"category","embeddable":true,"href":"https:\/\/www.europesays.com\/no\/wp-json\/wp\/v2\/categories?post=117242"},{"taxonomy":"post_tag","embeddable":true,"href":"https:\/\/www.europesays.com\/no\/wp-json\/wp\/v2\/tags?post=117242"}],"curies":[{"name":"wp","href":"https:\/\/api.w.org\/{rel}","templated":true}]}}