{"id":117250,"date":"2025-12-19T09:23:10","date_gmt":"2025-12-19T09:23:10","guid":{"rendered":"https:\/\/www.europesays.com\/no\/117250\/"},"modified":"2025-12-19T09:23:10","modified_gmt":"2025-12-19T09:23:10","slug":"politimann-cesar-barraza-hylles-som-helt-etter-bondi-massakren","status":"publish","type":"post","link":"https:\/\/www.europesays.com\/no\/117250\/","title":{"rendered":"Politimann Cesar Barraza hylles som helt etter Bondi-massakren"},"content":{"rendered":"\n<p class=\"_lead_o9xde_2 _lead_xtcu6_50 layout-component text-serif-m layout-normal text-serif-l layout-component layout-wide layout-padded _wide_17hqh_1 layout-padded\">Nye videoer viser hvordan en sivilkledt politimann stoppet terrorangrepet i Sydney.<\/p>\n<p><img alt=\"Detektiv Cesar Barraza er identifisert som helten som stoppet en av de to skytterne i angrepet p\u00e5 Bondi Beach. Foto: Fra X\" class=\"_image_qp4xg_65 layout-component layout-wide\" data-fullscreen- data-track-element-type=\"Article image fullscreen\" data-track-name=\"ImageFullscreen\" fetchpriority=\"high\" decoding=\"sync\" loading=\"eager\" height=\"776\" itemprop=\"image\"  src=\"https:\/\/www.europesays.com\/no\/wp-content\/uploads\/2025\/12\/effa71a6-a4df-4b8a-a450-6722946459f2\"  style=\"object-position:0% 0%\" width=\"1026\"\/>Detektiv Cesar Barraza er identifisert som helten som stoppet en av de to skytterne i angrepet p\u00e5 Bondi Beach. Foto: Fra X<\/p>\n<ul aria-hidden=\"true\" class=\"_images_ntbth_112\">\n<li><a class=\"_link_ntbth_117\" href=\"https:\/\/www.vg.no\/forfatter\/joern-e-kaalstad\" style=\"z-index:1\" title=\"J\u00f8rn E. Kaalstad\" rel=\"nofollow noopener\" target=\"_blank\"><img alt=\"Bilde av J\u00f8rn E. Kaalstad\" class=\"_image_ntbth_93\" fetchpriority=\"low\" loading=\"lazy\" decoding=\"async\" itemprop=\"image\"  src=\"https:\/\/www.europesays.com\/no\/wp-content\/uploads\/2025\/12\/1766136190_113_669373df-e8fd-4864-880f-5035f6f30b0b\"  width=\"480\"\/><\/a><\/li>\n<\/ul>\n<p> Oppdatert fredag 19. desember kl. 09:00    <\/p>\n<ul class=\"_list_o9xde_3 _list_64s2r_85 _unordered_o9xde_106 text-sans-m\">\n<li class=\"_item_o9xde_30\">En sivilkledt politimann, Cesar Barraza, hylles etter at han stoppet terrorangrepet ved Bondi Beach.<\/li>\n<li class=\"_item_o9xde_30\">Barraza skj\u00f8t og drepte en av gjerningspersonene fra 45 meters avstand.<\/li>\n<li class=\"_item_o9xde_30\">Angrepet var antisemittisk og drepte minst 15 personer.<\/li>\n<\/ul>\n<p>Vis mer <\/p>\n<p class=\"_paragraph_o9xde_4 _paragraph_xtcu6_10 layout-component text-serif-m layout-normal text-serif-m layout-padded\">En australsk politimann blir hyllet som helt etter at han skj\u00f8t og drepte en av gjerningspersonene bak <a href=\"https:\/\/www.vg.no\/tag\/bondi-beach?utm_source=vg-article&amp;utm_medium=auto-tagger&amp;utm_campaign=5p0Ve6\" class=\"_link_o9xde_39\" rel=\"nofollow noopener\" target=\"_blank\">Bondi Beach<\/a>-massakren. <\/p>\n<p class=\"_paragraph_o9xde_4 _paragraph_xtcu6_10 layout-component text-serif-m layout-normal text-serif-m layout-padded\">Detektiv Cesar Barraza er identifisert som helten som stoppet det antisemittiske angrepet som drepte minst 15 personer, melder\u00a0<a href=\"https:\/\/edition.cnn.com\/2025\/12\/19\/australia\/australia-shooting-hero-officer-video-intl-hnk-dst\" class=\"_link_o9xde_39\" rel=\"nofollow noopener\" target=\"_blank\">CNN<\/a>.<\/p>\n<p class=\"_paragraph_o9xde_4 _paragraph_xtcu6_10 layout-component text-serif-m layout-normal text-serif-m layout-padded\">Videoer fra tragedien viser hvordan Barraza, bev\u00e6pnet kun med en pistol st\u00e5ende bak et tre, tok sikte p\u00e5 angriperne fra 45 meters avstand. Det regnes som et vanskelig skudd selv for erfarne skyttere.<\/p>\n<p class=\"_paragraph_o9xde_4 _paragraph_xtcu6_10 layout-component text-serif-m layout-normal text-serif-m layout-padded\">If\u00f8lge CNN, som siterer The Sydney Morning Herald, skal Barraza ha skutt den 50-\u00e5rige Sajid Akram. Kort tid etterp\u00e5 ble s\u00f8nnen Naveed (24) skutt og kritisk s\u00e5ret av andre politimenn.<\/p>\n<p class=\"_paragraph_o9xde_4 _paragraph_xtcu6_10 layout-component text-serif-m layout-normal text-serif-m layout-padded\"><a href=\"https:\/\/www.vg.no\/tag\/bondi-beach\" class=\"_link_o9xde_39\" rel=\"nofollow noopener\" target=\"_blank\">Terrorhandlingen startet<\/a> da far og s\u00f8nn Sajid Akram (50) og Naveed Akram (24) begynte \u00e5 skyte mot familier som feiret f\u00f8rste dag av den j\u00f8diske h\u00f8ytiden Hanukkah ved Bondi Beach s\u00f8ndag kveld. De brukte hagle og rifler i angrepet som varte i over seks minutter.<\/p>\n<p class=\"_paragraph_o9xde_4 _paragraph_xtcu6_10 layout-component text-serif-m layout-normal text-serif-m layout-padded\">Videoene viser hvordan Barraza posisjonerte seg bak et tre og tok sikte mot broen der gjerningspersonene befant seg. Han skj\u00f8t og drepte Sajid Akram, mens Naveed ble kritisk skadet og senere p\u00e5grepet.<\/p>\n<p class=\"_paragraph_o9xde_4 _paragraph_xtcu6_10 layout-component text-serif-m layout-normal text-serif-m layout-padded\">Videoene, som er lagt ut p\u00e5 sosiale medier og bekreftet av CNN, viser ulike vinkler fra samme \u00f8yeblikk, og avsl\u00f8rer hvordan angrepet og politiets respons utspilte seg p\u00e5 litt over seks minutter.<\/p>\n<p class=\"_paragraph_o9xde_4 _paragraph_xtcu6_10 layout-component text-serif-m layout-normal text-serif-m layout-padded\">\u2013 Jeg er utrolig stolt av politimannen som har blitt identifisert, sa politisjef Mal Lanyon uten \u00e5 navngi Barraza.<\/p>\n<p class=\"_paragraph_o9xde_4 _paragraph_xtcu6_10 layout-component text-serif-m layout-normal text-serif-m layout-padded\">Barraza har jobbet som politimann i minst 15 \u00e5r og var med i et australsk reality-TV-program i 2009.<\/p>\n<p class=\"_paragraph_o9xde_4 _paragraph_xtcu6_10 layout-component text-serif-m layout-normal text-serif-m layout-padded\">\u2013 Mitt navn er Cess Barraza, jeg er 26, og jeg vil bli politimann fordi jeg hater kriminalitet, sa han i programmet.<\/p>\n<p class=\"_paragraph_o9xde_4 _paragraph_xtcu6_10 layout-component text-serif-m layout-normal text-serif-m layout-padded\">Politiet mener angrepet var inspirert av IS-ideologi. Naveed Akram er siktet for terrorhandling og 15 drap.<\/p>\n<p class=\"_paragraph_o9xde_4 _paragraph_xtcu6_10 layout-component text-serif-m layout-normal text-serif-m layout-padded\">Australsk politi sier natt til fredag norsk tid at de har <a href=\"https:\/\/www.vg.no\/nyheter\/i\/0pnj16\/syv-menn-paagrepet-etter-bondi-beach-angrepet\" data-track-element-type=\"Link\" data-track-id=\"link:0pnj16\" class=\"_link_o9xde_39\" rel=\"nofollow noopener\" target=\"_blank\">p\u00e5grepet syv menn<\/a> som har ideologisk tilknytning til de to antatte gjerningsmennene.<\/p>\n<p class=\"_paragraph_o9xde_4 _paragraph_xtcu6_10 layout-component text-serif-m layout-normal text-serif-m layout-padded\">P\u00e5gripelsene ble gjort i Liverpool s\u00f8rvest i Sydney torsdag, opplyser New South Wales-politiets nestkommanderende, Dave Hudson til den australske TV-stasjonen <a href=\"https:\/\/www.abc.net.au\/news\/2025-12-19\/nsw-seven-arrested-liverpool-bondi-victoria-police\/106161610\" class=\"_link_o9xde_39\" rel=\"nofollow noopener\" target=\"_blank\">ABC<\/a>\u00a0fredag.<\/p>\n<p class=\"_paragraph_o9xde_4 _paragraph_xtcu6_10 layout-component text-serif-m layout-normal text-serif-m layout-padded\">\u2013 Vi har ingen definitive forbindelser mellom personene som begikk disse grusomhetene s\u00f8ndag og denne p\u00e5gripelsen i g\u00e5r, bortsett fra at de deler noe av det samme tankegodset, men s\u00e5 langt er det ingen forbindelser mellom dem, sier Hudson.<\/p>\n","protected":false},"excerpt":{"rendered":"Nye videoer viser hvordan en sivilkledt politimann stoppet terrorangrepet i Sydney. Detektiv Cesar Barraza er identifisert som helten&hellip;\n","protected":false},"author":2,"featured_media":117251,"comment_status":"","ping_status":"","sticky":false,"template":"","format":"standard","meta":{"footnotes":""},"categories":[5],"tags":[13899,20,21,24,25,15,19,22,23,17,18,13,30,28,29,14,16,13900,26,27],"class_list":{"0":"post-117250","1":"post","2":"type-post","3":"status-publish","4":"format-standard","5":"has-post-thumbnail","7":"category-overskrifter","8":"tag-bondi-beach","9":"tag-breaking-news","10":"tag-breakingnews","11":"tag-featured-news","12":"tag-featurednews","13":"tag-headlines","14":"tag-hovedoppslag","15":"tag-latest-news","16":"tag-latestnews","17":"tag-main-news","18":"tag-mainnews","19":"tag-news","20":"tag-no","21":"tag-norge","22":"tag-norway","23":"tag-nyheter","24":"tag-overskrifter","25":"tag-sydney","26":"tag-top-stories","27":"tag-topstories"},"share_on_mastodon":{"url":"https:\/\/pubeurope.com\/@no\/115745509094726031","error":""},"_links":{"self":[{"href":"https:\/\/www.europesays.com\/no\/wp-json\/wp\/v2\/posts\/117250","targetHints":{"allow":["GET"]}}],"collection":[{"href":"https:\/\/www.europesays.com\/no\/wp-json\/wp\/v2\/posts"}],"about":[{"href":"https:\/\/www.europesays.com\/no\/wp-json\/wp\/v2\/types\/post"}],"author":[{"embeddable":true,"href":"https:\/\/www.europesays.com\/no\/wp-json\/wp\/v2\/users\/2"}],"replies":[{"embeddable":true,"href":"https:\/\/www.europesays.com\/no\/wp-json\/wp\/v2\/comments?post=117250"}],"version-history":[{"count":0,"href":"https:\/\/www.europesays.com\/no\/wp-json\/wp\/v2\/posts\/117250\/revisions"}],"wp:featuredmedia":[{"embeddable":true,"href":"https:\/\/www.europesays.com\/no\/wp-json\/wp\/v2\/media\/117251"}],"wp:attachment":[{"href":"https:\/\/www.europesays.com\/no\/wp-json\/wp\/v2\/media?parent=117250"}],"wp:term":[{"taxonomy":"category","embeddable":true,"href":"https:\/\/www.europesays.com\/no\/wp-json\/wp\/v2\/categories?post=117250"},{"taxonomy":"post_tag","embeddable":true,"href":"https:\/\/www.europesays.com\/no\/wp-json\/wp\/v2\/tags?post=117250"}],"curies":[{"name":"wp","href":"https:\/\/api.w.org\/{rel}","templated":true}]}}