{"id":117252,"date":"2025-12-19T09:24:54","date_gmt":"2025-12-19T09:24:54","guid":{"rendered":"https:\/\/www.europesays.com\/no\/117252\/"},"modified":"2025-12-19T09:24:54","modified_gmt":"2025-12-19T09:24:54","slug":"kultur-sport-johaug-og-solbakken-blant-de-nominerte-til-idrettsgallaen-2026","status":"publish","type":"post","link":"https:\/\/www.europesays.com\/no\/117252\/","title":{"rendered":"Kultur, Sport | Johaug og Solbakken blant de nominerte til Idrettsgallaen 2026"},"content":{"rendered":"\n<p>B\u00e5de Therese Johaug og St\u00e5le Solbakken har havnet p\u00e5 den gjeve lista.\u00a0<\/p>\n<p>Navnene p\u00e5 de nominerte til idrettsgallaen ble offentliggjort onsdag 17. desember.\u00a0<\/p>\n<p>Ogs\u00e5 Gyda Westvold Hansen, som for \u00f8vrig er s\u00f8skenbarnet til Johaug, kan ende opp med prisen, som hyller de beste norske idrettsprestasjonene i \u00e5ret som gikk.\u00a0<\/p>\n<p>Juryleder Tore \u00d8verby er forberedt p\u00e5 at det blir diskusjon rundt nominasjonene.\u00a0<\/p>\n<p>\u2013 Diskusjoner om hvem som skal nomineres, opplever vi hvert eneste \u00e5r, og slik vil det alltid v\u00e6re i en slik k\u00e5ring. Det vil alltid v\u00e6re ut\u00f8vere med flotte prestasjoner som ikke blir nominert, men til slutt st\u00e5r vi uansett tilbake med verdige vinnere av alle prisene, sier \u00d8vreb\u00f8.<\/p>\n<p>(Se lista over de nominerte lenger ned i saken. )<\/p>\n<p>St\u00e5le Solbakken er nominert til prisen \u00e5rets trener. Under Solbakkens ledelse har Norge kvalifisert seg til VM for f\u00f8rste gang siden 1998.<\/p>\n<p>I forrige uke bekreftet han at han fortsetter som landslagssjef ogs\u00e5 etter VM.\u00a0<\/p>\n<p>Solbakken f\u00e5r 10 millioner i \u00e5ret, pluss bonus ved EM-kvalifisering, og <a rel=\"Follow nofollow noopener\" href=\"https:\/\/www.ostlendingen.no\/solbakken-har-signert-ny-avtale\/s\/80-69-159260\" target=\"_blank\">blir tidenes best betalte i jobben. <\/a><\/p>\n<p>Johaug har lagt opp som toppidrettsut\u00f8ver, men gjorde et comeback for \u00e5 g\u00e5 ski-VM 2025 i Trondheim.<\/p>\n<p>Der tok hun fire medaljer: S\u00f8lv p\u00e5 20 km skiatlon, s\u00f8lv 10 km klassisk, s\u00f8lv 4&#215;7.5 km stafett, og bronse p\u00e5 50 km fellesstart.<\/p>\n<p>   <img decoding=\"async\" width=\"3200\" height=\"2120\" fetchpriority=\"low\"  loading=\"lazy\"  src=\"https:\/\/www.europesays.com\/no\/wp-content\/uploads\/2025\/12\/5_141_31903+11NYH_01+01+untitled+11.jpg\" alt=\"\" class=\"brick-c-cFOWSL\" style=\"--brick-image-ratio: 3200 \/ 2120;\"\/><\/p>\n<p>      FORN\u00d8YD: Solbakken har gjort suksess som landslagstrener og n\u00e5 kan han vinne prisen \u00e5rets trener.<br \/>\n      Foto: Bj\u00f8rn-Frode L\u00f8vlund\n    <\/p>\n<p>Juryen har siden oktober, og helt fram til i dag, vurdert kandidatene til de ulike prisene.<\/p>\n<p>\u2013 2025 har v\u00e6rt et flott \u00e5r for norsk toppidrett. Nominasjonene til idrettsgallaen preges delvis av et fantastisk ski-VM p\u00e5 hjemmebane, men ogs\u00e5 et imponerende toppidrettsmangfold, sier juryleder Tore \u00d8vreb\u00f8.<\/p>\n<p>\u00c5rets kvinnelige og mannlige ut\u00f8ver gis til den som juryen mener har st\u00e5tt for den fremste internasjonale prestasjonen\/resultatet (ev. flere) i \u00e5ret som gikk.<\/p>\n<p>I klassene \u00e5rets forbilde og \u00e5rets hederspris er det ikke nominerte p\u00e5 forh\u00e5nd.<\/p>\n<p>Prisene deles ut p\u00e5 Idrettsgallaen l\u00f8rdag 10. januar.<\/p>\n<p>Her er de nominerte: <\/p>\n<p><b>\u00c5rets kvinnelige ut\u00f8ver: <\/b><\/p>\n<ul>\n<li>Grace Bullen, bryting<\/li>\n<li>Kari Brattset Dale, h\u00e5ndball<\/li>\n<li>Jeanette Hegg Duestad, skyting<\/li>\n<li>Marte Elverum, styrkel\u00f8ft<\/li>\n<li>Caroline Graham Hansen, fotball<\/li>\n<li>Gyda Westvold Hansen, kombinert<\/li>\n<li>Therese Johaug, langrenn<\/li>\n<li>Henriette J\u00e6ger, friidrett<\/li>\n<li>Solfrid Koanda, vektl\u00f8fting<\/li>\n<li>Solveig L\u00f8vseth, triatlon <\/li>\n<li>Henny Reistad, h\u00e5ndball <\/li>\n<li>Ragne Wiklund, sk\u00f8yter<\/li>\n<\/ul>\n<p>  <a href=\"https:\/\/www.ostlendingen.no\/80-69-159161\" class=\"related-teaser has-image default-story-teaser article--c-eRUmMG article--c-eRUmMG-jKCPdD-design-default\" rel=\"nofollow noopener\" target=\"_blank\"><\/p>\n<p>    <img decoding=\"async\" loading=\"lazy\"  src=\"https:\/\/www.europesays.com\/no\/wp-content\/uploads\/2025\/12\/IMG_4220_1.jpeg\" alt=\"\" class=\"brick-c-cFOWSL\" style=\"\"\/><\/p>\n<p>\n            Les ogs\u00e5<\/p>\n<p>              Johanne (28) r\u00f8mte til s\u00f8steren. Tror ukjent ulykke kan v\u00e6re grunnen til nedturen\n        <\/p>\n<p>  <\/a><\/p>\n<p><b>\u00c5rets mannlige ut\u00f8ver: <\/b><\/p>\n<ul>\n<li>Johannes Thingnes B\u00f8, skiskyting<\/li>\n<li>Sander Eitrem, sk\u00f8yter<\/li>\n<li>Kasper Harlem Fosser, orientering<\/li>\n<li>Erling Braut Haaland, fotball <\/li>\n<li>Jakob Ingebrigtsen, friidrett<\/li>\n<li>Johannes H\u00f8sflot Kl\u00e6bo, langrenn<\/li>\n<li>Peder Kongshaug, sk\u00f8yter<\/li>\n<li>Sturla Holm L\u00e6greid, skiskyting<\/li>\n<li>Kristoffer Reitan, golf<\/li>\n<li>Jarl Magnus Riiber, kombinert<\/li>\n<li>Birk Ruud, freeski<\/li>\n<li>Sander Aae Skotheim, friidrett<\/li>\n<li>Casper Stornes, triatlon<\/li>\n<li>Martin \u00d8degaard, fotball <\/li>\n<\/ul>\n<p><b>\u00c5rets lag: <\/b><\/p>\n<ul>\n<li>Beachvolleygutta, sandvolleyball<\/li>\n<li>Bod\u00f8\/Glimt, fotball<\/li>\n<li>Fotballandslaget, herrer, fotball<\/li>\n<li>H\u00e5ndballjentene, h\u00e5ndball<\/li>\n<li>Uno-X, sykkellag, sykkel <\/li>\n<\/ul>\n<p><b>\u00c5rets gjennombrudd:<\/b><\/p>\n<ul>\n<li>H\u00e5kon Moe Berg, friidrett<\/li>\n<li>Einar Hedegart, langrenn<\/li>\n<li>Maren Hjelmeset Kirkeeide, skiskyting<\/li>\n<li>Nicolai Budkov Kj\u00e6r, tennis <\/li>\n<li>Kristoffer Reitan, golf<\/li>\n<li>Ulrik Samn\u00f8y, freeski <\/li>\n<li>Pia Young Vik, orientering<\/li>\n<\/ul>\n<p><b>\u00c5rets kvinnelige paraut\u00f8ver:<\/b><\/p>\n<ul>\n<li>Vilde Nilsen, langrenn<\/li>\n<li>Helle Sofie Sag\u00f8y, badminton<\/li>\n<li>Lena Schr\u00f8der, ishockey <\/li>\n<li>Suzanna Tangen, sykkel <\/li>\n<\/ul>\n<p><b>\u00c5rets mannlige paraut\u00f8ver:<\/b><\/p>\n<ul>\n<li>Salum Kashafali, friidrett<\/li>\n<li>Thomas Karb\u00f8l Oxaal, langrenn<\/li>\n<li>Jesper Saltvik Pedersen, alpint<\/li>\n<li>Kim Rishaug, klatring<\/li>\n<li>Fredrik Solberg, sv\u00f8mming<\/li>\n<li>Vegard Sverd, friidrett<\/li>\n<\/ul>\n<p><b>\u00c5rets trener:<\/b>\u00a0<\/p>\n<ul>\n<li>Ole Gustav Gjekstad, h\u00e5ndball<\/li>\n<li>Unn Merete Lie J\u00e6ger, friidrett<\/li>\n<li>Kjetil Knutsen, fotball<\/li>\n<li>Siegfried Mazet\/Egil Kristiansen, skiskyting<\/li>\n<li>Arild Monsen og Eirik Myhr Nossum, langrenn<\/li>\n<li>Bjarne Rykkje, sk\u00f8yter<\/li>\n<li>Janne Salmi, orientering <\/li>\n<li>St\u00e5le Solbakken, fotball <\/li>\n<\/ul>\n<p>  <a href=\"https:\/\/www.ostlendingen.no\/80-69-140555\" class=\"related-teaser has-image default-story-teaser article--c-eRUmMG article--c-eRUmMG-jKCPdD-design-default\" rel=\"nofollow noopener\" target=\"_blank\"><\/p>\n<p>    <img decoding=\"async\" loading=\"lazy\"  src=\"https:\/\/www.europesays.com\/no\/wp-content\/uploads\/2025\/12\/stri6.jpg\" alt=\"\" class=\"brick-c-cFOWSL\" style=\"\"\/><\/p>\n<p>\n            Les ogs\u00e5<\/p>\n<p>              Tommy merker tr\u00f8kket: \u2013 Det er dette alle snakker om\n        <\/p>\n<p>  <\/a><\/p>\n<p><b>\u00c5rets navn (Folkejury):<\/b><\/p>\n<ul>\n<li>Bod\u00f8\/Glimt, fotball<\/li>\n<li>Johannes Thingnes B\u00f8, skiskyting<\/li>\n<li>Jeanette Hegg Duestad, skyting<\/li>\n<li>Fotballandslaget, herrer, fotball<\/li>\n<li>Erling Braut Haaland, fotball<\/li>\n<li>H\u00e5ndballjentene, h\u00e5ndball<\/li>\n<li>Jakob Ingebrigtsen, friidrett<\/li>\n<li>Therese Johaug, langrenn<\/li>\n<li>Salum Kashafali, friidrett<\/li>\n<li>Johannes H\u00f8sflot Kl\u00e6bo, langrenn<\/li>\n<li>Solfrid Koanda, vektl\u00f8fting<\/li>\n<li>Katrine Lunde, h\u00e5ndball<\/li>\n<li>Solveig L\u00f8vseth, triatlon<\/li>\n<li>Frida Maanum, fotball<\/li>\n<li>Vilde Nilsen, langrenn<\/li>\n<li>Jarl Magnus Riiber, kombinert<\/li>\n<\/ul>\n<p>\u00d8stlendingen m\u00f8tte Therese Johaug da hun annonserte at hun la opp i mai i \u00e5r:\u00a0<\/p>\n<p>    Vil du se neste video?<\/p>\n<p>    <a href=\"https:\/\/www.ostlendingen.no\/sann-ser-det-ut-nar-ronnaug-heier-fram-tantebarnet\/v\/80-69-161261\" class=\"recommend-poster\" data-adp-clicklabel=\"video-recommend\" data-adp-clickvalue=\"poster\" rel=\"nofollow noopener\" target=\"_blank\"><br \/>\n      <img decoding=\"async\" width=\"200\" height=\"200\" loading=\"lazy\" src=\"https:\/\/www.europesays.com\/no\/wp-content\/uploads\/2025\/12\/v-i-a9ee156f-a039-45d9-8ac1-33bd80253bed-4.jpg\" alt=\"\" class=\"brick-c-cFOWSL\" style=\"--brick-image-ratio: 200 \/ 200;\"\/><\/p>\n<p>S\u00e5nn ser det ut n\u00e5r R\u00f8nnaug heier fram tantebarnet0:19<\/p>\n<p>    <\/a><\/p>\n","protected":false},"excerpt":{"rendered":"B\u00e5de Therese Johaug og St\u00e5le Solbakken har havnet p\u00e5 den gjeve lista.\u00a0 Navnene p\u00e5 de nominerte til idrettsgallaen&hellip;\n","protected":false},"author":2,"featured_media":117253,"comment_status":"","ping_status":"","sticky":false,"template":"","format":"standard","meta":{"footnotes":""},"categories":[59],"tags":[36,410,30,1745,28,29,14,2932,83,82,1510],"class_list":{"0":"post-117252","1":"post","2":"type-post","3":"status-publish","4":"format-standard","5":"has-post-thumbnail","7":"category-sport","8":"tag-art","9":"tag-kultur","10":"tag-no","11":"tag-nord-osterdal","12":"tag-norge","13":"tag-norway","14":"tag-nyheter","15":"tag-os","16":"tag-sport","17":"tag-sports","18":"tag-story"},"share_on_mastodon":{"url":"https:\/\/pubeurope.com\/@no\/115745517225059832","error":""},"_links":{"self":[{"href":"https:\/\/www.europesays.com\/no\/wp-json\/wp\/v2\/posts\/117252","targetHints":{"allow":["GET"]}}],"collection":[{"href":"https:\/\/www.europesays.com\/no\/wp-json\/wp\/v2\/posts"}],"about":[{"href":"https:\/\/www.europesays.com\/no\/wp-json\/wp\/v2\/types\/post"}],"author":[{"embeddable":true,"href":"https:\/\/www.europesays.com\/no\/wp-json\/wp\/v2\/users\/2"}],"replies":[{"embeddable":true,"href":"https:\/\/www.europesays.com\/no\/wp-json\/wp\/v2\/comments?post=117252"}],"version-history":[{"count":0,"href":"https:\/\/www.europesays.com\/no\/wp-json\/wp\/v2\/posts\/117252\/revisions"}],"wp:featuredmedia":[{"embeddable":true,"href":"https:\/\/www.europesays.com\/no\/wp-json\/wp\/v2\/media\/117253"}],"wp:attachment":[{"href":"https:\/\/www.europesays.com\/no\/wp-json\/wp\/v2\/media?parent=117252"}],"wp:term":[{"taxonomy":"category","embeddable":true,"href":"https:\/\/www.europesays.com\/no\/wp-json\/wp\/v2\/categories?post=117252"},{"taxonomy":"post_tag","embeddable":true,"href":"https:\/\/www.europesays.com\/no\/wp-json\/wp\/v2\/tags?post=117252"}],"curies":[{"name":"wp","href":"https:\/\/api.w.org\/{rel}","templated":true}]}}