{"id":117261,"date":"2025-12-19T09:34:22","date_gmt":"2025-12-19T09:34:22","guid":{"rendered":"https:\/\/www.europesays.com\/no\/117261\/"},"modified":"2025-12-19T09:34:22","modified_gmt":"2025-12-19T09:34:22","slug":"norsk-fiasko-kan-redde-sporten","status":"publish","type":"post","link":"https:\/\/www.europesays.com\/no\/117261\/","title":{"rendered":"&#8211; Norsk fiasko kan redde sporten"},"content":{"rendered":"<p><a href=\"https:\/\/play.tv2.no\/sport\/vintersport\/v-cup-kombinert-6yf9bkst\" target=\"_blank\" data-lab-font_weight=\"bold\" class=\"bold m-bold italic m-italic\" data-lab-italic=\"italic\" rel=\"nofollow noopener\">Fredag: Se kombinert fra \u00d8sterrike p\u00e5 TV 2 Play fra klokken 10.10!<\/a><\/p>\n<p>Det norske kombinert-publikum har v\u00e6rt bortskjemt med dominerende resultater i flere \u00e5r.<\/p>\n<p>\u2013 Ironisk nok har den norske suksessen p\u00e5 en m\u00e5te v\u00e6rt negativ for sporten, mener TV 2s langrennsekspert Petter Skinstad, som skal v\u00e6re med \u00e5 kommentere helgens renn.<\/p>\n<p>S\u00e5 langt under \u00e5rets OL-sesong har palltapetseringen derimot latt vente p\u00e5 seg.<\/p>\n<p>        <img class=\"image__img lazyload\" itemprop=\"image\" title=\"Foto: Geir Olsen \/ NTB\" alt=\"VARIERENDE: Fra Jens Lur\u00e5s Oftebro og de norske kombinertherrene. Foto: Geir Olsen \/ NTB\" width=\"978\" height=\"551\" bad-src=\"https:\/\/www.europesays.com\/no\/wp-content\/uploads\/2025\/12\/18398739.webp\" fetchpriority=\"auto\" \/><\/p>\n<p>      VARIERENDE: Fra Jens Lur\u00e5s Oftebro og de norske kombinertherrene.<br \/>\n         Foto: Geir Olsen \/ NTB<\/p>\n<p>\u2013 Har v\u00e6rt negativt<\/p>\n<p>Seiersgarantist Jarl Magnus Riiber har lagt opp, og Gyda Westvold Hansen satser n\u00e5 som skihopper.<\/p>\n<p class=\"bold m-bold\" data-lab-font_weight=\"bold\">\u2013 Det kan vise seg \u00e5 v\u00e6re en gavepakke. Norsk fiasko kan redde kombinertsporten i OL-sammenheng, lyder det fra Skinstad.<\/p>\n<p>        <img class=\"image__img lazyload\" itemprop=\"image\" title=\"Foto: Terje Pedersen \/ NTB\" alt=\"REDDES AV FIASKO? Svak norsk innsats kan utrolig nok v\u00e6re h\u00e5ndsrekningen kombinert trenger, mener Petter Skinstad, Foto: Terje Pedersen \/ NTB\" width=\"978\" height=\"551\" bad-src=\"https:\/\/www.europesays.com\/no\/wp-content\/uploads\/2025\/12\/18399379.webp\" fetchpriority=\"auto\" \/><\/p>\n<p>      REDDES AV FIASKO? Svak norsk innsats kan utrolig nok v\u00e6re h\u00e5ndsrekningen kombinert trenger, mener Petter Skinstad,<br \/>\n         Foto: Terje Pedersen \/ NTB<\/p>\n<p>\u2013 Tabloid sagt er det ikke s\u00e5 langt unna. Det er jo ingen tvil om at herjingen vi har gjort siden VM i Seefeld 2019 har v\u00e6rt negativt for det store bildet, sier sportssjef Ivar Stuan.<\/p>\n<p>Hvorfor, lurer du kanskje p\u00e5.<\/p>\n<p>Kombinert st\u00e5r i fare for \u00e5 falle ut av OL 2030.\u00a0<\/p>\n<p class=\"bold m-bold\" data-lab-font_weight=\"bold\">Kvinnene har selv aldri f\u00e5tt lov til \u00e5 delta.<\/p>\n<p>\u2013 Det er en disiplin som har hatt utfordringer gjennom de siste tre vinterlekene. B\u00e5de hva gjelder utbredelse og oppslutning, spesielt utenfor Europa, forteller Kristin Kloster i IOC.<\/p>\n<p>        <img class=\"image__img lazyload\" itemprop=\"image\" title=\"Foto: Erik Flaaris Johansen \/ NTB\" alt=\"IOC-topp: Kristin Kloster. Foto: Erik Flaaris Johansen \/ NTB\" width=\"978\" height=\"551\" bad-src=\"https:\/\/www.europesays.com\/no\/wp-content\/uploads\/2025\/12\/18398743.webp\" fetchpriority=\"auto\" \/><\/p>\n<p>      IOC-topp: Kristin Kloster.<br \/>\n         Foto: Erik Flaaris Johansen \/ NTB<\/p>\n<p>Dermed er det med andre ord positivt at flere nasjoner melder seg p\u00e5 og \u00f8ker engasjementet i sine land.\u00a0<\/p>\n<p>Sjekker man verdenscup-tabellen p\u00e5 herresiden, m\u00e5 man helt ned til \u00e5ttendeplass for \u00e5 finne beste norske: Einar Lur\u00e5s Oftebro.<\/p>\n<p>\u00d8verst er \u00f8sterrikske Johannes Lamparter, tyske Julian Schmid, Franz-Josef Rehrl fra \u00d8sterrike og finske Ilkka Herola.<\/p>\n<p>Hagen-lyspunkt<\/p>\n<p>Mer gledelig er det for Ida Marie Hagen, som leder sammenlagt p\u00e5 kvinnesiden.<\/p>\n<p data-lab-font_weight=\"\">\u2013 Vi har jo en veldig sterk kvinnegruppe med Ida i spissen. Det er veldig bra, sier Stuan.<\/p>\n<p>Men bak henne er en \u00f8sterriker, tysker, amerikaner, to finner og en japaner, f\u00f8r \u00e5ttendeplasserte Ingrid L\u00e5te (18).<\/p>\n<p>\u2013 Det er \u00f8sterriksk suksess i verdenscupen, det er en amerikansk jente som tar USAs f\u00f8rste pallplass p\u00e5 flere \u00e5r, i tillegg til ut\u00f8vere fra Finland og Japan som gj\u00f8r det bra. Alt dette er positivt, sier Skinstad.<\/p>\n<p>        <img class=\"image__img lazyload\" itemprop=\"image\" title=\"Foto: Geir Olsen \/ NTB\" alt=\"NORGE, \u00d8STERRIKE; TYSKLAND: Er de tre nasjonene som dominerer. Ida Marie Hagen til venstre, sammen med Katharina Gruber og Nathalie Armbruster. Foto: Geir Olsen \/ NTB\" width=\"978\" height=\"551\" bad-src=\"https:\/\/www.europesays.com\/no\/wp-content\/uploads\/2025\/12\/18398776.webp\" fetchpriority=\"auto\" \/><\/p>\n<p>      NORGE, \u00d8STERRIKE; TYSKLAND: Er de tre nasjonene som dominerer. Ida Marie Hagen til venstre, sammen med Katharina Gruber og Nathalie Armbruster.<br \/>\n         Foto: Geir Olsen \/ NTB<\/p>\n<p>Jens Lur\u00e5s Oftebro var en del av mikslaget som vant gull under VM i Trondheim. Han har ogs\u00e5 individuelt s\u00f8lv fra VM (2025) og OL (2022).<\/p>\n<p>Men denne sesongen har det ikke klaffet, s\u00e6rlig i hoppbakken. Sammenlagt ligger han p\u00e5 15. plass.<\/p>\n<p>\u2013 Vi har ikke truffet maks med inngangen s\u00e5 langt, men det er bare sm\u00e5 justeringer som skal til, mener Lur\u00e5s Oftebro og tilf\u00f8yer:<\/p>\n<p>\u2013 Per n\u00e5 er vi s\u00e5pass mye d\u00e5rligere enn b\u00e5de Tyskland og \u00d8sterrike i de f\u00f8rste rennene. Det \u00f8nsker vi ikke.<\/p>\n<p>Samtidig synes 25-\u00e5ringen det er positivt at flere nasjoner blander seg inn i tetsjiktet.<\/p>\n<p>\u2013 Vi har v\u00e6rt flinke til \u00e5 toppe formen til mesterskap, mens andre har falt litt sammen. Det tror jeg vi skal f\u00e5 til i \u00e5r ogs\u00e5, sier han lurt.\u00a0<\/p>\n<p>\u2013 Men i verdenscupen har vi sett b\u00e5de Geiger og Lamparter sl\u00e5 Riiber tidligere, fortsetter ut\u00f8veren fra B\u00e6rum.<\/p>\n<p>Verdenscupen sammenlagt 2024\/2025: Vinzenz Geiger vant foran Jarl Magnus Riiber og Johannes Lamparter. Jens Lur\u00e5s Oftebro ble nummer seks.\u00a0<\/p>\n<p class=\"bold m-bold\" data-lab-font_weight=\"bold\">Mens under VM p\u00e5 hjemmebane gikk 9 av 14 mulige medaljer til Norge.<\/p>\n<p>\u2013 Hvis vi hadde gjort alt riktig, hadde det blitt seks gull p\u00e5 oss. Det er min p\u00e5stand, men det er kanskje bra at det ikke skjedde, sier Stuan og understreker:<\/p>\n<p>\u2013 For v\u00e5r del er det viktig \u00e5 prestere for interessen i Norge, s\u00e5 vi m\u00e5 jo henge med i toppen. Det er det ingen tvil om. Det er viktig for antall TV-seere, sponsorer, markedet generelt og media. Vi m\u00e5 levere resultater.<\/p>\n<p>\u2013 Da er det katastrofe<\/p>\n<p>Under vinterlekene i Italia vil det v\u00e6re f\u00e6rre kvoteplasser enn tidligere, med bare tre ut\u00f8vere per land.\u00a0<\/p>\n<p>\u2013 De vil ha flere nasjoner blant topp 20. Det m\u00e5 vi bare leve med. Vi m\u00e5 bare tenke at vi skal gj\u00f8re s\u00e5 godt vi kan, s\u00e5 f\u00e5r FIS ha sine tanker og m\u00e5l, det er greit, sier Stuan.<\/p>\n<p>        <img class=\"image__img lazyload\" itemprop=\"image\" title=\"Foto: Geir Olsen \/ NTB\" alt=\"FRYKT: \u2013 Hvis det ikke blir kombinert i OL 2030, s\u00e5 er det katastrofe, sier Ivar Stuan. Foto: Geir Olsen \/ NTB\" width=\"675\" height=\"466\" bad-src=\"https:\/\/www.europesays.com\/no\/wp-content\/uploads\/2025\/12\/18398781.webp\" fetchpriority=\"auto\" \/><\/p>\n<p>      FRYKT: \u2013 Hvis det ikke blir kombinert i OL 2030, s\u00e5 er det katastrofe, sier Ivar Stuan.<br \/>\n         Foto: Geir Olsen \/ NTB<\/p>\n<p>Kristin Kloster ble i \u00e5r gjenvalgt som b\u00e5de IOC-medlem og styremedlem i IOC. Hun leder IOCs koordineringskommisjon for Milano Cortina 2026.<\/p>\n<p>Det endelige \u00f8velsesprogrammet for 2030-OL kommer i juni.<\/p>\n<p>\u2013 Etter lekene i Milano-Cortina skal det foretas en evaluering av alle sider av lekene, som skjer hver gang etter et OL. Det gjelder ogs\u00e5 oppslutning rundt de ulike disiplinene, forklarer Kloster.<\/p>\n<p class=\"italic m-italic\" data-lab-italic=\"italic\">\u2013 Hva er det som avgj\u00f8r om kombinert f\u00e5r v\u00e6re med?<\/p>\n<p>\u2013 Det er en totalvurdering. Man vurderer popularitet og oppslutning, det er mange faktorer som spiller inn.\u00a0En av de viktigste er oppslutningen i antall nasjoner, svarer hun.<\/p>\n<p>Kloster viser til at i de siste tre vinter OL-ene ble de 27 kombinertmedaljene vunnet av fire nasjoner. I tillegg hadde kombinert svakest oppslutning av f\u00f8lgere og publikum.<\/p>\n<p>\u2013 I konkurransen om \u00e5 f\u00e5 plass p\u00e5 det olympiske \u00f8velsesprogrammet er dette selvsagt en bekymring for kombinertsporten, sier hun.<\/p>\n<p class=\"bold m-bold\" data-lab-font_weight=\"bold\">\u2013 Hvis det ikke blir kombinert i OL, s\u00e5 er det jo katastrofe for sporten. Hvis vi er ute av OL, blir det helt forferdelig. Men det tenker vi ikke s\u00e5 mye p\u00e5 n\u00e5, sier Stuan.\u00a0<\/p>\n<p>\u2013 En viktig premiss er at antallet ut\u00f8vere skal holdes innenfor 2900. Og at man skal v\u00e6re lydh\u00f8r for s\u00e6rforbundenes \u00f8nsker om \u00e5 inkludere nye disipliner og p\u00e5 den m\u00e5ten sikre at OL forblir tidsrelevant, sier IOC-toppen.<\/p>\n<p>Vinter-OL i Italia blir enda viktigere n\u00e5, sammenlignet med tidligere, mener Stuan:<\/p>\n<p>\u2013 Da er det tre ting som gjelder: Fulle tribuner, gode TV-tall og sterke profiler. Der har det blitt jobbet bra p\u00e5 sosiale medier fra FIS og med media generelt i det siste.<\/p>\n<p>\u2013 Litt sjokk<\/p>\n<p>Samtidig gj\u00f8res det utlendingsgrep innad i laget. Estiske Kristjan Ilves har blant annet trent fast med det norske landslaget i flere \u00e5r.<\/p>\n<p>\u2013 Han har g\u00e5tt fra topp 30 sammenlagt, til topp seks og stabile plasseringer i mange sesonger, sier Lur\u00e5s Oftebro.<\/p>\n<p>\u2013 S\u00e5 m\u00e5 vi passe p\u00e5 \u00e5 ikke glemme oss selv oppi dette, at vi klarer \u00e5 prestere ogs\u00e5. Det gj\u00f8r vi ikke for tiden.<\/p>\n<p>F\u00f8rste mulighet til \u00e5 snu det er som nevnt i Ramsau. Flere av de norske har v\u00e6rt p\u00e5 plass i en uke for \u00e5 tilvenne seg forholdene.<\/p>\n<p>\u2013 Det er litt sjokk p\u00e5 kroppen de f\u00f8rste dagene, men n\u00e5 f\u00f8les det bra. Vi som lag er giret p\u00e5 \u00e5 sl\u00e5 tilbake, sier Lur\u00e5s Oftebro.<\/p>\n<p>\u2013 Vi hadde fire konkurranser i Trondheim og tre av dem ble vunnet av \u00d8sterrike, hvor vi n\u00e5 skal\u00a0konkurrere.\u00a0Det blir artig \u00e5 se responsen der. N\u00e5 m\u00e5 vi opp i ringa og vise at vi vil v\u00e6re med, ikke bare se p\u00e5, sier Stuan bestemt.<\/p>\n","protected":false},"excerpt":{"rendered":"Fredag: Se kombinert fra \u00d8sterrike p\u00e5 TV 2 Play fra klokken 10.10! Det norske kombinert-publikum har v\u00e6rt bortskjemt&hellip;\n","protected":false},"author":2,"featured_media":117262,"comment_status":"","ping_status":"","sticky":false,"template":"","format":"standard","meta":{"footnotes":""},"categories":[59],"tags":[30,28,29,83,82],"class_list":{"0":"post-117261","1":"post","2":"type-post","3":"status-publish","4":"format-standard","5":"has-post-thumbnail","7":"category-sport","8":"tag-no","9":"tag-norge","10":"tag-norway","11":"tag-sport","12":"tag-sports"},"share_on_mastodon":{"url":"https:\/\/pubeurope.com\/@no\/115745552264376554","error":""},"_links":{"self":[{"href":"https:\/\/www.europesays.com\/no\/wp-json\/wp\/v2\/posts\/117261","targetHints":{"allow":["GET"]}}],"collection":[{"href":"https:\/\/www.europesays.com\/no\/wp-json\/wp\/v2\/posts"}],"about":[{"href":"https:\/\/www.europesays.com\/no\/wp-json\/wp\/v2\/types\/post"}],"author":[{"embeddable":true,"href":"https:\/\/www.europesays.com\/no\/wp-json\/wp\/v2\/users\/2"}],"replies":[{"embeddable":true,"href":"https:\/\/www.europesays.com\/no\/wp-json\/wp\/v2\/comments?post=117261"}],"version-history":[{"count":0,"href":"https:\/\/www.europesays.com\/no\/wp-json\/wp\/v2\/posts\/117261\/revisions"}],"wp:featuredmedia":[{"embeddable":true,"href":"https:\/\/www.europesays.com\/no\/wp-json\/wp\/v2\/media\/117262"}],"wp:attachment":[{"href":"https:\/\/www.europesays.com\/no\/wp-json\/wp\/v2\/media?parent=117261"}],"wp:term":[{"taxonomy":"category","embeddable":true,"href":"https:\/\/www.europesays.com\/no\/wp-json\/wp\/v2\/categories?post=117261"},{"taxonomy":"post_tag","embeddable":true,"href":"https:\/\/www.europesays.com\/no\/wp-json\/wp\/v2\/tags?post=117261"}],"curies":[{"name":"wp","href":"https:\/\/api.w.org\/{rel}","templated":true}]}}