{"id":117269,"date":"2025-12-19T09:43:31","date_gmt":"2025-12-19T09:43:31","guid":{"rendered":"https:\/\/www.europesays.com\/no\/117269\/"},"modified":"2025-12-19T09:43:31","modified_gmt":"2025-12-19T09:43:31","slug":"stavernfestivalen-musikk-to-nye-navn-klare-for-stavernfestivalen","status":"publish","type":"post","link":"https:\/\/www.europesays.com\/no\/117269\/","title":{"rendered":"Stavernfestivalen, Musikk | To nye navn klare for Stavernfestivalen"},"content":{"rendered":"\n<p><b>Tinie Tempah har lange r\u00f8tter i festivalens historie og vender tilbake for \u00e5 skape ny Stavernstemning. Den britiske superstjernen har, if\u00f8lge arrang\u00f8rene, tidligere levert noen av festivalens mest minneverdige \u00f8yeblikk, og er kjent for \u00e5 gj\u00f8re festivalomr\u00e5det om til \u00e9n stor fest.<\/b><\/p>\n<p>\u2013 N\u00e5r vi n\u00e5 fyller 25 \u00e5r, var det ett navn fra festivalens tid p\u00e5 golfbanen som var selvskreven p\u00e5 lineupen. Tinie Tempah har i 2017, 2019 og 2023 levert noen av de st\u00f8rste konsertopplevelsene i festivalens historie. Vi gleder oss til \u00e5 gjenoppleve festen han skaper til sommeren, sier festivalsjef Christoffer Huse i en pressemelding.<\/p>\n<p>Samtidig bekreftes den norske artisten Musti til Stavernfestivalen 2026.<\/p>\n<p><b>\u2013 Med kompromissl\u00f8s energi, sterk formidling og tydelig stemme har hun markert seg som en av de mest spennende og aktuelle artistene i norsk musikk akkurat n\u00e5, sier Huse. <\/b><\/p>\n<p>\u2013 Med Tinie Tempah og Musti p\u00e5 plakaten fortsetter Stavernfestivalen \u00e5 samle b\u00e5de ikoniske favoritter og nye, viktige stemmer til jubileums\u00e5ret, sier han videre.<\/p>\n<p><b>Festivalen arrangeres 2.-4. juli p\u00e5 Larvik Golf Arena. Til n\u00e5 er Undergrunn, Ari Bajgora, Highasakite, Tinie Tempah og Musti klare, og flere artistslipp vil bli annonsert fortl\u00f8pende.<\/b><\/p>\n<p>  <a href=\"https:\/\/www.op.no\/5-36-1861611\" class=\"related-teaser has-image default-story-teaser article--c-eRUmMG article--c-eRUmMG-jKCPdD-design-default\" rel=\"nofollow noopener\" target=\"_blank\"><\/p>\n<p>    <img decoding=\"async\" loading=\"lazy\"  src=\"https:\/\/www.europesays.com\/no\/wp-content\/uploads\/2025\/12\/NTB_qzcMAgAn9fk.jpg\" alt=\"\" class=\"brick-c-cFOWSL\" style=\"\"\/><\/p>\n<p>\n            Les ogs\u00e5<\/p>\n<p>              Klare for Stavernfestivalen i jubileums\u00e5ret\n        <\/p>\n<p>  <\/a><\/p>\n<p>  <a href=\"https:\/\/www.op.no\/5-36-1861026\" class=\"related-teaser has-image default-story-teaser article--c-eRUmMG article--c-eRUmMG-jKCPdD-design-default\" rel=\"nofollow noopener\" target=\"_blank\"><\/p>\n<p>    <img decoding=\"async\" loading=\"lazy\"  src=\"https:\/\/www.europesays.com\/no\/wp-content\/uploads\/2025\/12\/ARi_Studio_pressebilder-2.jpg\" alt=\"\" class=\"brick-c-cFOWSL\" style=\"\"\/><\/p>\n<p>\n            Les ogs\u00e5<\/p>\n<p>              \u00abNorges nye rapstjerne\u00bb til Stavernfestivalen\n        <\/p>\n<p>  <\/a><\/p>\n<p>  <a href=\"https:\/\/www.op.no\/5-36-1860977\" class=\"related-teaser has-image default-story-teaser article--c-eRUmMG article--c-eRUmMG-jKCPdD-design-default\" rel=\"nofollow noopener\" target=\"_blank\"><\/p>\n<p>    <img decoding=\"async\" loading=\"lazy\"  src=\"https:\/\/www.europesays.com\/no\/wp-content\/uploads\/2025\/12\/UG+PRESSE.jpg\" alt=\"\" class=\"brick-c-cFOWSL\" style=\"\"\/><\/p>\n<p>\n            Les ogs\u00e5<\/p>\n<p>              Stavernfestivalen har sluppet f\u00f8rste artist \u2013 og n\u00e5 kommer de p\u00e5 rekke og rad\n        <\/p>\n<p>  <\/a><\/p>\n","protected":false},"excerpt":{"rendered":"Tinie Tempah har lange r\u00f8tter i festivalens historie og vender tilbake for \u00e5 skape ny Stavernstemning. Den britiske&hellip;\n","protected":false},"author":2,"featured_media":117270,"comment_status":"","ping_status":"","sticky":false,"template":"","format":"standard","meta":{"footnotes":""},"categories":[58],"tags":[36,71,410,221,30,28,29,978,6711,1510,72],"class_list":{"0":"post-117269","1":"post","2":"type-post","3":"status-publish","4":"format-standard","5":"has-post-thumbnail","7":"category-underholdning","8":"tag-art","9":"tag-entertainment","10":"tag-kultur","11":"tag-musikk","12":"tag-no","13":"tag-norge","14":"tag-norway","15":"tag-stavern-og-brunlanes","16":"tag-stavernfestivalen","17":"tag-story","18":"tag-underholdning"},"share_on_mastodon":{"url":"https:\/\/pubeurope.com\/@no\/115745587642845994","error":""},"_links":{"self":[{"href":"https:\/\/www.europesays.com\/no\/wp-json\/wp\/v2\/posts\/117269","targetHints":{"allow":["GET"]}}],"collection":[{"href":"https:\/\/www.europesays.com\/no\/wp-json\/wp\/v2\/posts"}],"about":[{"href":"https:\/\/www.europesays.com\/no\/wp-json\/wp\/v2\/types\/post"}],"author":[{"embeddable":true,"href":"https:\/\/www.europesays.com\/no\/wp-json\/wp\/v2\/users\/2"}],"replies":[{"embeddable":true,"href":"https:\/\/www.europesays.com\/no\/wp-json\/wp\/v2\/comments?post=117269"}],"version-history":[{"count":0,"href":"https:\/\/www.europesays.com\/no\/wp-json\/wp\/v2\/posts\/117269\/revisions"}],"wp:featuredmedia":[{"embeddable":true,"href":"https:\/\/www.europesays.com\/no\/wp-json\/wp\/v2\/media\/117270"}],"wp:attachment":[{"href":"https:\/\/www.europesays.com\/no\/wp-json\/wp\/v2\/media?parent=117269"}],"wp:term":[{"taxonomy":"category","embeddable":true,"href":"https:\/\/www.europesays.com\/no\/wp-json\/wp\/v2\/categories?post=117269"},{"taxonomy":"post_tag","embeddable":true,"href":"https:\/\/www.europesays.com\/no\/wp-json\/wp\/v2\/tags?post=117269"}],"curies":[{"name":"wp","href":"https:\/\/api.w.org\/{rel}","templated":true}]}}