{"id":117277,"date":"2025-12-19T09:50:37","date_gmt":"2025-12-19T09:50:37","guid":{"rendered":"https:\/\/www.europesays.com\/no\/117277\/"},"modified":"2025-12-19T09:50:37","modified_gmt":"2025-12-19T09:50:37","slug":"kultur-tv-2-ny-jobb-for-kurt-nilsen-i-drammen","status":"publish","type":"post","link":"https:\/\/www.europesays.com\/no\/117277\/","title":{"rendered":"Kultur, TV 2 | Ny jobb for Kurt Nilsen \u2013 i Drammen"},"content":{"rendered":"\n<p>Kurt Nilsen, Henriette Steenstrup, B\u00e5rd Ylvis\u00e5ker og Alexandra Joner blir dommere i TV 2s nye underholdningsprogram \u00abShowtime \u2013 Scenen er din\u00bb.<\/p>\n<p>Det bekrefter TV 2 i en pressemelding.<\/p>\n<p>Programmet skal spilles inn i Drammen.<\/p>\n<p>\u2013 Innspillingen skjer i toppmoderne fasiliteter i Gateway Studios i Drammen, som med dette befester sin posisjon som en viktig arena for store TV-produksjoner i Norge, skriver senior prosjektleder May Kristin Krispersen i en pressemelding.<\/p>\n<p>Studioet vil \u00e5pnes for publikum under innspillingen. Billettsalget startet samtidig som nyheten ble sluppet torsdag.<\/p>\n<p>   <img decoding=\"async\" width=\"6048\" height=\"4024\" fetchpriority=\"low\"  loading=\"lazy\"  src=\"https:\/\/www.europesays.com\/no\/wp-content\/uploads\/2025\/12\/Gateway_Studios_9.png\" alt=\"\" class=\"brick-c-cFOWSL\" style=\"--brick-image-ratio: 6048 \/ 4024;\"\/><\/p>\n<p>      Sesong to av Ylvis mot Ylvis p\u00e5 TV 2 ble ogs\u00e5 spilt inn i studioet i 2024.<br \/>\n      Foto: Markus Hamletsen\n    <\/p>\n<p>  \u2013 Helt nytt<\/p>\n<p>Programmet beskrives som \u00abet nytt underholdningsprogram som vil kombinere sceneshow, konkurranse og reality p\u00e5 en unik m\u00e5te. Her f\u00e5r seerne se imponerende underholdningsnumre fra scenen, presentert av kjente profiler i samspill\u00bb.<\/p>\n<p>\u2013 Det er veldig bra n\u00e5r egenutviklede programideer settes i produksjon. \u00abShowtime\u00bb er et helt nytt, norsk underholdningskonsept, som vi gleder oss til \u00e5 vise fram til seerne, sier Trygve R\u00f8nningen, programredakt\u00f8r i TV 2.<\/p>\n<p>   <img decoding=\"async\" width=\"576\" height=\"384\" fetchpriority=\"low\"  loading=\"lazy\"  src=\"https:\/\/www.europesays.com\/no\/wp-content\/uploads\/2025\/12\/1766137837_928_Dommere.jpg\" alt=\"\" class=\"brick-c-cFOWSL\" style=\"--brick-image-ratio: 576 \/ 384;\"\/><\/p>\n<p>      DOMMERPANEL: B\u00e5rd Ylvis\u00e5ker, Henriette Stensrup, Alexandra Joner og Kurt Nilsen er dommerne i TV 2s nye satsning.<br \/>\n      Foto: Espen Solli (TV 2)\n    <\/p>\n<p>I l\u00f8pet av ti uker skal ni kjendispar kjempe om \u00e5 skape det mest spektakul\u00e6re showet.<\/p>\n<p>\u2013 Dette blir h\u00f8y underholdningsfaktor som vi h\u00e5per vil samle hele familien. N\u00e5 har vi snart p\u00e5 plass de siste av de totalt ni deltakerparene, og vi har allerede klart et solid dommerpanel, med meget bred erfaring innen underholdningsbransjen. Dette blir spennende!<\/p>\n","protected":false},"excerpt":{"rendered":"Kurt Nilsen, Henriette Steenstrup, B\u00e5rd Ylvis\u00e5ker og Alexandra Joner blir dommere i TV 2s nye underholdningsprogram \u00abShowtime \u2013&hellip;\n","protected":false},"author":2,"featured_media":116237,"comment_status":"","ping_status":"","sticky":false,"template":"","format":"standard","meta":{"footnotes":""},"categories":[58],"tags":[36,427,71,410,5523,30,28,29,1510,208,72],"class_list":{"0":"post-117277","1":"post","2":"type-post","3":"status-publish","4":"format-standard","5":"has-post-thumbnail","7":"category-underholdning","8":"tag-art","9":"tag-drammen","10":"tag-entertainment","11":"tag-kultur","12":"tag-lier","13":"tag-no","14":"tag-norge","15":"tag-norway","16":"tag-story","17":"tag-tv-2","18":"tag-underholdning"},"share_on_mastodon":{"url":"https:\/\/pubeurope.com\/@no\/115745615217867819","error":""},"_links":{"self":[{"href":"https:\/\/www.europesays.com\/no\/wp-json\/wp\/v2\/posts\/117277","targetHints":{"allow":["GET"]}}],"collection":[{"href":"https:\/\/www.europesays.com\/no\/wp-json\/wp\/v2\/posts"}],"about":[{"href":"https:\/\/www.europesays.com\/no\/wp-json\/wp\/v2\/types\/post"}],"author":[{"embeddable":true,"href":"https:\/\/www.europesays.com\/no\/wp-json\/wp\/v2\/users\/2"}],"replies":[{"embeddable":true,"href":"https:\/\/www.europesays.com\/no\/wp-json\/wp\/v2\/comments?post=117277"}],"version-history":[{"count":0,"href":"https:\/\/www.europesays.com\/no\/wp-json\/wp\/v2\/posts\/117277\/revisions"}],"wp:featuredmedia":[{"embeddable":true,"href":"https:\/\/www.europesays.com\/no\/wp-json\/wp\/v2\/media\/116237"}],"wp:attachment":[{"href":"https:\/\/www.europesays.com\/no\/wp-json\/wp\/v2\/media?parent=117277"}],"wp:term":[{"taxonomy":"category","embeddable":true,"href":"https:\/\/www.europesays.com\/no\/wp-json\/wp\/v2\/categories?post=117277"},{"taxonomy":"post_tag","embeddable":true,"href":"https:\/\/www.europesays.com\/no\/wp-json\/wp\/v2\/tags?post=117277"}],"curies":[{"name":"wp","href":"https:\/\/api.w.org\/{rel}","templated":true}]}}