{"id":117280,"date":"2025-12-19T09:56:11","date_gmt":"2025-12-19T09:56:11","guid":{"rendered":"https:\/\/www.europesays.com\/no\/117280\/"},"modified":"2025-12-19T09:56:11","modified_gmt":"2025-12-19T09:56:11","slug":"freddy-dos-santos-ny-jobb","status":"publish","type":"post","link":"https:\/\/www.europesays.com\/no\/117280\/","title":{"rendered":"Freddy dos Santos, Ny jobb"},"content":{"rendered":"\n<p>Den tidligere fotballspilleren blir supporterkoordinator i NFF.<\/p>\n<p>\u2013 Jeg har levd i og rundt fotballen hele livet. s\u00e5 det \u00e5 komme tilbake i fotballen f\u00f8les veldig spennende, sier dos Santos til NTB.<\/p>\n<p><b>Les ogs\u00e5: <a href=\"https:\/\/www.nettavisen.no\/sport\/freddy-dos-santos-tatt-pa-fersken-utestengt-fra-lokalbutikken\/s\/5-95-2756944\" rel=\"Follow nofollow noopener\" target=\"_blank\">Freddy dos Santos tatt p\u00e5 fersken: Utestengt fra lokalbutikken<\/a><\/b><\/p>\n<p>Dos Santos kommer fra jobben som markedssjef p\u00e5 utestedet Carls i Oslo. Det var der landslaget gikk p\u00e5 scenen etter hyllesten p\u00e5 R\u00e5dhusplassen for \u00e5 feire VM-plassen.<\/p>\n<p>Dos Santos forteller at dialogen med NFF startet etter at han var med p\u00e5 \u00e5 arrangere en VAR-debatt med forbundet og supportere tidligere i \u00e5r.<\/p>\n<p>\u2013 Det ble kanskje en \u00f8ye\u00e5pner for forbundet at disse m\u00f8tepunktene trengs det mer av, sier dos Santos.<\/p>\n<p>   <img decoding=\"async\" width=\"8192\" height=\"5464\" fetchpriority=\"low\"  loading=\"lazy\"  src=\"https:\/\/www.europesays.com\/no\/wp-content\/uploads\/2025\/12\/73BBjaigWm4.jpg\" alt=\"Oslo 20251117. &#10;Herrelandslaget feirer VM-kvalifiseringen p\u00e5 Carls pub i Oslo.&#10;Foto: Jonas Been Henriksen \/ NTB\" class=\"brick-c-cFOWSL\" style=\"--brick-image-ratio: 8192 \/ 5464;\"\/><\/p>\n<p>      FOLKEFEST: Freddy dos Santos har vist at han klarer \u00e5 samle fotballsupporterne.<br \/>\n      Foto: Jonas Been Henriksen (NTB)\n    <\/p>\n<p>49-\u00e5ringen huskes best for sin ti \u00e5r lange periode i V\u00e5lerenga. Han har ogs\u00e5 spilt for Skeid og Molde.<\/p>\n<p>\u2013 Jeg har v\u00e6rt en av de f\u00e5 spillerne med lang fartstid i Eliteserien som har g\u00e5tt fra \u00e5 v\u00e6re spiller til \u00e5 v\u00e6re fast og syngende p\u00e5 tribunen. Jeg liker det milj\u00f8et veldig godt og det fellesskapet i supporterkulturen.<\/p>\n<p><b>Les ogs\u00e5: <a href=\"https:\/\/www.nettavisen.no\/sport\/freddy-dos-santos-sa-opp-jobben-fronter-ny-storsatsing-kunne-ikke-takke-nei\/s\/5-95-1592226\" rel=\"Follow nofollow noopener\" target=\"_blank\">Freddy dos Santos sa opp jobben. Fronter ny storsatsing: \u2013 Kunne ikke takke nei<\/a><\/b><\/p>\n<p>Det neste halv\u00e5ret er det mange supportere som forbereder seg p\u00e5 USA-tur.<\/p>\n<p>\u2013 Norsk fotball p\u00e5 herresiden g\u00e5r jo bedre enn p\u00e5 lenge. S\u00e5nn sett blir det et halv\u00e5r som er ekstremt g\u00f8y \u00e5 f\u00f8lge.<\/p>\n<p>NFF opplyser at dos Santos starter med en halv stilling i januar, 80 prosent i februar og fulltid fra mars.<\/p>\n<p>\u2013 Han brenner for \u00e5 lytte til og inkludere supporterne og ser kanskje muligheter der andre ser utfordringer. Sammen skal vi skape et enda sterkere fellesskap, sier NFFs generalsekret\u00e6r Karl-Petter L\u00f8ken i en pressemelding.<\/p>\n<p>(\u00a9NTB)<\/p>\n","protected":false},"excerpt":{"rendered":"Den tidligere fotballspilleren blir supporterkoordinator i NFF. \u2013 Jeg har levd i og rundt fotballen hele livet. s\u00e5&hellip;\n","protected":false},"author":2,"featured_media":117281,"comment_status":"","ping_status":"","sticky":false,"template":"","format":"standard","meta":{"footnotes":""},"categories":[59],"tags":[30,28,29,83,82],"class_list":{"0":"post-117280","1":"post","2":"type-post","3":"status-publish","4":"format-standard","5":"has-post-thumbnail","7":"category-sport","8":"tag-no","9":"tag-norge","10":"tag-norway","11":"tag-sport","12":"tag-sports"},"share_on_mastodon":{"url":"https:\/\/pubeurope.com\/@no\/115745638775482584","error":""},"_links":{"self":[{"href":"https:\/\/www.europesays.com\/no\/wp-json\/wp\/v2\/posts\/117280","targetHints":{"allow":["GET"]}}],"collection":[{"href":"https:\/\/www.europesays.com\/no\/wp-json\/wp\/v2\/posts"}],"about":[{"href":"https:\/\/www.europesays.com\/no\/wp-json\/wp\/v2\/types\/post"}],"author":[{"embeddable":true,"href":"https:\/\/www.europesays.com\/no\/wp-json\/wp\/v2\/users\/2"}],"replies":[{"embeddable":true,"href":"https:\/\/www.europesays.com\/no\/wp-json\/wp\/v2\/comments?post=117280"}],"version-history":[{"count":0,"href":"https:\/\/www.europesays.com\/no\/wp-json\/wp\/v2\/posts\/117280\/revisions"}],"wp:featuredmedia":[{"embeddable":true,"href":"https:\/\/www.europesays.com\/no\/wp-json\/wp\/v2\/media\/117281"}],"wp:attachment":[{"href":"https:\/\/www.europesays.com\/no\/wp-json\/wp\/v2\/media?parent=117280"}],"wp:term":[{"taxonomy":"category","embeddable":true,"href":"https:\/\/www.europesays.com\/no\/wp-json\/wp\/v2\/categories?post=117280"},{"taxonomy":"post_tag","embeddable":true,"href":"https:\/\/www.europesays.com\/no\/wp-json\/wp\/v2\/tags?post=117280"}],"curies":[{"name":"wp","href":"https:\/\/api.w.org\/{rel}","templated":true}]}}