{"id":11729,"date":"2025-08-18T21:40:16","date_gmt":"2025-08-18T21:40:16","guid":{"rendered":"https:\/\/www.europesays.com\/no\/11729\/"},"modified":"2025-08-18T21:40:16","modified_gmt":"2025-08-18T21:40:16","slug":"fullt-trokk-pa-forste-skoledag-foreldrene-er-nesten-mer-spent-enn-barna-tronderbladet-no","status":"publish","type":"post","link":"https:\/\/www.europesays.com\/no\/11729\/","title":{"rendered":"Fullt tr\u00f8kk p\u00e5 f\u00f8rste skoledag: \u2013 Foreldrene er nesten mer spent enn barna &#8211; tronderbladet.no"},"content":{"rendered":"<ol>\n<li><a href=\"https:\/\/news.google.com\/rss\/articles\/CBMiywFBVV95cUxPcEZKcmhnaFVwdkFfMlBzX2lzbm9XeXQ5ZTJIWVh4N3R6cmxLcm5JN0p4YzlBZVNwOEVGaVliMEMyQ2dabFhxMy1SX3FidzBVS2E5V2U2YjhLOWgyWV9nUV9icFdDMTZTUG5BbzRjMWNydVQxZDA2Ull4WXlyMkc2YW5PcC1pVWpSZlM5Z2l1YVV6WHVtaDJ5RERBZDlFZXRNZmZKN21UMnoxYkRTZGdtLU41RGdqSjdWbk1KbU9nMzJ5aUxVc2ZKN0J3Yw?oc=5\" target=\"_blank\" rel=\"nofollow noopener\">Fullt tr\u00f8kk p\u00e5 f\u00f8rste skoledag: \u2013 Foreldrene er nesten mer spent enn barna<\/a>&nbsp;&nbsp;tronderbladet.no<\/li>\n<li><a href=\"https:\/\/news.google.com\/rss\/articles\/CBMinAFBVV95cUxPenlHT25sX01IcF9XdktYZExLVTRWaC0yS1hHaHJjV1NmczB4UnFLbWR0cER6VG5ESldxYjRIeHhnRnB5NDJkWTkwbDR5Ql9RMG1rVHhUUUpia2E5djVHbTFubDJlMWhiemxMQ0hvQk16YmxkQlZiNkFiWHZvRWVMUjl5VmxXR0JPVU9zZFJwX085OVNSUzJGX2U5Rjc?oc=5\" target=\"_blank\" rel=\"nofollow noopener\">(+) Slik opplevde barna f\u00f8rste skoledag: \u2013 Viktigst \u00e5 v\u00e6re en god venn<\/a>&nbsp;&nbsp;Gudbrandsd\u00f8len Dagningen<\/li>\n<li><a href=\"https:\/\/news.google.com\/rss\/articles\/CBMimAFBVV95cUxQT2l2eS1fQUlYTTduR3RCOXMyT2RIR0R3Nm9XV052UXBtd2djeFUtTlc1WGNpS1dKZWNNS09pTzQ5YWFMYVNoRlU1RXd4bVRwUEMzN092amZxRS1wM1VBSFBORFVVWmtYenZTTzJ6WkdJSTV1Y3Z5Ym1hYzdXQ1p1bS1zUDd5R3kyRzFZQkF4NHFYMmVYRVJUWQ?oc=5\" target=\"_blank\" rel=\"nofollow noopener\">(+) 10 jenter og 13 gutter m\u00f8tte spente til f\u00f8rste skoledag<\/a>&nbsp;&nbsp;fjt.no<\/li>\n<li><a href=\"https:\/\/news.google.com\/rss\/articles\/CBMiekFVX3lxTE5xSTlKZ3laUGhEaEQzQ3E0SnlNX0dwc1prNVhnUjBwc1NVM0pmQVdtQ2xHSml4cERBejZ2aFRtLWZndElCSjlTVnF4LW11RXBqUVVLb1RLaWhaRC01YnRBVjkxLXdwc1VHcXQ3LTdUb0VHelhIbnJqSkhn?oc=5\" target=\"_blank\" rel=\"nofollow noopener\">\u00d8ystre Slidre, Skole | Gleder seg til \u00e5 f\u00e5 lekser<\/a>&nbsp;&nbsp;Avisa Valdres<\/li>\n<li><a href=\"https:\/\/news.google.com\/rss\/articles\/CBMilwFBVV95cUxNZkN2cGRSZEFjdTRpYlQ5aXZhdFFXUWZuSk5MblRHSFlBWnFuZkg5UG9nUUdnMFI4QW5oQ1JQZld1N3MtWkZlS2NxRXBUSmNwanp1TmlLSDgzOEtVWTlKd1lQVXNkaXlMckJmdzBJMEJzdzN3aU02MG50QUlHbkNlcFViVnNKd0YtYkxXVDBGdGdYYVpwdUE4?oc=5\" target=\"_blank\" rel=\"nofollow noopener\">Nyheter, Skolestart | Tirill (25) v\u00e5knet grytidlig mandag: \u2013 Selvf\u00f8lgelig er jeg spent<\/a>&nbsp;&nbsp;\u00d8stlands-Posten<\/li>\n<\/ol>\n","protected":false},"excerpt":{"rendered":"Fullt tr\u00f8kk p\u00e5 f\u00f8rste skoledag: \u2013 Foreldrene er nesten mer spent enn barna&nbsp;&nbsp;tronderbladet.no (+) Slik opplevde barna f\u00f8rste&hellip;\n","protected":false},"author":2,"featured_media":11730,"comment_status":"","ping_status":"","sticky":false,"template":"","format":"standard","meta":{"footnotes":""},"categories":[10],"tags":[20,21,24,25,1732,2381,15,22,23,639,2382,13,30,28,29,14,16,1633,26,27],"class_list":{"0":"post-11729","1":"post","2":"type-post","3":"status-publish","4":"format-standard","5":"has-post-thumbnail","7":"category-norge","8":"tag-breaking-news","9":"tag-breakingnews","10":"tag-featured-news","11":"tag-featurednews","12":"tag-forste-skoledag","13":"tag-gimse-skole","14":"tag-headlines","15":"tag-latest-news","16":"tag-latestnews","17":"tag-melhus","18":"tag-melhus-kommune","19":"tag-news","20":"tag-no","21":"tag-norge","22":"tag-norway","23":"tag-nyheter","24":"tag-overskrifter","25":"tag-skolestart","26":"tag-top-stories","27":"tag-topstories"},"share_on_mastodon":{"url":"","error":""},"_links":{"self":[{"href":"https:\/\/www.europesays.com\/no\/wp-json\/wp\/v2\/posts\/11729","targetHints":{"allow":["GET"]}}],"collection":[{"href":"https:\/\/www.europesays.com\/no\/wp-json\/wp\/v2\/posts"}],"about":[{"href":"https:\/\/www.europesays.com\/no\/wp-json\/wp\/v2\/types\/post"}],"author":[{"embeddable":true,"href":"https:\/\/www.europesays.com\/no\/wp-json\/wp\/v2\/users\/2"}],"replies":[{"embeddable":true,"href":"https:\/\/www.europesays.com\/no\/wp-json\/wp\/v2\/comments?post=11729"}],"version-history":[{"count":0,"href":"https:\/\/www.europesays.com\/no\/wp-json\/wp\/v2\/posts\/11729\/revisions"}],"wp:featuredmedia":[{"embeddable":true,"href":"https:\/\/www.europesays.com\/no\/wp-json\/wp\/v2\/media\/11730"}],"wp:attachment":[{"href":"https:\/\/www.europesays.com\/no\/wp-json\/wp\/v2\/media?parent=11729"}],"wp:term":[{"taxonomy":"category","embeddable":true,"href":"https:\/\/www.europesays.com\/no\/wp-json\/wp\/v2\/categories?post=11729"},{"taxonomy":"post_tag","embeddable":true,"href":"https:\/\/www.europesays.com\/no\/wp-json\/wp\/v2\/tags?post=11729"}],"curies":[{"name":"wp","href":"https:\/\/api.w.org\/{rel}","templated":true}]}}