{"id":117292,"date":"2025-12-19T10:17:37","date_gmt":"2025-12-19T10:17:37","guid":{"rendered":"https:\/\/www.europesays.com\/no\/117292\/"},"modified":"2025-12-19T10:17:37","modified_gmt":"2025-12-19T10:17:37","slug":"vi-trenger-flere-juniorer-ikke-faerre","status":"publish","type":"post","link":"https:\/\/www.europesays.com\/no\/117292\/","title":{"rendered":"Vi trenger flere juniorer, ikke f\u00e6rre"},"content":{"rendered":"<p class=\"text-md pt-2 pb-8 mb-3 text-base border-b border-brandNeutral-900 dark:border-brandNeutral-100\">Dette debattinnlegget gir uttrykk for skribentens meninger. Innlegg kan sendes til debatt@digi.no.<\/p>\n<p>Debatten i kj\u00f8lvannet av at flere av de store konsulenthusene har kuttet i rekruttering og i antallet juniorer, b\u00e5de i Norge og internasjonalt, er i ferd med \u00e5 dele seg i to: De som mener kunstig intelligens (KI) gj\u00f8r konsulentkarrieren usikker for de yngste, og de som jeg mener ser utviklingen i et st\u00f8rre perspektiv \u2013 og tror dagens modell fortsatt har livets rett.<\/p>\n<p>Jeg er enig i mye av det Johan Gr\u00f6nlund i Forte <a href=\"https:\/\/www.digi.no\/artikler\/debatt-det-skjer-noe-dramatisk-i-konsulentbransjen\/564958\" rel=\"nofollow noopener\" target=\"_blank\">skrev i Digi<\/a> for litt siden og mener vi b\u00f8r tenke oss n\u00f8ye om f\u00f8r vi aksepterer det bildet som n\u00e5 tegnes i debatten: At kunstig intelligens vil redusere behovet for nyutdannede i konsulentbransjen \u2013 og at vi ikke lenger trenger juniorene.<\/p>\n<p>Mer enn billige timer<\/p>\n<p>Min p\u00e5stand, basert p\u00e5 lang erfaring som konsulent og n\u00e5 leder i en virksomhet som leverer b\u00e5de l\u00f8sninger og konsulenter, er det motsatte. I en KI-drevet verden vil juniorenes rolle bli st\u00f8rre, ikke mindre.<\/p>\n<p>Og vi som leverand\u00f8rer, hos kundene og i samfunnet ellers, b\u00f8r anerkjenne verdien av den modellen som er bygget rundt konsulentrollen, der unge finner sin plass i arbeidslivet, l\u00e6rer systematisk og bidrar fra f\u00f8rste dag.<\/p>\n<p>For KI fjerner ikke behovet for mennesker, men endrer hva vi trenger dem til.<\/p>\n<p>Det kan stemme at KI kan l\u00f8se enkelte rutineoppgaver rimeligere enn juniorer, men det betyr ikke at behovet for nyutdannede forsvinner. De tilf\u00f8rer kompetanse, nye perspektiver og energi som driver utvikling innen teknologi, brukerforst\u00e5else og organisasjonsutvikling.<\/p>\n<p>M\u00e5 ikke g\u00e5 gradene<\/p>\n<p>Erfaring m\u00f8ter nye blikk p\u00e5 en m\u00e5te som skaper bedre l\u00f8sninger enn noen av dem ville f\u00e5tt til p\u00e5 egen h\u00e5nd, og mange av de mest innovative milj\u00f8ene oppst\u00e5r nettopp n\u00e5r generasjonsskiller brytes ned.\u00a0<\/p>\n<p>Forestillingen om at unge m\u00e5 \u00abg\u00e5 gradene\u00bb f\u00f8r de har verdi, stemmer d\u00e5rlig med dagens virkelighet. Mange av v\u00e5re juniorer viser lederegenskaper og strategisk talent lenge f\u00f8r de f\u00e5r tittel som tilsier det. De leverer umiddelbart gjennom tempo, l\u00e6ringsvilje, teknologiforst\u00e5else og innsikt i egen generasjon.<\/p>\n<p>N\u00e5r man sl\u00e5r denne kapasiteten sammen med seniorer med bransjeerfaring og relasjoner, oppst\u00e5r noe av det mest verdifulle i kunnskapsarbeidet, som jeg kaller \u00abtverralderlig samarbeid\u00bb.<\/p>\n<p>Denne dynamikken gj\u00f8r at konsulentbaserte virksomheter ikke bare leverer p\u00e5 dagens behov, men samtidig bygger fremtidig kapasitet, b\u00e5de i egen organisasjon og hos kundene. \u00c5 redusere antall juniorer i en slik modell, vil svekke hele \u00f8kosystemet.<\/p>\n<p>Hvem tar ansvaret?<\/p>\n<p>Dette aspektet ved konsulentmodellen har en tendens til \u00e5 forsvinne i debatten. Og hvis vi n\u00e5 kutter antall juniorer dramatisk, og ikke lenger tar imot de nyutdannede i det norske arbeidslivet, da har vi et problem.<\/p>\n<p>For slik jeg ser det, finnes det ingen andre bransjer som er like gode p\u00e5 \u00e5 utdanne v\u00e5re nyutdannede som de konsulentbaserte virksomhetene.\u00a0<\/p>\n<p>Jeg mener det er viktig at markedet forst\u00e5r og aksepterer modellen og samfunnsansvaret som konsulentbaserte virksomheter tar.<\/p>\n<p>Dessverre ser jeg en tendens til det motsatte; flere offentlige og private kunder ettersp\u00f8r kun \u00aberfarne konsulenter\u00bb, \u00abseniorprofiler\u00bb og \u00abh\u00f8y leveransekvalitet\u00bb, uten \u00e5 forst\u00e5 hvordan bransjen opprettholder nettopp dette.<\/p>\n<p>Hvis markedet kun bel\u00f8nner kortsiktig effektivitet, vil det p\u00e5 sikt undergrave sin egen tilgang p\u00e5 kompetente arbeidstakere. For ingen blir senior uten f\u00f8rst \u00e5 v\u00e6re junior, og i fremtiden trenger vi fortsatt folk, ikke bare KI.<\/p>\n<p><a class=\"group clear-both w-full !no-underline my-8 sm:my-12 bg-stone-50 dark:bg-brandStone-700 dark:text-brandNeutral-100 flex items-stretch flex-nowrap\" href=\"https:\/\/www.digi.no\/artikler\/na-kan-du-prove-operas-nye-ki-nettleser-men-den-koster-penger\/566081\" rel=\"nofollow noopener\" target=\"_blank\"><img decoding=\"async\" class=\" object-cover h-full w-full transition-transform duration-700 ease-in-out group-hover:scale-[1.05] will-change-transform\" src=\"https:\/\/www.europesays.com\/no\/wp-content\/uploads\/2025\/12\/neon_Start_Page_dark-2.jpg\"  alt=\"\u00abNeon\u00bb er Operas bidrag til KI-nettleserne, og n\u00e5 er den tilgjengelig for alle \u2013 til en pris.\" loading=\"lazy\"\/><\/p>\n<p>Les ogs\u00e5:<\/p>\n<p class=\"group-hover:underline text-brandNeutral-900 dark:text-brandNeutral-100 mt-2 text-base sm:text-xl leading-5 sm:leading-6 font-bold\">N\u00e5 kan du pr\u00f8ve Operas nye KI-nettleser: : Men den koster penger<\/p>\n<p><\/a><\/p>\n","protected":false},"excerpt":{"rendered":"Dette debattinnlegget gir uttrykk for skribentens meninger. Innlegg kan sendes til debatt@digi.no. Debatten i kj\u00f8lvannet av at flere&hellip;\n","protected":false},"author":2,"featured_media":117293,"comment_status":"","ping_status":"","sticky":false,"template":"","format":"standard","meta":{"footnotes":""},"categories":[56],"tags":[465,60,37,61,1215,14129,466,62,30,28,29],"class_list":{"0":"post-117292","1":"post","2":"type-post","3":"status-publish","4":"format-standard","5":"has-post-thumbnail","7":"category-naeringsliv","8":"tag-arbeidsliv","9":"tag-business","10":"tag-debatt","11":"tag-economy","12":"tag-it-bransjen","13":"tag-juniorer","14":"tag-karriere","15":"tag-naeringsliv","16":"tag-no","17":"tag-norge","18":"tag-norway"},"share_on_mastodon":{"url":"https:\/\/pubeurope.com\/@no\/115745721425149739","error":""},"_links":{"self":[{"href":"https:\/\/www.europesays.com\/no\/wp-json\/wp\/v2\/posts\/117292","targetHints":{"allow":["GET"]}}],"collection":[{"href":"https:\/\/www.europesays.com\/no\/wp-json\/wp\/v2\/posts"}],"about":[{"href":"https:\/\/www.europesays.com\/no\/wp-json\/wp\/v2\/types\/post"}],"author":[{"embeddable":true,"href":"https:\/\/www.europesays.com\/no\/wp-json\/wp\/v2\/users\/2"}],"replies":[{"embeddable":true,"href":"https:\/\/www.europesays.com\/no\/wp-json\/wp\/v2\/comments?post=117292"}],"version-history":[{"count":0,"href":"https:\/\/www.europesays.com\/no\/wp-json\/wp\/v2\/posts\/117292\/revisions"}],"wp:featuredmedia":[{"embeddable":true,"href":"https:\/\/www.europesays.com\/no\/wp-json\/wp\/v2\/media\/117293"}],"wp:attachment":[{"href":"https:\/\/www.europesays.com\/no\/wp-json\/wp\/v2\/media?parent=117292"}],"wp:term":[{"taxonomy":"category","embeddable":true,"href":"https:\/\/www.europesays.com\/no\/wp-json\/wp\/v2\/categories?post=117292"},{"taxonomy":"post_tag","embeddable":true,"href":"https:\/\/www.europesays.com\/no\/wp-json\/wp\/v2\/tags?post=117292"}],"curies":[{"name":"wp","href":"https:\/\/api.w.org\/{rel}","templated":true}]}}