{"id":117297,"date":"2025-12-19T10:24:23","date_gmt":"2025-12-19T10:24:23","guid":{"rendered":"https:\/\/www.europesays.com\/no\/117297\/"},"modified":"2025-12-19T10:24:23","modified_gmt":"2025-12-19T10:24:23","slug":"stavernfestivalen-musikk-presenterer-en-av-stjerneartistene-enormt-stort","status":"publish","type":"post","link":"https:\/\/www.europesays.com\/no\/117297\/","title":{"rendered":"Stavernfestivalen, Musikk | Presenterer en av stjerneartistene: \u2013 Enormt stort"},"content":{"rendered":"\n<p><b>Charlie Puth har de siste to-tre \u00e5rene befestet sin posisjon som en av popverdenens teknisk begavede produsenter og l\u00e5tskrivere. Fra \u00e5 v\u00e6re en \u00abTikTok-sensasjon\u00bb har han blitt en moden artist med fokus p\u00e5 personlige tekster og live-opptredener.<\/b><\/p>\n<p>Etter planen skal han gi ut sitt fjerde studioalbum i begynnelsen av 2026, og har beskrevet dette som sitt mest emosjonelle og r\u00e5 arbeid hittil. Denne gang er det fokus p\u00e5 ekte instrumenter, med piano som en sentral del.<\/p>\n<p>Stavernfestivalen bekreftet fredag at den amerikanske artisten blir en av festivalens headlinere til sommeren, alts\u00e5 en av hovedartistene en av kveldene.<\/p>\n<p><b>\u2013 \u00c5 kunne presentere Charlie Puth som headliner i jubileums\u00e5ret v\u00e5rt er enormt stort. Han representerer akkurat den typen internasjonale artister vi \u00f8nsker \u00e5 l\u00f8fte Stavernfestivalen med n\u00e5r vi markerer 25 \u00e5r, sier festivalsjef Christoffer Huse i en pressemelding.<\/b><\/p>\n<p>Huse tror publikum kan vente seg en storsl\u00e5tt og emosjonell konsertopplevelse.<\/p>\n<p>   <img decoding=\"async\" width=\"5393\" height=\"3664\" fetchpriority=\"low\"  loading=\"lazy\"  src=\"https:\/\/www.europesays.com\/no\/wp-content\/uploads\/2025\/12\/NTB_mHxlOx9Pvzw.jpg\" alt=\"Charlie Puth, left, and Brooke Sansone arrive at the 2025 Baby2Baby gala on Saturday, Nov. 8, 2025, at Pacific Design Center in West Hollywood, Calif. (Photo by Jordan Strauss\/Invision\/AP)\" class=\"brick-c-cFOWSL\" style=\"--brick-image-ratio: 5393 \/ 3664;\"\/><\/p>\n<p>      GIFT: Charlie Puth giftet seg med Brooke Sansone i 2024. P\u00e5 ny\u00e5ret slipper han ny musikk n\u00e5r det fjerde studioalbumet blir lansert. Her fra en baby-gala i USA 8. november. (Foto: Jordan Strauss\/Invision\/AP)<br \/>\n      Foto: Jordan Strauss\n    <\/p>\n<p>Puth slo gjennom med en l\u00e5t som var et samarbeid med rapperen Wiz Khalifa. \u00abSee You Again\u00bb ble er en av de mest str\u00f8mmede l\u00e5tene gjennom tidene, og tok helt av p\u00e5 YouTube. L\u00e5ten en av hovedsporene p\u00e5 albumet som ble gitt ut til en sjuende filmen i Fast and Furious-serien, som en hyllest til skuespiller Paul Walker som d\u00f8de i 2013.<\/p>\n<p><b>Det som regnes som amerikanerens f\u00f8rste solo-hit ble sangen \u00abMarvin Gaye\u00bb, som klistret seg p\u00e5 hjernen til mange i 2015.<\/b><\/p>\n<p>De siste \u00e5rene har Puth jobbet med mange ulike prosjekter, og har ogs\u00e5 tatt litt pause for \u00e5 gifte seg.<\/p>\n<p>Sist artisten spilte i Norge var i 2016.<\/p>\n<p><b>Til n\u00e5 er Charlie Puth, Undergrunn, Ari Bajgora, Highasakite, Tinie Tempah og Musti bekreftet klare til Stavernfestivalen 2026.<\/b><\/p>\n<p>  <a href=\"https:\/\/www.op.no\/5-36-1862521\" class=\"related-teaser has-image default-story-teaser article--c-eRUmMG article--c-eRUmMG-jKCPdD-design-default\" rel=\"nofollow noopener\" target=\"_blank\"><\/p>\n<p>    <img decoding=\"async\" loading=\"lazy\"  src=\"https:\/\/www.europesays.com\/no\/wp-content\/uploads\/2025\/12\/1766139858_124_s3cb_lBf.jpeg\" alt=\"\" class=\"brick-c-cFOWSL\" style=\"\"\/><\/p>\n<p>\n            Les ogs\u00e5<\/p>\n<p>              To nye navn klare for Stavernfestivalen\n        <\/p>\n<p>  <\/a><\/p>\n<p>  <a href=\"https:\/\/www.op.no\/5-36-1861611\" class=\"related-teaser has-image default-story-teaser article--c-eRUmMG article--c-eRUmMG-jKCPdD-design-default\" rel=\"nofollow noopener\" target=\"_blank\"><\/p>\n<p>    <img decoding=\"async\" loading=\"lazy\"  src=\"https:\/\/www.europesays.com\/no\/wp-content\/uploads\/2025\/12\/NTB_qzcMAgAn9fk.jpg\" alt=\"\" class=\"brick-c-cFOWSL\" style=\"\"\/><\/p>\n<p>\n            Les ogs\u00e5<\/p>\n<p>              Klare for Stavernfestivalen i jubileums\u00e5ret\n        <\/p>\n<p>  <\/a><\/p>\n<p>  <a href=\"https:\/\/www.op.no\/5-36-1861026\" class=\"related-teaser has-image default-story-teaser article--c-eRUmMG article--c-eRUmMG-jKCPdD-design-default\" rel=\"nofollow noopener\" target=\"_blank\"><\/p>\n<p>    <img decoding=\"async\" loading=\"lazy\"  src=\"https:\/\/www.europesays.com\/no\/wp-content\/uploads\/2025\/12\/ARi_Studio_pressebilder-2.jpg\" alt=\"\" class=\"brick-c-cFOWSL\" style=\"\"\/><\/p>\n<p>\n            Les ogs\u00e5<\/p>\n<p>              \u00abNorges nye rapstjerne\u00bb til Stavernfestivalen\n        <\/p>\n<p>  <\/a><\/p>\n<p>  <a href=\"https:\/\/www.op.no\/5-36-1860977\" class=\"related-teaser has-image default-story-teaser article--c-eRUmMG article--c-eRUmMG-jKCPdD-design-default\" rel=\"nofollow noopener\" target=\"_blank\"><\/p>\n<p>    <img decoding=\"async\" loading=\"lazy\"  src=\"https:\/\/www.europesays.com\/no\/wp-content\/uploads\/2025\/12\/UG+PRESSE.jpg\" alt=\"\" class=\"brick-c-cFOWSL\" style=\"\"\/><\/p>\n<p>\n            Les ogs\u00e5<\/p>\n<p>              Stavernfestivalen har sluppet f\u00f8rste artist \u2013 og n\u00e5 kommer de p\u00e5 rekke og rad\n        <\/p>\n<p>  <\/a><\/p>\n","protected":false},"excerpt":{"rendered":"Charlie Puth har de siste to-tre \u00e5rene befestet sin posisjon som en av popverdenens teknisk begavede produsenter og&hellip;\n","protected":false},"author":2,"featured_media":117298,"comment_status":"","ping_status":"","sticky":false,"template":"","format":"standard","meta":{"footnotes":""},"categories":[58],"tags":[36,71,113,221,30,28,29,978,6711,1510,72],"class_list":{"0":"post-117297","1":"post","2":"type-post","3":"status-publish","4":"format-standard","5":"has-post-thumbnail","7":"category-underholdning","8":"tag-art","9":"tag-entertainment","10":"tag-larvik","11":"tag-musikk","12":"tag-no","13":"tag-norge","14":"tag-norway","15":"tag-stavern-og-brunlanes","16":"tag-stavernfestivalen","17":"tag-story","18":"tag-underholdning"},"share_on_mastodon":{"url":"https:\/\/pubeurope.com\/@no\/115745748991076005","error":""},"_links":{"self":[{"href":"https:\/\/www.europesays.com\/no\/wp-json\/wp\/v2\/posts\/117297","targetHints":{"allow":["GET"]}}],"collection":[{"href":"https:\/\/www.europesays.com\/no\/wp-json\/wp\/v2\/posts"}],"about":[{"href":"https:\/\/www.europesays.com\/no\/wp-json\/wp\/v2\/types\/post"}],"author":[{"embeddable":true,"href":"https:\/\/www.europesays.com\/no\/wp-json\/wp\/v2\/users\/2"}],"replies":[{"embeddable":true,"href":"https:\/\/www.europesays.com\/no\/wp-json\/wp\/v2\/comments?post=117297"}],"version-history":[{"count":0,"href":"https:\/\/www.europesays.com\/no\/wp-json\/wp\/v2\/posts\/117297\/revisions"}],"wp:featuredmedia":[{"embeddable":true,"href":"https:\/\/www.europesays.com\/no\/wp-json\/wp\/v2\/media\/117298"}],"wp:attachment":[{"href":"https:\/\/www.europesays.com\/no\/wp-json\/wp\/v2\/media?parent=117297"}],"wp:term":[{"taxonomy":"category","embeddable":true,"href":"https:\/\/www.europesays.com\/no\/wp-json\/wp\/v2\/categories?post=117297"},{"taxonomy":"post_tag","embeddable":true,"href":"https:\/\/www.europesays.com\/no\/wp-json\/wp\/v2\/tags?post=117297"}],"curies":[{"name":"wp","href":"https:\/\/api.w.org\/{rel}","templated":true}]}}