{"id":117309,"date":"2025-12-19T10:35:11","date_gmt":"2025-12-19T10:35:11","guid":{"rendered":"https:\/\/www.europesays.com\/no\/117309\/"},"modified":"2025-12-19T10:35:11","modified_gmt":"2025-12-19T10:35:11","slug":"selvsikker-putin-pa-sin-arlige-pressekonferanse","status":"publish","type":"post","link":"https:\/\/www.europesays.com\/no\/117309\/","title":{"rendered":"Selvsikker Putin p\u00e5 sin \u00e5rlige presse\u00adkonferanse"},"content":{"rendered":"\n<p class=\"_lead_o9xde_2 _lead_xtcu6_50 layout-component text-serif-m layout-normal text-serif-l layout-component layout-wide layout-padded _wide_17hqh_1 layout-padded\">Putin sier Russland har initiativet i Ukraina-krigen, men en norsk forsvarsforsker mener virkeligheten p\u00e5 slagmarken er en annen.<\/p>\n<p><img alt=\" Foto: SERGEI ILNITSKY \/ EPA \/ NTB\" class=\"_image_qp4xg_65 layout-component layout-wide\" data-fullscreen- data-track-element-type=\"Article image fullscreen\" data-track-name=\"ImageFullscreen\" fetchpriority=\"high\" decoding=\"sync\" loading=\"eager\" height=\"2812\" itemprop=\"image\"  src=\"https:\/\/www.europesays.com\/no\/wp-content\/uploads\/2025\/12\/5c8eb6c8-8381-4f41-b316-65a87cf622af\"  style=\"object-position:0% 0%\" width=\"4545\"\/> Foto: SERGEI ILNITSKY \/ EPA \/ NTB<\/p>\n<ul aria-hidden=\"true\" class=\"_images_ntbth_112\">\n<li><a class=\"_link_ntbth_117\" href=\"https:\/\/www.vg.no\/forfatter\/ola-haram\" style=\"z-index:1\" title=\"Ola Haram\" rel=\"nofollow noopener\" target=\"_blank\"><img alt=\"Bilde av Ola Haram\" class=\"_image_ntbth_93\" fetchpriority=\"low\" loading=\"lazy\" decoding=\"async\" itemprop=\"image\"  src=\"https:\/\/www.europesays.com\/no\/wp-content\/uploads\/2025\/12\/eb1cd510-8bbd-41ad-8377-f4ff91e91460\"  width=\"480\"\/><\/a><\/li>\n<\/ul>\n<p> Oppdatert fredag 19. desember kl. 11:28     <\/p>\n<p class=\"_paragraph_o9xde_4 _paragraph_xtcu6_10 layout-component text-serif-m layout-normal text-serif-m layout-padded\">Russlands president <a href=\"https:\/\/www.vg.no\/tag\/vladimir-putin?utm_source=vg-article&amp;utm_medium=auto-tagger&amp;utm_campaign=K833By\" class=\"_link_o9xde_39\" rel=\"nofollow noopener\" target=\"_blank\">Vladimir Putin<\/a> \u00e5pner sin \u00e5rlige maraton-pressekonferanse med et sp\u00f8rsm\u00e5l om fred eller videre krig i Ukraina. Han sier Russland er villig til \u00e5 avslutte krigen, men bare dersom det han kaller de grunnleggende \u00e5rsakene til konflikten blir l\u00f8st.<\/p>\n<p><img alt=\"Foto: Skjermdump\" class=\"_image_qp4xg_65 layout-component layout-normal\" data-fullscreen- data-track-element-type=\"Article image fullscreen\" data-track-name=\"ImageFullscreen\" decoding=\"async\" loading=\"lazy\" height=\"546\" itemprop=\"image\"  src=\"https:\/\/www.europesays.com\/no\/wp-content\/uploads\/2025\/12\/1b7a0e3f-100e-489f-af27-c6106d5ec7c1\"  style=\"object-position:0% 0%\" width=\"1005\"\/>Foto: Skjermdump<\/p>\n<p class=\"_paragraph_o9xde_4 _paragraph_xtcu6_10 layout-component text-serif-m layout-normal text-serif-m layout-padded\">Putin bruker mye tid p\u00e5 \u00e5 redegj\u00f8re for det han omtaler som russisk fremgang p\u00e5 slagmarken.<\/p>\n<p class=\"_paragraph_o9xde_4 _paragraph_xtcu6_10 layout-component text-serif-m layout-normal text-serif-m layout-padded\">\u2013 Det er det samme regisserte showet som f\u00f8r, men Putin virker veldig trygg p\u00e5 at ting g\u00e5r bra, sier sjefsforsker Tor Bukkvoll ved Forsvarets forskningsinstitutt (FFI) til VG. <\/p>\n<p><img decoding=\"async\" alt=\"Bilde av Tor Bukkvoll\" class=\"_image_ygndg_42\" height=\"27\" itemprop=\"image\" loading=\"lazy\"  src=\"https:\/\/www.europesays.com\/no\/wp-content\/uploads\/2025\/12\/fd9435df-285d-41da-bf4a-b4043ef87c3f\"  width=\"40\"\/><strong class=\"_name_ygndg_51 title-serif-xs\">Tor Bukkvoll<\/strong><\/p>\n<p class=\"_paragraph_o9xde_4 text-sans-m _description_ygndg_56\">Sjefsforsker ved Forsvarets forskningsinstitutt (FFI)<\/p>\n<p class=\"_paragraph_o9xde_4 _paragraph_xtcu6_10 layout-component text-serif-m layout-normal text-serif-m layout-padded\">Putin hevder at russiske styrker har kontroll over Kupjansk-omr\u00e5det og at en st\u00f8rre ukrainsk styrke er omringet \u00f8st for byen. <\/p>\n<p class=\"_paragraph_o9xde_4 _paragraph_xtcu6_10 layout-component text-serif-m layout-normal text-serif-m layout-padded\">\u2013 V\u00e5re styrker rykker ikke videre n\u00e5, men har kontroll. Den viktigste oppgaven er \u00e5 eliminere motstanderens styrker, sier Putin.<\/p>\n<p class=\"_paragraph_o9xde_4 _paragraph_xtcu6_10 layout-component text-serif-m layout-normal text-serif-m layout-padded\">Samtidig sier Bukkvoll at Putins p\u00e5stand ikke stemmer helt med virkeligheten.<\/p>\n<p class=\"_paragraph_o9xde_4 _paragraph_xtcu6_10 layout-component text-serif-m layout-normal text-serif-m layout-padded\">\u2013 Ukrainske styrker har tatt tilbake kontrollen over deler av Kupjansk og det er en viktig strategisk operasjon for Ukraina. Det er ogs\u00e5 en demonstrasjon av at Ukraina er i stand til \u00e5 sl\u00e5 tilbake russiske angrep og ta tilbake eget territorium, sier Bukkvoll.<\/p>\n<p><img alt=\"Publikum i salen f\u00f8ler Putins pressekonferanse.  Foto: Skjermdump\" class=\"_image_qp4xg_65 layout-component layout-normal\" data-fullscreen- data-track-element-type=\"Article image fullscreen\" data-track-name=\"ImageFullscreen\" decoding=\"async\" loading=\"lazy\" height=\"557\" itemprop=\"image\"  src=\"https:\/\/www.europesays.com\/no\/wp-content\/uploads\/2025\/12\/d5fa34f5-489f-40ba-a660-37379038b2e3\"  style=\"object-position:0% 0%\" width=\"1017\"\/>Publikum i salen f\u00f8ler Putins pressekonferanse.  Foto: SkjermdumpPutin advarer oljeland mot EU-beslag av russiske verdier<\/p>\n<p class=\"_paragraph_o9xde_4 _paragraph_xtcu6_10 layout-component text-serif-m layout-normal text-serif-m layout-padded\">Russlands president Vladimir Putin advarer oljeproduserende land mot \u00e5 ha valutareserver plassert i EU, etter diskusjoner blant EU-ledere om \u00e5 bruke russiske verdier til \u00e5 finansiere Ukrainas krigf\u00f8ring.<\/p>\n<p class=\"_paragraph_o9xde_4 _paragraph_xtcu6_10 layout-component text-serif-m layout-normal text-serif-m layout-padded\">Advarselen er if\u00f8lge Putin s\u00e6rlig rettet mot store reserveholdere som Saudi-Arabia, De forente arabiske emirater og andre Opec-land.<\/p>\n<p class=\"_paragraph_o9xde_4 _paragraph_xtcu6_10 layout-component text-serif-m layout-normal text-serif-m layout-padded\">EU-lederne besluttet fredag \u00e5 <a href=\"https:\/\/www.vg.no\/nyheter\/i\/6qnpbL\/eu-stoetter-ukraina-med-laan-paa-over-1000-milliarder-kroner\" data-track-element-type=\"Link\" data-track-id=\"link:6qnpbL\" class=\"_link_o9xde_39\" rel=\"nofollow noopener\" target=\"_blank\">l\u00e5ne penger for \u00e5 gi Ukraina 90 milliarder euro i st\u00f8tte<\/a> over de neste to \u00e5rene, i stedet for \u00e5 bruke frosne russiske midler direkte.<\/p>\n<p class=\"_paragraph_o9xde_4 _paragraph_xtcu6_10 layout-component text-serif-m layout-normal text-serif-m layout-padded\">Putin sier at et beslag av russiske verdier, som han omtaler som \u00abran\u00bb, m\u00e5 stanses, og advarer om alvorlige konsekvenser for EU-landene dersom det skjer.<\/p>\n<p class=\"_paragraph_o9xde_4 _paragraph_xtcu6_10 layout-component text-serif-m layout-normal text-serif-m layout-padded\">\u2013 Dette er ikke bare et slag mot EUs omd\u00f8mme. Det undergraver tilliten til eurosonen. Mange land har sine gull- og valutareserver i eurosonen, ikke bare Russland, men f\u00f8rst og fremst oljeproduserende land, sier Putin.<\/p>\n","protected":false},"excerpt":{"rendered":"Putin sier Russland har initiativet i Ukraina-krigen, men en norsk forsvarsforsker mener virkeligheten p\u00e5 slagmarken er en annen.&hellip;\n","protected":false},"author":2,"featured_media":117310,"comment_status":"","ping_status":"","sticky":false,"template":"","format":"standard","meta":{"footnotes":""},"categories":[12],"tags":[20,21,24,25,15,179,22,23,13,30,28,29,14,16,188,26,27,42,186,43,44,45],"class_list":{"0":"post-117309","1":"post","2":"type-post","3":"status-publish","4":"format-standard","5":"has-post-thumbnail","7":"category-verden","8":"tag-breaking-news","9":"tag-breakingnews","10":"tag-featured-news","11":"tag-featurednews","12":"tag-headlines","13":"tag-krigen-i-ukraina","14":"tag-latest-news","15":"tag-latestnews","16":"tag-news","17":"tag-no","18":"tag-norge","19":"tag-norway","20":"tag-nyheter","21":"tag-overskrifter","22":"tag-russland","23":"tag-top-stories","24":"tag-topstories","25":"tag-verden","26":"tag-vladimir-putin","27":"tag-world","28":"tag-world-news","29":"tag-worldnews"},"share_on_mastodon":{"url":"https:\/\/pubeurope.com\/@no\/115745792235025631","error":""},"_links":{"self":[{"href":"https:\/\/www.europesays.com\/no\/wp-json\/wp\/v2\/posts\/117309","targetHints":{"allow":["GET"]}}],"collection":[{"href":"https:\/\/www.europesays.com\/no\/wp-json\/wp\/v2\/posts"}],"about":[{"href":"https:\/\/www.europesays.com\/no\/wp-json\/wp\/v2\/types\/post"}],"author":[{"embeddable":true,"href":"https:\/\/www.europesays.com\/no\/wp-json\/wp\/v2\/users\/2"}],"replies":[{"embeddable":true,"href":"https:\/\/www.europesays.com\/no\/wp-json\/wp\/v2\/comments?post=117309"}],"version-history":[{"count":0,"href":"https:\/\/www.europesays.com\/no\/wp-json\/wp\/v2\/posts\/117309\/revisions"}],"wp:featuredmedia":[{"embeddable":true,"href":"https:\/\/www.europesays.com\/no\/wp-json\/wp\/v2\/media\/117310"}],"wp:attachment":[{"href":"https:\/\/www.europesays.com\/no\/wp-json\/wp\/v2\/media?parent=117309"}],"wp:term":[{"taxonomy":"category","embeddable":true,"href":"https:\/\/www.europesays.com\/no\/wp-json\/wp\/v2\/categories?post=117309"},{"taxonomy":"post_tag","embeddable":true,"href":"https:\/\/www.europesays.com\/no\/wp-json\/wp\/v2\/tags?post=117309"}],"curies":[{"name":"wp","href":"https:\/\/api.w.org\/{rel}","templated":true}]}}