{"id":117335,"date":"2025-12-19T10:57:11","date_gmt":"2025-12-19T10:57:11","guid":{"rendered":"https:\/\/www.europesays.com\/no\/117335\/"},"modified":"2025-12-19T10:57:11","modified_gmt":"2025-12-19T10:57:11","slug":"kennedy-senteret-blir-omdopt","status":"publish","type":"post","link":"https:\/\/www.europesays.com\/no\/117335\/","title":{"rendered":"Kennedy-senteret blir omd\u00f8pt"},"content":{"rendered":"<p>  Det ber\u00f8mte Kennedy-senteret for ut\u00f8vende kunst i Washington skal omd\u00f8pes til Trump-Kennedy-senteret, opplyser Det hvite hus.<\/p>\n<p>\n    Kennedy-senteret i Washington var nylig arena da president Donald Trump ble tildelt Det internasjonale fotballforbundets nyopprettede og omstridte fredspris. N\u00e5 blir senteret omd\u00f8pt til Trump-Kennedy-senteret. Foto: AP \/ NTB\n  <\/p>\n<p>Det nasjonale kultursenteret ved bredden av Potomac-elven ble \u00e5pnet i 1971 til minne om tidligere president John F. Kennedy, som ble drept i et attentat \u00e5tte \u00e5r tidligere.<\/p>\n<p>Kongressen ga senteret navnet The John F. Kennedy Center for the Performing Arts.<\/p>\n<p>Senteret rommer en konsertsal som er hjemmescene for National Symphony Orchestra, samt et operahus. Det har ogs\u00e5 flere teaterscener, et galleri og en jazzklubb.<\/p>\n<p>        DET HVITE HUS: Under president Donald Trumps julesamling p\u00e5 Det hvite hus avbryter han talens sin da han f\u00e5r \u00f8ye p\u00e5 en kvinne i salen. Video: X og Youtube\/The White House. Reporter: Trond Markus Gravdal<\/p>\n<p>Senterets styre, der medlemmene er h\u00e5ndplukket av president Donald Trump, har n\u00e5 besluttet at senteret skal omd\u00f8pes til Trump-Kennedy Center, opplyser Det hvite hus.<\/p>\n<p>If\u00f8lge Trumps talsperson Karoline Leavitt skjer dette som f\u00f8lge av \u00abdet utrolige arbeidet president Trump har gjort det siste \u00e5ret med \u00e5 redde bygningen. Ikke bare ved \u00e5 pusse det opp, men ogs\u00e5 \u00f8konomisk og omd\u00f8mmemessig\u00bb.<\/p>\n<p>Republikanerne i Kongressen har ogs\u00e5 fremmet et forslag om \u00e5 d\u00f8pe operahuset p\u00e5 senteret for First Lady Melania Trump Opera House, men det er enn\u00e5 ikke vedtatt.<\/p>\n<p>        WASHINGTON D.C: Under fredagens VM-trekning skjer det flere flauser mellom FIFA-president Gianni Infantino og programleder Kevin Hart. Video: NRK\/Youtube\/The Sun. Reporter: Trond Markus Gravdal<\/p>\n","protected":false},"excerpt":{"rendered":"Det ber\u00f8mte Kennedy-senteret for ut\u00f8vende kunst i Washington skal omd\u00f8pes til Trump-Kennedy-senteret, opplyser Det hvite hus. Kennedy-senteret i&hellip;\n","protected":false},"author":2,"featured_media":117336,"comment_status":"","ping_status":"","sticky":false,"template":"","format":"standard","meta":{"footnotes":""},"categories":[12],"tags":[20,21,55,24,25,15,14130,22,23,13,30,28,29,14,16,26,27,50,42,4562,43,44,45],"class_list":{"0":"post-117335","1":"post","2":"type-post","3":"status-publish","4":"format-standard","5":"has-post-thumbnail","7":"category-verden","8":"tag-breaking-news","9":"tag-breakingnews","10":"tag-donald-trump","11":"tag-featured-news","12":"tag-featurednews","13":"tag-headlines","14":"tag-john-f-kennedy","15":"tag-latest-news","16":"tag-latestnews","17":"tag-news","18":"tag-no","19":"tag-norge","20":"tag-norway","21":"tag-nyheter","22":"tag-overskrifter","23":"tag-top-stories","24":"tag-topstories","25":"tag-usa","26":"tag-verden","27":"tag-washington","28":"tag-world","29":"tag-world-news","30":"tag-worldnews"},"share_on_mastodon":{"url":"https:\/\/pubeurope.com\/@no\/115745878634632756","error":""},"_links":{"self":[{"href":"https:\/\/www.europesays.com\/no\/wp-json\/wp\/v2\/posts\/117335","targetHints":{"allow":["GET"]}}],"collection":[{"href":"https:\/\/www.europesays.com\/no\/wp-json\/wp\/v2\/posts"}],"about":[{"href":"https:\/\/www.europesays.com\/no\/wp-json\/wp\/v2\/types\/post"}],"author":[{"embeddable":true,"href":"https:\/\/www.europesays.com\/no\/wp-json\/wp\/v2\/users\/2"}],"replies":[{"embeddable":true,"href":"https:\/\/www.europesays.com\/no\/wp-json\/wp\/v2\/comments?post=117335"}],"version-history":[{"count":0,"href":"https:\/\/www.europesays.com\/no\/wp-json\/wp\/v2\/posts\/117335\/revisions"}],"wp:featuredmedia":[{"embeddable":true,"href":"https:\/\/www.europesays.com\/no\/wp-json\/wp\/v2\/media\/117336"}],"wp:attachment":[{"href":"https:\/\/www.europesays.com\/no\/wp-json\/wp\/v2\/media?parent=117335"}],"wp:term":[{"taxonomy":"category","embeddable":true,"href":"https:\/\/www.europesays.com\/no\/wp-json\/wp\/v2\/categories?post=117335"},{"taxonomy":"post_tag","embeddable":true,"href":"https:\/\/www.europesays.com\/no\/wp-json\/wp\/v2\/tags?post=117335"}],"curies":[{"name":"wp","href":"https:\/\/api.w.org\/{rel}","templated":true}]}}