{"id":117354,"date":"2025-12-19T11:19:09","date_gmt":"2025-12-19T11:19:09","guid":{"rendered":"https:\/\/www.europesays.com\/no\/117354\/"},"modified":"2025-12-19T11:19:09","modified_gmt":"2025-12-19T11:19:09","slug":"sport-sporten-na-gir-enda-en-odd-trener-seg-klubben-er-i-et-helt-feil-spor","status":"publish","type":"post","link":"https:\/\/www.europesays.com\/no\/117354\/","title":{"rendered":"Sport, Sporten | N\u00e5 gir enda en Odd-trener seg: \u2013 Klubben er i et helt feil spor"},"content":{"rendered":"<p>      SLUTTER: Svein Roger Dahlen var med og startet klubben, men n\u00e5 vil han ikke mer. 52-\u00e5ringen skj\u00f8nner lite av det som n\u00e5 skjer i Odd. \u2013 \u00c9n av de tingene er klubbens fors\u00f8k p\u00e5 \u00e5 presse ut, eller fjerne, Erik Waage som hovedtrener. Den prosessen er jeg kritisk til, \u00e5 fors\u00f8ke fjerne en ansatt uten egentlig \u00e5 ha muligheten til det. For meg handler det ogs\u00e5 om noen verdier, om hvordan man behandler mennesker og kollegaer, sier Svein Roger Dahlen.<br \/>\n      Foto: Hans Eivind \u00d8ygarden\n    <\/p>\n","protected":false},"excerpt":{"rendered":"SLUTTER: Svein Roger Dahlen var med og startet klubben, men n\u00e5 vil han ikke mer. 52-\u00e5ringen skj\u00f8nner lite&hellip;\n","protected":false},"author":2,"featured_media":117355,"comment_status":"","ping_status":"","sticky":false,"template":"","format":"standard","meta":{"footnotes":""},"categories":[59],"tags":[30,28,29,83,82],"class_list":{"0":"post-117354","1":"post","2":"type-post","3":"status-publish","4":"format-standard","5":"has-post-thumbnail","7":"category-sport","8":"tag-no","9":"tag-norge","10":"tag-norway","11":"tag-sport","12":"tag-sports"},"share_on_mastodon":{"url":"https:\/\/pubeurope.com\/@no\/115745964888519146","error":""},"_links":{"self":[{"href":"https:\/\/www.europesays.com\/no\/wp-json\/wp\/v2\/posts\/117354","targetHints":{"allow":["GET"]}}],"collection":[{"href":"https:\/\/www.europesays.com\/no\/wp-json\/wp\/v2\/posts"}],"about":[{"href":"https:\/\/www.europesays.com\/no\/wp-json\/wp\/v2\/types\/post"}],"author":[{"embeddable":true,"href":"https:\/\/www.europesays.com\/no\/wp-json\/wp\/v2\/users\/2"}],"replies":[{"embeddable":true,"href":"https:\/\/www.europesays.com\/no\/wp-json\/wp\/v2\/comments?post=117354"}],"version-history":[{"count":0,"href":"https:\/\/www.europesays.com\/no\/wp-json\/wp\/v2\/posts\/117354\/revisions"}],"wp:featuredmedia":[{"embeddable":true,"href":"https:\/\/www.europesays.com\/no\/wp-json\/wp\/v2\/media\/117355"}],"wp:attachment":[{"href":"https:\/\/www.europesays.com\/no\/wp-json\/wp\/v2\/media?parent=117354"}],"wp:term":[{"taxonomy":"category","embeddable":true,"href":"https:\/\/www.europesays.com\/no\/wp-json\/wp\/v2\/categories?post=117354"},{"taxonomy":"post_tag","embeddable":true,"href":"https:\/\/www.europesays.com\/no\/wp-json\/wp\/v2\/tags?post=117354"}],"curies":[{"name":"wp","href":"https:\/\/api.w.org\/{rel}","templated":true}]}}