{"id":117356,"date":"2025-12-19T11:24:12","date_gmt":"2025-12-19T11:24:12","guid":{"rendered":"https:\/\/www.europesays.com\/no\/117356\/"},"modified":"2025-12-19T11:24:12","modified_gmt":"2025-12-19T11:24:12","slug":"influensaen-herjer-i-skole-norge","status":"publish","type":"post","link":"https:\/\/www.europesays.com\/no\/117356\/","title":{"rendered":"Influensaen herjer i Skole-Norge"},"content":{"rendered":"\n<p class=\"_lead_o9xde_2 _lead_xtcu6_50 layout-component text-serif-m layout-normal text-serif-l layout-component layout-wide layout-padded _wide_17hqh_1 layout-padded\">P\u00e5 det meste har hundre elever v\u00e6rt borte fra skolen samtidig. <\/p>\n<p><img alt=\"GLISSENT: Mange ledige pulter p\u00e5 Prestvannet skole i Troms\u00f8 fredag, konstaterer rektor Tor Ivar Vestg\u00e5rd. Foto: Sindre Bakland\" class=\"_image_qp4xg_65 layout-component layout-wide\" data-fullscreen- data-track-element-type=\"Article image fullscreen\" data-track-name=\"ImageFullscreen\" fetchpriority=\"high\" decoding=\"sync\" loading=\"eager\" height=\"1092\" itemprop=\"image\"  src=\"https:\/\/www.europesays.com\/no\/wp-content\/uploads\/2025\/12\/81ba4d36-173e-4019-a2e3-890ead24ffa4\"  style=\"object-position:0% 0%\" width=\"1456\"\/>GLISSENT: Mange ledige pulter p\u00e5 Prestvannet skole i Troms\u00f8 fredag, konstaterer rektor Tor Ivar Vestg\u00e5rd. Foto: Sindre Bakland<\/p>\n<ul aria-hidden=\"true\" class=\"_images_ntbth_112\">\n<li><a class=\"_link_ntbth_117\" href=\"https:\/\/www.vg.no\/forfatter\/frank-ertesvaag\" style=\"z-index:2\" title=\"Frank Ertesv\u00e5g\" rel=\"nofollow noopener\" target=\"_blank\"><img alt=\"Bilde av Frank Ertesv\u00e5g\" class=\"_image_ntbth_93\" fetchpriority=\"low\" loading=\"lazy\" decoding=\"async\" itemprop=\"image\"  src=\"https:\/\/www.europesays.com\/no\/wp-content\/uploads\/2025\/12\/1766143451_462_77e9adab-9419-475b-b494-fe98c1a693d1\"  width=\"480\"\/><\/a><\/li>\n<li><a class=\"_link_ntbth_117\" href=\"https:\/\/www.vg.no\/forfatter\/ida-lokland\" style=\"z-index:1\" title=\"Ida Lokland\" rel=\"nofollow noopener\" target=\"_blank\"><img alt=\"Bilde av Ida Lokland\" class=\"_image_ntbth_93\" fetchpriority=\"low\" loading=\"lazy\" decoding=\"async\" itemprop=\"image\"  src=\"https:\/\/www.europesays.com\/no\/wp-content\/uploads\/2025\/12\/928ccf1e-6052-4bc3-bcf1-ab10eb051693\"  width=\"480\"\/><\/a><\/li>\n<\/ul>\n<p> Oppdatert fredag 19. desember kl. 12:23    <\/p>\n<ul class=\"_list_o9xde_3 _list_64s2r_85 _unordered_o9xde_106 text-sans-m\">\n<li class=\"_item_o9xde_30\">Sykdomsfrav\u00e6ret har skutt i v\u00e6ret p\u00e5 Prestvannet skole i Troms\u00f8, med 60 elever borte fredag.<\/li>\n<li class=\"_item_o9xde_30\">Rektor Tor Ivar Vestg\u00e5rd sammenligner situasjonen med pandemien og sier frav\u00e6ret hovedsakelig skyldes influensa og omgangssyke.<\/li>\n<li class=\"_item_o9xde_30\">Egge ungdomsskole i Steinkjer opplevde lignende utfordringer tidligere i desember, med opptil 114 elever borte p\u00e5 en dag.<\/li>\n<\/ul>\n<p>Vis mer <\/p>\n<p class=\"_paragraph_o9xde_4 _paragraph_xtcu6_10 layout-component text-serif-m layout-normal text-serif-m layout-padded\">\u2013 Vi har ikke opplevd noe s\u00e5nt siden pandemien, sier rektor p\u00e5 Prestvannet skole i Troms\u00f8.<\/p>\n<p class=\"_paragraph_o9xde_4 _paragraph_xtcu6_10 layout-component text-serif-m layout-normal text-serif-m layout-padded\">Fredag er 60 elever borte fra skolen. Sykdommen herjer ogs\u00e5 i Skole-Norge. Tidligere i f\u00f8rjulsuken holdt 100 av 300 elever seg hjemme, opplyser rektor Tor Ivar Vestg\u00e5rd til VG.<\/p>\n<p class=\"_paragraph_o9xde_4 _paragraph_xtcu6_10 layout-component text-serif-m layout-normal text-serif-m layout-padded\">\u2013 Folk er syke. S\u00e5nn er det. Denne b\u00f8lgen har truffet oss \u2013 som den har truffet mange over hele landet. Plutselig var hundre elever borte, beskriver Troms\u00f8-rektoren.<\/p>\n<p class=\"_paragraph_o9xde_4 _paragraph_xtcu6_10 layout-component text-serif-m layout-normal text-serif-m layout-padded\">\u2013 Opplevd lignende sykefrav\u00e6r p\u00e5 skolen?<\/p>\n<p class=\"_paragraph_o9xde_4 _paragraph_xtcu6_10 layout-component text-serif-m layout-normal text-serif-m layout-padded\">\u2013 Nei, da tror jeg vi skal tilbake til pandemien, svarer Vestg\u00e5rd.<\/p>\n<p>Droppet f\u00f8rjulskonsert<\/p>\n<p class=\"_paragraph_o9xde_4 _paragraph_xtcu6_10 layout-component text-serif-m layout-normal text-serif-m layout-padded\">Han er forel\u00f8pig ikke helt sikker p\u00e5 hva elevene er rammet av.<\/p>\n<p class=\"_paragraph_o9xde_4 _paragraph_xtcu6_10 layout-component text-serif-m layout-normal text-serif-m layout-padded\">\u2013 Det er jeg usikker p\u00e5. Jeg har ikke oversikten over hvert enkelt individ, men det virker som at det er en del influensa og en del omgangssyke, samt en kombinasjon av de to.<\/p>\n<p class=\"_paragraph_o9xde_4 _paragraph_xtcu6_10 layout-component text-serif-m layout-normal text-serif-m layout-padded\">Han kan heller ikke utelukke at det i noen tilfeller kan dreie seg om covid.<\/p>\n<p class=\"_paragraph_o9xde_4 _paragraph_xtcu6_10 layout-component text-serif-m layout-normal text-serif-m layout-padded\">Tidligere i uken valgte de \u00e5 avlyse deltagelsen p\u00e5 den tradisjonelle f\u00f8rjulskonserten. I dag var planen f\u00f8rst \u00e5 avlyse en planlagt juleavslutning. Men denne blir n\u00e5 flyttet fra gymsalen til utenfor skolen.<\/p>\n<p>Rektor blir juletre<\/p>\n<p class=\"_paragraph_o9xde_4 _paragraph_xtcu6_10 layout-component text-serif-m layout-normal text-serif-m layout-padded\">\u2013 Hva skal skje der?<\/p>\n<p class=\"_paragraph_o9xde_4 _paragraph_xtcu6_10 layout-component text-serif-m layout-normal text-serif-m layout-padded\">\u2013 Vi har valgt \u00e5 gj\u00f8re dette p\u00e5 en litt annen m\u00e5te n\u00e5, og det skal skje utend\u00f8rs. Da skal rektor kle seg ut som et juletre, s\u00e5 f\u00e5r skolens elever g\u00e5 rundt juletreet. S\u00e5 synger vi litt og \u00f8nsker hverandre god jul. Det er egentlig det vi bruker \u00e5 gj\u00f8re, svarer rektor og juletre Vestg\u00e5rd.<\/p>\n<p class=\"_paragraph_o9xde_4 _paragraph_xtcu6_10 layout-component text-serif-m layout-normal text-serif-m layout-padded\">Han er ikke helt med p\u00e5 at det er blitt en tradisjon at han kler seg ut som juletre. Men den erfarne rektoren og lokalrevy-skuespilleren innr\u00f8mmer at det er blitt en gjentagelse de siste \u00e5rene.<\/p>\n<p class=\"_paragraph_o9xde_4 _paragraph_xtcu6_10 layout-component text-serif-m layout-normal text-serif-m layout-padded\">Selv har han unng\u00e5tt sykdommen som herjer med skolen i f\u00f8rjulstiden.<\/p>\n<p class=\"_paragraph_o9xde_4 _paragraph_xtcu6_10 layout-component text-serif-m layout-normal text-serif-m layout-padded\">\u2013 Ja, jeg hadde en runde i h\u00f8st. Men det skjer sikkert n\u00e5r man skal ha fri. Det er typisk. Skjer det s\u00e5 skjer det.<\/p>\n<p><img alt=\"Kim Rune Holmvik, rektor ved Egge ungdomsskole i Steinkjer.  Foto: Privat\" class=\"_image_qp4xg_65 layout-component layout-normal\" data-fullscreen- data-track-element-type=\"Article image fullscreen\" data-track-name=\"ImageFullscreen\" decoding=\"async\" loading=\"lazy\" height=\"1793\" itemprop=\"image\"  src=\"https:\/\/www.europesays.com\/no\/wp-content\/uploads\/2025\/12\/81ff1ed5-b46e-4b23-9e0d-cdd771d5dac3\"  style=\"object-position:0% 0%\" width=\"3008\"\/>Kim Rune Holmvik, rektor ved Egge ungdomsskole i Steinkjer.  Foto: Privat114 av 300 elever borte <\/p>\n<p class=\"_paragraph_o9xde_4 _paragraph_xtcu6_10 layout-component text-serif-m layout-normal text-serif-m layout-padded\">Influensaen slo ogs\u00e5 hardt inn ved Egge ungdomsskole i Steinkjer i starten av desember. <\/p>\n<p class=\"_paragraph_o9xde_4 _paragraph_xtcu6_10 layout-component text-serif-m layout-normal text-serif-m layout-padded\"><strong class=\"_strong_o9xde_25\">\u2013 P\u00e5 det verste hadde vi 114 elever borte p\u00e5 \u00e9n dag. Det er et sjeldent h\u00f8yt frav\u00e6r, sier rektor Kim Rune Holmvik. <\/strong><\/p>\n<p class=\"_paragraph_o9xde_4 _paragraph_xtcu6_10 layout-component text-serif-m layout-normal text-serif-m layout-padded\">Skolen har rundt 300 elever totalt. I en periode p\u00e5 rundt halvannen uke i begynnelsen av desember var frav\u00e6ret spesielt h\u00f8yt p\u00e5 \u00e5ttende- og niendetrinn, der opptil halve trinnet var hjemme samtidig.<\/p>\n<p class=\"_paragraph_o9xde_4 _paragraph_xtcu6_10 layout-component text-serif-m layout-normal text-serif-m layout-padded\">\u2013 Det merkes i korridorene n\u00e5r s\u00e5 mange er borte. Enkelte grupper hadde bare seks elever p\u00e5 skolen, sier Holmvik. <\/p>\n<p class=\"_paragraph_o9xde_4 _paragraph_xtcu6_10 layout-component text-serif-m layout-normal text-serif-m layout-padded\">Holmvik forteller at b\u00e5de elever og ansatte var syke samtidig, og at skolen m\u00e5tte sl\u00e5 sammen undervisningsgrupper for \u00e5 f\u00e5 skolehverdagen til \u00e5 g\u00e5 rundt. <\/p>\n<p class=\"_paragraph_o9xde_4 _paragraph_xtcu6_10 layout-component text-serif-m layout-normal text-serif-m layout-padded\">Flere elever som m\u00f8tte opp, m\u00e5tte ogs\u00e5 dra hjem i l\u00f8pet av dagen etter \u00e5 ha f\u00e5tt symptomer p\u00e5 influensa.<\/p>\n<p class=\"_paragraph_o9xde_4 _paragraph_xtcu6_10 layout-component text-serif-m layout-normal text-serif-m layout-padded\">N\u00e5 har situasjonen roet seg. I dag er 18 elever borte, noe rektoren beskriver som normalt.<\/p>\n<p class=\"_paragraph_o9xde_4 _paragraph_xtcu6_10 layout-component text-serif-m layout-normal text-serif-m layout-padded\">\u2013 Jeg har berget meg selv, sier Holmvik.<\/p>\n<p class=\"_paragraph_o9xde_4 _paragraph_xtcu6_10 layout-component text-serif-m layout-normal text-serif-m layout-padded\"> \u2013 Vi f\u00e5r se n\u00e5r julen sl\u00e5r til. Det er typisk at det er da det skjer. Men vi f\u00e5r satse p\u00e5 at man har v\u00e6rt flink til \u00e5 ta vitaminer og vaske hendene godt. S\u00e5 jeg tror det g\u00e5r bra.<\/p>\n<p class=\"_paragraph_o9xde_4 _paragraph_xtcu6_10 layout-component text-serif-m layout-normal text-serif-m layout-padded\">Den siste rapporten fra Folkehelseinstituttet (FHI), som kom denne uken, viser at antall influensa A H3N2-tilfeller \u00f8ker kraftig. Hele 23 prosent av alle influensapr\u00f8ver viste seg \u00e5 v\u00e6re positive i uke 49. Det er en \u00f8kning p\u00e5 syv prosent fra uken f\u00f8r.<\/p>\n<p class=\"_paragraph_o9xde_4 _paragraph_xtcu6_10 layout-component text-serif-m layout-normal text-serif-m layout-padded\">Forel\u00f8pig er det Akershus som troner p\u00e5 toppen av listen over steder med h\u00f8yest influensaforekomst.<\/p>\n<p class=\"_paragraph_o9xde_4 _paragraph_xtcu6_10 layout-component text-serif-m layout-normal text-serif-m layout-padded\"><strong class=\"_strong_o9xde_25\">Her er det mest influensa n\u00e5:<\/strong><\/p>\n<ul class=\"_list_o9xde_3 _list_xtcu6_9 _unordered_o9xde_106 layout-component text-serif-m layout-normal text-serif-m layout-padded\">\n<li class=\"_item_o9xde_30\">Akershus \u2013 33 prosent<\/li>\n<li class=\"_item_o9xde_30\">Oslo \u2013 32 prosent<\/li>\n<li class=\"_item_o9xde_30\">\u00d8stfold \u2013 32 prosent<\/li>\n<li class=\"_item_o9xde_30\">M\u00f8re og Romsdal \u2013 28 prosent<\/li>\n<\/ul>\n<p class=\"_paragraph_o9xde_4 _paragraph_xtcu6_10 layout-component text-serif-m layout-normal text-serif-m layout-padded\">FHI understreker at forekomsten \u00f8ker i alle aldersgrupper, men at det s\u00e6rlig svermer influensa blant skolebarn.<\/p>\n<p class=\"_paragraph_o9xde_4 _paragraph_xtcu6_10 layout-component text-serif-m layout-normal text-serif-m layout-padded\"><strong class=\"_strong_o9xde_25\">I aldersgruppen fem til fjorten \u00e5r er hele nesten halvparten av alle influensapr\u00f8ver positive.<\/strong><\/p>\n","protected":false},"excerpt":{"rendered":"P\u00e5 det meste har hundre elever v\u00e6rt borte fra skolen samtidig. GLISSENT: Mange ledige pulter p\u00e5 Prestvannet skole&hellip;\n","protected":false},"author":2,"featured_media":117357,"comment_status":"","ping_status":"","sticky":false,"template":"","format":"standard","meta":{"footnotes":""},"categories":[10],"tags":[1301,20,21,24,25,15,736,7141,22,23,13,30,28,29,14,2208,16,805,131,26,27,1995],"class_list":{"0":"post-117356","1":"post","2":"type-post","3":"status-publish","4":"format-standard","5":"has-post-thumbnail","7":"category-norge","8":"tag-barn","9":"tag-breaking-news","10":"tag-breakingnews","11":"tag-featured-news","12":"tag-featurednews","13":"tag-headlines","14":"tag-helse","15":"tag-influensa","16":"tag-latest-news","17":"tag-latestnews","18":"tag-news","19":"tag-no","20":"tag-norge","21":"tag-norway","22":"tag-nyheter","23":"tag-oppvekst","24":"tag-overskrifter","25":"tag-skole-og-utdanning","26":"tag-sykefravaer","27":"tag-top-stories","28":"tag-topstories","29":"tag-vghelseoglivet"},"share_on_mastodon":{"url":"https:\/\/pubeurope.com\/@no\/115745984876960700","error":""},"_links":{"self":[{"href":"https:\/\/www.europesays.com\/no\/wp-json\/wp\/v2\/posts\/117356","targetHints":{"allow":["GET"]}}],"collection":[{"href":"https:\/\/www.europesays.com\/no\/wp-json\/wp\/v2\/posts"}],"about":[{"href":"https:\/\/www.europesays.com\/no\/wp-json\/wp\/v2\/types\/post"}],"author":[{"embeddable":true,"href":"https:\/\/www.europesays.com\/no\/wp-json\/wp\/v2\/users\/2"}],"replies":[{"embeddable":true,"href":"https:\/\/www.europesays.com\/no\/wp-json\/wp\/v2\/comments?post=117356"}],"version-history":[{"count":0,"href":"https:\/\/www.europesays.com\/no\/wp-json\/wp\/v2\/posts\/117356\/revisions"}],"wp:featuredmedia":[{"embeddable":true,"href":"https:\/\/www.europesays.com\/no\/wp-json\/wp\/v2\/media\/117357"}],"wp:attachment":[{"href":"https:\/\/www.europesays.com\/no\/wp-json\/wp\/v2\/media?parent=117356"}],"wp:term":[{"taxonomy":"category","embeddable":true,"href":"https:\/\/www.europesays.com\/no\/wp-json\/wp\/v2\/categories?post=117356"},{"taxonomy":"post_tag","embeddable":true,"href":"https:\/\/www.europesays.com\/no\/wp-json\/wp\/v2\/tags?post=117356"}],"curies":[{"name":"wp","href":"https:\/\/api.w.org\/{rel}","templated":true}]}}