{"id":117358,"date":"2025-12-19T11:26:49","date_gmt":"2025-12-19T11:26:49","guid":{"rendered":"https:\/\/www.europesays.com\/no\/117358\/"},"modified":"2025-12-19T11:26:49","modified_gmt":"2025-12-19T11:26:49","slug":"dette-kan-bli-navnet-pa-glimts-nye-stadion-lofotposten","status":"publish","type":"post","link":"https:\/\/www.europesays.com\/no\/117358\/","title":{"rendered":"Dette kan bli navnet p\u00e5 Glimts nye stadion &#8211; Lofotposten"},"content":{"rendered":"<ol>\n<li><a href=\"https:\/\/news.google.com\/rss\/articles\/CBMijAFBVV95cUxOY3FVU1RoUm02bC1GS3EyWmZaWHQ4WllVQTQtdHQyWkR2UWotSmxqZjZSRUJpRURyZzVUV19sQTdxM0w3MDZTQXFVa25RZzhLckxmM19NRW10T2xkZkd5emhXVEtVTHVRUVpxcTdGd2Y1UVdIMURaWlowemJlVkVRUEhGWUlvZXRobUszVw?oc=5\" target=\"_blank\" rel=\"nofollow noopener\">Dette kan bli navnet p\u00e5 Glimts nye stadion<\/a>&nbsp;&nbsp;Lofotposten<\/li>\n<li><a href=\"https:\/\/news.google.com\/rss\/articles\/CBMipwFBVV95cUxNSk5xNGdXODN6SjUxejkzaHg2NUNzak1lb3FLeEpteGFkNXRGSkJUZ1FvamF3ekkwOW8zQWN1UG9TeU9abWk4cFJPT3lzNDNlNWdvQzNRVHlSNWxSU1NLMTNETGR5c21ILUIwZjBCNHBzd0xkaU9rd19vWnNrdUxEQzlfbDY3eFFxV2ZOU1d4WGY2NVJxdHdzYmZ1blRIYXUxSTdsVW9aSQ?oc=5\" target=\"_blank\" rel=\"nofollow noopener\">Glimt, Sport | Vil betale Glimt for \u00e5 skrote \u00e5rsm\u00f8tevedtak: \u2013 Vi m\u00e5 tenke p\u00e5 v\u00e5r merkevare<\/a>&nbsp;&nbsp;Avisa Nordland<\/li>\n<li><a href=\"https:\/\/news.google.com\/rss\/articles\/CBMiZkFVX3lxTE5ZY1UyX3NGTmZGbkpFOV93cHVjeUNocUY4bUc5TTduTXlwR0d6bWVrWWhleDNiaHppSC1ldkQzQmVOcGNxZ0tyUnV2REFfQUM4c0N6ejhvNWwzY0RoWE01Qi11ZjhWQQ?oc=5\" target=\"_blank\" rel=\"nofollow noopener\">Glimt-beskjed: \u2013 Umulig<\/a>&nbsp;&nbsp;TV2.no<\/li>\n<li><a href=\"https:\/\/news.google.com\/rss\/articles\/CBMijAFBVV95cUxQWjdLVFhZaUxKcGJ6dGdMMXM5M2RYTTlZLWVPb01oeWhjNEhDTFFrQ2ktaTBodVNQaVctRXFVZmFUYThvT09WX0pKV0ljN2tRaWljRjRBT3NBUGptX3JMZ0Q1dVNBUV9pTHBWRkdfbFc2dVNTZWVfcjBWVXRBX2t6dnp1TmY0U0t1b0RSVw?oc=5\" target=\"_blank\" rel=\"nofollow noopener\">Dette vil Glimt at milliard-stadion skal hete<\/a>&nbsp;&nbsp;NRK<\/li>\n<li><a href=\"https:\/\/news.google.com\/rss\/articles\/CBMic0FVX3lxTE0yUnhDTWJlYUxlVmhta0k4cHNLSG5mM0Rla2NELTlqNHVILXhYTHkxNUl3eGNMUVYtQnFLTG54UWMwbDBxOVhRMDRNeVgwNjlCWTlxTlN3WnpIOWJVRzVBVlp5ZjZ0akI3b3Vhb19CUzhTTnc?oc=5\" target=\"_blank\" rel=\"nofollow noopener\">Storsignering for Glimts nye stadion<\/a>&nbsp;&nbsp;Bod\u00f8\/Glimt<\/li>\n<\/ol>\n","protected":false},"excerpt":{"rendered":"Dette kan bli navnet p\u00e5 Glimts nye stadion&nbsp;&nbsp;Lofotposten Glimt, Sport | Vil betale Glimt for \u00e5 skrote \u00e5rsm\u00f8tevedtak:&hellip;\n","protected":false},"author":2,"featured_media":116581,"comment_status":"","ping_status":"","sticky":false,"template":"","format":"standard","meta":{"footnotes":""},"categories":[59],"tags":[30,28,29,83,82],"class_list":{"0":"post-117358","1":"post","2":"type-post","3":"status-publish","4":"format-standard","5":"has-post-thumbnail","7":"category-sport","8":"tag-no","9":"tag-norge","10":"tag-norway","11":"tag-sport","12":"tag-sports"},"share_on_mastodon":{"url":"https:\/\/pubeurope.com\/@no\/115745996490441381","error":""},"_links":{"self":[{"href":"https:\/\/www.europesays.com\/no\/wp-json\/wp\/v2\/posts\/117358","targetHints":{"allow":["GET"]}}],"collection":[{"href":"https:\/\/www.europesays.com\/no\/wp-json\/wp\/v2\/posts"}],"about":[{"href":"https:\/\/www.europesays.com\/no\/wp-json\/wp\/v2\/types\/post"}],"author":[{"embeddable":true,"href":"https:\/\/www.europesays.com\/no\/wp-json\/wp\/v2\/users\/2"}],"replies":[{"embeddable":true,"href":"https:\/\/www.europesays.com\/no\/wp-json\/wp\/v2\/comments?post=117358"}],"version-history":[{"count":0,"href":"https:\/\/www.europesays.com\/no\/wp-json\/wp\/v2\/posts\/117358\/revisions"}],"wp:featuredmedia":[{"embeddable":true,"href":"https:\/\/www.europesays.com\/no\/wp-json\/wp\/v2\/media\/116581"}],"wp:attachment":[{"href":"https:\/\/www.europesays.com\/no\/wp-json\/wp\/v2\/media?parent=117358"}],"wp:term":[{"taxonomy":"category","embeddable":true,"href":"https:\/\/www.europesays.com\/no\/wp-json\/wp\/v2\/categories?post=117358"},{"taxonomy":"post_tag","embeddable":true,"href":"https:\/\/www.europesays.com\/no\/wp-json\/wp\/v2\/tags?post=117358"}],"curies":[{"name":"wp","href":"https:\/\/api.w.org\/{rel}","templated":true}]}}