{"id":117371,"date":"2025-12-19T12:00:12","date_gmt":"2025-12-19T12:00:12","guid":{"rendered":"https:\/\/www.europesays.com\/no\/117371\/"},"modified":"2025-12-19T12:00:12","modified_gmt":"2025-12-19T12:00:12","slug":"to-nye-fjes-i-humoretaten-pa-nrk","status":"publish","type":"post","link":"https:\/\/www.europesays.com\/no\/117371\/","title":{"rendered":"To nye fjes i \u00abHumoretaten\u00bb p\u00e5 NRK"},"content":{"rendered":"\n<p class=\"_lead_o9xde_2 _lead_xtcu6_50 layout-component text-serif-m layout-normal text-serif-l layout-component layout-wide layout-padded _wide_17hqh_1 layout-padded\">Javad El Bakali og Kristine Gr\u00e6ndsen blir en del av gjengen i NRKs humorflaggskip.<\/p>\n<p><img alt=\" Foto: Julia Marie Naglestad \/NRK\" class=\"_image_qp4xg_65 layout-component layout-wide\" data-fullscreen- data-track-element-type=\"Article image fullscreen\" data-track-name=\"ImageFullscreen\" fetchpriority=\"high\" decoding=\"sync\" loading=\"eager\" height=\"4552\" itemprop=\"image\"  src=\"https:\/\/www.europesays.com\/no\/wp-content\/uploads\/2025\/12\/48d1782a-bbda-424f-92d4-444baba160fd\"  style=\"object-position:47.934065934065934% 33.29305799648506%\" width=\"6825\"\/> Foto: Julia Marie Naglestad \/NRK<\/p>\n<ul aria-hidden=\"true\" class=\"_images_ntbth_112\">\n<li><a class=\"_link_ntbth_117\" href=\"https:\/\/www.vg.no\/forfatter\/hannah-solstad-klepp\" style=\"z-index:1\" title=\"Hannah Solstad Klepp\" rel=\"nofollow noopener\" target=\"_blank\"><img alt=\"Bilde av Hannah Solstad Klepp\" class=\"_image_ntbth_93\" fetchpriority=\"low\" loading=\"lazy\" decoding=\"async\" itemprop=\"image\"  src=\"https:\/\/www.europesays.com\/no\/wp-content\/uploads\/2025\/12\/1766145612_785_f811f9c1-64f7-4c50-9133-b5735831a650\"  width=\"480\"\/><\/a><\/li>\n<\/ul>\n<p> Oppdatert fredag 19. desember kl. 12:21     <\/p>\n<p class=\"_paragraph_o9xde_4 _paragraph_xtcu6_10 layout-component text-serif-m layout-normal text-serif-m layout-padded\">Javad El Bakali og <a href=\"https:\/\/www.vg.no\/tag\/kristine-graendsen?utm_source=vg-article&amp;utm_medium=auto-tagger&amp;utm_campaign=k0JJe6\" class=\"_link_o9xde_39\" rel=\"nofollow noopener\" target=\"_blank\">Kristine Gr\u00e6ndsen<\/a> blir \u00e5 se i den tredje sesongen av \u00abHumoretaten\u00bb som kommer etter nytt\u00e5r, melder\u00a0<a href=\"https:\/\/www.nrk.no\/kultur\/nye-fjes-i-_humoretaten__-_-ein-draum-som-gar-i-oppfylling-1.17699745\" class=\"_link_o9xde_39\" rel=\"nofollow noopener\" target=\"_blank\">NRK<\/a>.<\/p>\n<p class=\"_paragraph_o9xde_4 _paragraph_xtcu6_10 layout-component text-serif-m layout-normal text-serif-m layout-padded\">For El Bakali har veien til TV-ruta v\u00e6rt surrealistisk. S\u00e5 sent som i 2022 m\u00e5tte han l\u00e5ne penger for \u00e5 betale husleie, mens han jobbet p\u00e5 SFO og i en psykiatribustad ved siden av humorambisjonene.<\/p>\n<p class=\"_paragraph_o9xde_4 _paragraph_xtcu6_10 layout-component text-serif-m layout-normal text-serif-m layout-padded\">\u2013 Vi skal ikke lenger tilbake enn 2022, da jeg m\u00e5tte drive \u00e5 l\u00e5ne penger for \u00e5 betale husleie, innr\u00f8mmer han til NRK.<\/p>\n<p class=\"_paragraph_o9xde_4 _paragraph_xtcu6_10 layout-component text-serif-m layout-normal text-serif-m layout-padded\">El Bakali ble f\u00f8rst kjent som @utlendingmemes p\u00e5 Instagram og TikTok, og n\u00e5dde raskt et stort publikum i sosiale medier. Han jobbet som tekstforfatter p\u00e5 den f\u00f8rste sesongen av \u00abHumoretaten\u00bb.<\/p>\n<p class=\"_paragraph_o9xde_4 _paragraph_xtcu6_10 layout-component text-serif-m layout-normal text-serif-m layout-padded\">\u2013 Dette er akkurat s\u00e5nn TV jeg har \u00f8nsket \u00e5 v\u00e6re med p\u00e5 siden jeg starta med humor, sier han.<\/p>\n<p class=\"_paragraph_o9xde_4 _paragraph_xtcu6_10 layout-component text-serif-m layout-normal text-serif-m layout-padded\">Kristine Gr\u00e6ndsen gleder seg til \u00e5 utforske NRKs kostymeavdeling.<\/p>\n<p class=\"_paragraph_o9xde_4 _paragraph_xtcu6_10 layout-component text-serif-m layout-normal text-serif-m layout-padded\">\u2013 Parykk- og brillelageret til NRK er \u00abamazing\u00bb. Det er et privilegium \u00e5 f\u00e5 lov til \u00e5 kose seg med det, sier hun.<\/p>\n<p class=\"_paragraph_o9xde_4 _paragraph_xtcu6_10 layout-component text-serif-m layout-normal text-serif-m layout-padded\">Hun lover publikum h\u00f8yt tempo og god stemning i den kommende sesongen.<\/p>\n<p class=\"_paragraph_o9xde_4 _paragraph_xtcu6_10 layout-component text-serif-m layout-normal text-serif-m layout-padded\">\u2013 Vi skal lage enda flere sketsjer og vi er enda flere folk, s\u00e5 jeg h\u00e5per at det gj\u00f8r at vi kan v\u00e6re med \u00e5 f\u00e5 det til \u00e5 \u00abboome\u00bb, sier Gr\u00e6ndsen.<\/p>\n<p class=\"_paragraph_o9xde_4 _paragraph_xtcu6_10 layout-component text-serif-m layout-normal text-serif-m layout-padded\">\u2013 Kanskje litt mer kaos ogs\u00e5, for de som m\u00e5tte like det.<\/p>\n","protected":false},"excerpt":{"rendered":"Javad El Bakali og Kristine Gr\u00e6ndsen blir en del av gjengen i NRKs humorflaggskip. Foto: Julia Marie Naglestad&hellip;\n","protected":false},"author":2,"featured_media":117372,"comment_status":"","ping_status":"","sticky":false,"template":"","format":"standard","meta":{"footnotes":""},"categories":[10],"tags":[20,21,24,25,15,9412,22,23,13,30,28,29,787,14,16,26,27],"class_list":{"0":"post-117371","1":"post","2":"type-post","3":"status-publish","4":"format-standard","5":"has-post-thumbnail","7":"category-norge","8":"tag-breaking-news","9":"tag-breakingnews","10":"tag-featured-news","11":"tag-featurednews","12":"tag-headlines","13":"tag-kristine-graendsen","14":"tag-latest-news","15":"tag-latestnews","16":"tag-news","17":"tag-no","18":"tag-norge","19":"tag-norway","20":"tag-nrk","21":"tag-nyheter","22":"tag-overskrifter","23":"tag-top-stories","24":"tag-topstories"},"share_on_mastodon":{"url":"https:\/\/pubeurope.com\/@no\/115746126384450674","error":""},"_links":{"self":[{"href":"https:\/\/www.europesays.com\/no\/wp-json\/wp\/v2\/posts\/117371","targetHints":{"allow":["GET"]}}],"collection":[{"href":"https:\/\/www.europesays.com\/no\/wp-json\/wp\/v2\/posts"}],"about":[{"href":"https:\/\/www.europesays.com\/no\/wp-json\/wp\/v2\/types\/post"}],"author":[{"embeddable":true,"href":"https:\/\/www.europesays.com\/no\/wp-json\/wp\/v2\/users\/2"}],"replies":[{"embeddable":true,"href":"https:\/\/www.europesays.com\/no\/wp-json\/wp\/v2\/comments?post=117371"}],"version-history":[{"count":0,"href":"https:\/\/www.europesays.com\/no\/wp-json\/wp\/v2\/posts\/117371\/revisions"}],"wp:featuredmedia":[{"embeddable":true,"href":"https:\/\/www.europesays.com\/no\/wp-json\/wp\/v2\/media\/117372"}],"wp:attachment":[{"href":"https:\/\/www.europesays.com\/no\/wp-json\/wp\/v2\/media?parent=117371"}],"wp:term":[{"taxonomy":"category","embeddable":true,"href":"https:\/\/www.europesays.com\/no\/wp-json\/wp\/v2\/categories?post=117371"},{"taxonomy":"post_tag","embeddable":true,"href":"https:\/\/www.europesays.com\/no\/wp-json\/wp\/v2\/tags?post=117371"}],"curies":[{"name":"wp","href":"https:\/\/api.w.org\/{rel}","templated":true}]}}