{"id":117373,"date":"2025-12-19T12:07:11","date_gmt":"2025-12-19T12:07:11","guid":{"rendered":"https:\/\/www.europesays.com\/no\/117373\/"},"modified":"2025-12-19T12:07:11","modified_gmt":"2025-12-19T12:07:11","slug":"tidligere-ap-topp-eigil-knutsen-skal-lede-stoltenbergs-skattekommisjon","status":"publish","type":"post","link":"https:\/\/www.europesays.com\/no\/117373\/","title":{"rendered":"Tidligere Ap-topp Eigil Knutsen skal lede Stoltenbergs skattekommisjon"},"content":{"rendered":"\n<p class=\"_lead_o9xde_2 _lead_xtcu6_50 layout-component text-serif-m layout-normal text-serif-l layout-component layout-wide layout-padded _wide_17hqh_1 layout-padded\">Skattekommisjonen som finansminister Jens Stoltenberg (Ap) har ivret for, g\u00e5r n\u00e5 i arbeid. Kommisjonen ble oppnevnt i statsr\u00e5d fredag, og skal ledes av Eigil Knutsen (Ap).<\/p>\n<p><img alt=\"Jens Stoltenberg deltok i debatten da statsbudsjettet ble vedtatt i Stortinget 5. desember.  Foto: G\u00f8ran Bohlin \/ VG\" class=\"_image_qp4xg_65 layout-component layout-wide\" data-fullscreen- data-track-element-type=\"Article image fullscreen\" data-track-name=\"ImageFullscreen\" fetchpriority=\"high\" decoding=\"sync\" loading=\"eager\" height=\"5504\" itemprop=\"image\"  src=\"https:\/\/www.europesays.com\/no\/wp-content\/uploads\/2025\/12\/8c1f8c45-235b-43f7-a187-689c6d25c150\"  style=\"object-position:0% 0%\" width=\"8256\"\/>Jens Stoltenberg deltok i debatten da statsbudsjettet ble vedtatt i Stortinget 5. desember.  Foto: G\u00f8ran Bohlin \/ VG<\/p>\n<ul aria-hidden=\"true\" class=\"_images_ntbth_112\">\n<li><a class=\"_link_ntbth_117\" href=\"https:\/\/www.vg.no\/forfatter\/alf-bjarne-johnsen\" style=\"z-index:2\" title=\"Alf Bjarne Johnsen\" rel=\"nofollow noopener\" target=\"_blank\"><img alt=\"Bilde av Alf Bjarne Johnsen\" class=\"_image_ntbth_93\" fetchpriority=\"low\" loading=\"lazy\" decoding=\"async\" itemprop=\"image\"  src=\"https:\/\/www.europesays.com\/no\/wp-content\/uploads\/2025\/12\/1766146030_124_a8952b63-f4d3-424e-ab5c-93e67076c9b0\"  width=\"480\"\/><\/a><\/li>\n<li><a class=\"_link_ntbth_117\" href=\"https:\/\/www.vg.no\/forfatter\/eirik-roesvik\" style=\"z-index:1\" title=\"Eirik R\u00f8svik\" rel=\"nofollow noopener\" target=\"_blank\"><img alt=\"Bilde av Eirik R\u00f8svik\" class=\"_image_ntbth_93\" fetchpriority=\"low\" loading=\"lazy\" decoding=\"async\" itemprop=\"image\"  src=\"https:\/\/www.europesays.com\/no\/wp-content\/uploads\/2025\/12\/1766146031_308_e89b2909-ac93-4edd-8a78-19e4fd985be5\"  width=\"480\"\/><\/a><\/li>\n<\/ul>\n<p> Oppdatert fredag 19. desember kl. 12:42     <\/p>\n<p class=\"_paragraph_o9xde_4 _paragraph_xtcu6_10 layout-component text-serif-m layout-normal text-serif-m layout-padded\">I kommisjonen sitter b\u00e5de fag\u00f8konomer og representanter utpekt av de politiske partiene p\u00e5 Stortinget \u2013 bortsett fra Frp, som ikke ville v\u00e6re med. <\/p>\n<p class=\"_paragraph_o9xde_4 _paragraph_xtcu6_10 layout-component text-serif-m layout-normal text-serif-m layout-padded\">Tidligere stortingsrepresentant Eigil Knutsen fra Hordaland, som skal lede kommisjonen, har v\u00e6rt leder av Stortingets finanskomit\u00e9 og var Aps finanspolitiske talsperson. <\/p>\n<p class=\"_paragraph_o9xde_4 _paragraph_xtcu6_10 layout-component text-serif-m layout-normal text-serif-m layout-padded\">SkattekommisjonenSkattekommisjonenEn skattekommisjon skal best\u00e5 av en gruppe eksperter og folk fra de politiske partiene som skal utrede og foresl\u00e5  endringer i skattesystemet. skal vurdere endringer i skattesystemet, og berede grunnen for et skattesystem som flest mulig av partiene p\u00e5 Stortinget kan stille seg bak.<\/p>\n<p><img alt=\"EKS-FINANSPOLITIKER: Eigil Knutsen har tidligere ledet finanskomiteen p\u00e5 Stortinget.  Foto: Janne M\u00f8ller-Hansen \/ VG\" class=\"_image_qp4xg_65 layout-component layout-normal\" data-fullscreen- data-track-element-type=\"Article image fullscreen\" data-track-name=\"ImageFullscreen\" decoding=\"async\" loading=\"lazy\" height=\"5216\" itemprop=\"image\"  src=\"https:\/\/www.europesays.com\/no\/wp-content\/uploads\/2025\/12\/a3c3788e-a2e9-487e-bdac-213193a2cdaa\"  style=\"object-position:0% 0%\" width=\"7297\"\/>EKS-FINANSPOLITIKER: Eigil Knutsen har tidligere ledet finanskomiteen p\u00e5 Stortinget.  Foto: Janne M\u00f8ller-Hansen \/ VG<\/p>\n<p class=\"_paragraph_o9xde_4 _paragraph_xtcu6_10 layout-component text-serif-m layout-normal text-serif-m layout-padded\">\u2013 Jo mer uro det er der ute, desto viktigere er det at vi skaper forutsigbarhet her hjemme, sa <a href=\"https:\/\/www.vg.no\/tag\/jens-stoltenberg?utm_source=vg-article&amp;utm_medium=auto-tagger&amp;utm_campaign=Pd99Op\" class=\"_link_o9xde_39\" rel=\"nofollow noopener\" target=\"_blank\">Jens Stoltenberg<\/a> <a href=\"https:\/\/www.vg.no\/nyheter\/i\/qPr9vw\/jens-stoltenberg-inviterer-de-andre-partiene-til-bredt-skatteforlik\" data-track-element-type=\"Link\" data-track-id=\"link:qPr9vw\" class=\"_link_o9xde_39\" rel=\"nofollow noopener\" target=\"_blank\">da han lanserte ideen<\/a> om et bredt skatteforlik i VG i mars. <\/p>\n<p class=\"_paragraph_o9xde_4 _paragraph_xtcu6_10 layout-component text-serif-m layout-normal text-serif-m layout-padded\"><strong class=\"_strong_o9xde_25\">Mange m\u00e5neder senere har Ap-regjeringen omsider oppn\u00e5dd st\u00f8tte fra et flertall av partiene p\u00e5 Stortinget for et mandat og en arbeidsform de andre kunne akseptere.<\/strong><\/p>\n<p>Her er resten av medlemmene<\/p>\n<p class=\"_paragraph_o9xde_4 _paragraph_xtcu6_10 _paragraph_16v91_10 layout-component text-serif-m layout-normal text-sans-m layout-padded\">Daglig leder Lars Erik Bartnes, B\u00e6rum<br \/>Advokat Jan Joachim Meidell Bjerke, Oslo<br \/>F\u00f8rsteamanuensis Ole-Andreas Elvik N\u00e6ss, Bergen<br \/>Gruppesekret\u00e6r Ingrid Nergaard Fjeldstad, Bergen<br \/>Partner Jon Gunnar Pedersen, Larvik<br \/>Analytiker Astrid-Kristine Hauge Ramb\u00f8l, Oslo<br \/>F\u00f8rsteamanuensis Ragnhild Camilla Schreiner, Oslo<br \/>Leder myndighetskontakt Hans Olav Syversen, Oslo<br \/>Advokat Hilde Thorstad, Oslo<br \/>IT-utvikler Torkil Vederhus, Oslo<br \/>F\u00f8rsteamanuensis Camilla Bakken \u00d8vald, Oslo<\/p>\n<p>Vis mer<\/p>\n<p class=\"_paragraph_o9xde_4 _paragraph_xtcu6_10 layout-component text-serif-m layout-normal text-serif-m layout-padded\">Stoltenbergs m\u00e5l fra starten var et \u00abbedre og mer forutsigbart skattesystem for bedriftene og for familiene\u00bb.<\/p>\n<p> \u2013 For tidlig <\/p>\n<p class=\"_paragraph_o9xde_4 _paragraph_xtcu6_10 layout-component text-serif-m layout-normal text-serif-m layout-padded\">For et par uker siden ble det klart at <a href=\"https:\/\/e24.no\/norsk-oekonomi\/i\/d45y2O\/hoeyre-krf-og-venstre-vil-bidra-til-skattekommisjon\" class=\"_link_o9xde_39\" rel=\"nofollow noopener\" target=\"_blank\">H\u00f8yre, Venstre og KrF ville delta<\/a> i arbeidet. <\/p>\n<p class=\"_paragraph_o9xde_4 _paragraph_xtcu6_10 layout-component text-serif-m layout-normal text-serif-m layout-padded\">Nikolai Astrup (H) tok imidlertid er klart forbehold om det er mulig \u00e5 bli enige over blokkgrensen i norsk politikk:<\/p>\n<p class=\"_paragraph_o9xde_4 _paragraph_xtcu6_10 layout-component text-serif-m layout-normal text-serif-m layout-padded\"><strong class=\"_strong_o9xde_25\">\u2013 Det er for tidlig \u00e5 si om det er mulig \u00e5 f\u00e5 til et skatteforlik, sa Astrup.<\/strong><\/p>\n<p class=\"_paragraph_o9xde_4 _paragraph_xtcu6_10 layout-component text-serif-m layout-normal text-serif-m layout-padded\">Stikkordet for at H\u00f8yre ble med, var at skattelettelser m\u00e5 utredes:<\/p>\n<p class=\"_paragraph_o9xde_4 _paragraph_xtcu6_10 layout-component text-serif-m layout-normal text-serif-m layout-padded\">\u2013 Kommisjonen skal ogs\u00e5 peke p\u00e5 hvilke skatte- og avgiftslettelser som er de beste i et forlik som inneb\u00e6rer et lavere skatteniv\u00e5. Da tenker vi at vi skylder b\u00e5de folk og bedrifter \u00e5 fors\u00f8ke \u00e5 bidra til et bedre skatteniv\u00e5 enn det vi har i dag legger til rette for vekst og verdiskaping fremover, sa Astrup til E24.<\/p>\n<p>St\u00e5r utenfor <\/p>\n<p class=\"_paragraph_o9xde_4 _paragraph_xtcu6_10 layout-component text-serif-m layout-normal text-serif-m layout-padded\">Frp, det st\u00f8rste partiet p\u00e5 borgerlig side, mente at en kommisjon var overfl\u00f8dig, og at partiene p\u00e5 Stortinget i stedet kan g\u00e5 rett i forhandlinger om endringer i skattesystemet:<\/p>\n<p class=\"_paragraph_o9xde_4 _paragraph_xtcu6_10 layout-component text-serif-m layout-normal text-serif-m layout-padded\">\u2013 Vi vil ikke v\u00e6re med p\u00e5 \u00e5 kaste bl\u00e5r i \u00f8ynene til velgerne. Det er ikke mulig \u00e5 f\u00e5 til et forlik der alle partier inng\u00e5r, derfor m\u00e5 Stoltenberg og St\u00f8re velge mellom skatte\u00f8kninger med ytre venstre-partiene eller skattelettelser med Frp, uttalte Frp-nestleder Hans Andreas Limi i en kommentar til E24.<\/p>\n<p>Utreder partiloven <\/p>\n<p class=\"_paragraph_o9xde_4 _paragraph_xtcu6_10 layout-component text-serif-m layout-normal text-serif-m layout-padded\"><strong class=\"_strong_o9xde_25\">Regjeringen har ogs\u00e5 startet en ny utredning av hvordan de politiske partiene blir finansiert. <\/strong><\/p>\n<p class=\"_paragraph_o9xde_4 _paragraph_xtcu6_10 layout-component text-serif-m layout-normal text-serif-m layout-padded\">Et utvalg som skal g\u00e5 gjennom den 20 \u00e5r gamle partiloven, ble oppnevnt i Statsr\u00e5d fredag. <\/p>\n<p class=\"_paragraph_o9xde_4 _paragraph_xtcu6_10 layout-component text-serif-m layout-normal text-serif-m layout-padded\">Utvalget skal ledes av B\u00e5rd Vegar Solhjell, tidligere statsr\u00e5d og SV-nestleder som n\u00e5 er toppsjef i NHO-foreningen Fornybar Norge. <\/p>\n<p class=\"_paragraph_o9xde_4 _paragraph_xtcu6_10 layout-component text-serif-m layout-normal text-serif-m layout-padded\">Utvalget skal blant annet vurdere reglene for finansiering av partienes virksomhet og offentliggj\u00f8ring av deres inntekter.<\/p>\n","protected":false},"excerpt":{"rendered":"Skattekommisjonen som finansminister Jens Stoltenberg (Ap) har ivret for, g\u00e5r n\u00e5 i arbeid. Kommisjonen ble oppnevnt i statsr\u00e5d&hellip;\n","protected":false},"author":2,"featured_media":117374,"comment_status":"","ping_status":"","sticky":false,"template":"","format":"standard","meta":{"footnotes":""},"categories":[10],"tags":[20,21,24,25,1685,15,240,22,23,13,504,30,28,281,29,14,16,1289,333,26,27,205],"class_list":{"0":"post-117373","1":"post","2":"type-post","3":"status-publish","4":"format-standard","5":"has-post-thumbnail","7":"category-norge","8":"tag-breaking-news","9":"tag-breakingnews","10":"tag-featured-news","11":"tag-featurednews","12":"tag-hans-andreas-limi","13":"tag-headlines","14":"tag-jens-stoltenberg","15":"tag-latest-news","16":"tag-latestnews","17":"tag-news","18":"tag-nikolai-astrup","19":"tag-no","20":"tag-norge","21":"tag-norsk-politikk","22":"tag-norway","23":"tag-nyheter","24":"tag-overskrifter","25":"tag-skatt","26":"tag-stortinget","27":"tag-top-stories","28":"tag-topstories","29":"tag-vgsamfunn"},"share_on_mastodon":{"url":"https:\/\/pubeurope.com\/@no\/115746153992645619","error":""},"_links":{"self":[{"href":"https:\/\/www.europesays.com\/no\/wp-json\/wp\/v2\/posts\/117373","targetHints":{"allow":["GET"]}}],"collection":[{"href":"https:\/\/www.europesays.com\/no\/wp-json\/wp\/v2\/posts"}],"about":[{"href":"https:\/\/www.europesays.com\/no\/wp-json\/wp\/v2\/types\/post"}],"author":[{"embeddable":true,"href":"https:\/\/www.europesays.com\/no\/wp-json\/wp\/v2\/users\/2"}],"replies":[{"embeddable":true,"href":"https:\/\/www.europesays.com\/no\/wp-json\/wp\/v2\/comments?post=117373"}],"version-history":[{"count":0,"href":"https:\/\/www.europesays.com\/no\/wp-json\/wp\/v2\/posts\/117373\/revisions"}],"wp:featuredmedia":[{"embeddable":true,"href":"https:\/\/www.europesays.com\/no\/wp-json\/wp\/v2\/media\/117374"}],"wp:attachment":[{"href":"https:\/\/www.europesays.com\/no\/wp-json\/wp\/v2\/media?parent=117373"}],"wp:term":[{"taxonomy":"category","embeddable":true,"href":"https:\/\/www.europesays.com\/no\/wp-json\/wp\/v2\/categories?post=117373"},{"taxonomy":"post_tag","embeddable":true,"href":"https:\/\/www.europesays.com\/no\/wp-json\/wp\/v2\/tags?post=117373"}],"curies":[{"name":"wp","href":"https:\/\/api.w.org\/{rel}","templated":true}]}}