{"id":117381,"date":"2025-12-19T12:16:15","date_gmt":"2025-12-19T12:16:15","guid":{"rendered":"https:\/\/www.europesays.com\/no\/117381\/"},"modified":"2025-12-19T12:16:15","modified_gmt":"2025-12-19T12:16:15","slug":"onlyfans-stjerne-lane-v-rogers-dod-i-tragisk-motorsykkelulykke","status":"publish","type":"post","link":"https:\/\/www.europesays.com\/no\/117381\/","title":{"rendered":"OnlyFans-stjerne Lane V Rogers d\u00f8d i tragisk motorsykkelulykke"},"content":{"rendered":"<p class=\"kicker \" style=\"\">Lane Rogers:<\/p>\n<p>  Den popul\u00e6re Internett-profilen ble bare 31 \u00e5r. Han ble truffet av en lastebil, og livet sto ikke til \u00e5 redde.<\/p>\n<p>\n    TRAGISK: Instagram- og OnlyFans-profil Lane V Rogers gikk bort tidligere i uken etter en tragisk ulykke. Foto: Instagram\n  <\/p>\n<p id=\"text\" class=\"svelte-1bgec1z\">I samarbeid med<\/p>\n<p>     <img decoding=\"async\" src=\"https:\/\/www.europesays.com\/no\/wp-content\/uploads\/2025\/12\/fishermansFriend.png\" alt=\"kommersiell logo\" class=\"svelte-1bgec1z\"\/>          <\/p>\n<p>Lane V Rogers (31), som gikk under artistnavnet Blake Mitchell, har g\u00e5tt bort, melder <a href=\"https:\/\/www.tmz.com\/2025\/12\/17\/onlyfans-lane-v-rogers-killed-motorcycle-accident\/\" target=\"_blank\" rel=\"nofollow noopener\">TMZ<\/a>.<\/p>\n<p>    <a itemprop=\"url\" href=\"https:\/\/www.seher.no\/kjendis\/i-sorg-umulig-tragedie\/84000161\" rel=\"nofollow noopener\" target=\"_blank\"><\/p>\n<p>        <img loading=\"lazy\" decoding=\"async\" src=\"https:\/\/www.europesays.com\/no\/wp-content\/uploads\/2025\/12\/84000225.webp\" width=\"147\" height=\"98\" title=\"I sorg: - Umulig tragedie\" alt=\"\" class=\"lazyload\" style=\"--aspect-ratio-image: 1.50; \"\/><\/p>\n<p>        I sorg: &#8211; Umulig tragedie<\/p>\n<p>    <\/a><\/p>\n<p>Et familiemedlem av Rogers bekrefter overfor nyhetstedet at han d\u00f8de i en motorsykkelulykke mandag.<\/p>\n<p>Det melder ukebladet <a href=\"https:\/\/www.usmagazine.com\/celebrity-news\/news\/onlyfans-star-lane-v-rogers-dead-at-31-after-motorcycle-accident\/\" rel=\"nofollow noopener\" target=\"_blank\">US Weekly<\/a>\u00a0i en omfattende reportasje.<\/p>\n<p>Han er mest kjent som OnlyFans-profil, men har ogs\u00e5 400 000 f\u00f8lgere p\u00e5 <a href=\"https:\/\/www.instagram.com\/lanevrogers\/\" rel=\"nofollow noopener\" target=\"_blank\">Instagram<\/a>. 31-\u00e5ringen ble truffet av en lastebil da han var ute og kj\u00f8rtei Oxnard, California.<\/p>\n<p>Han ble erkl\u00e6rt d\u00f8d p\u00e5 stedet.<\/p>\n<p> Rogers siste innlegg p\u00e5 Instagram var en humoristisk video hvor han snakker med 2020-versjonen av seg selv om hvordan livet hans ser ut n\u00e5. Kommentarfeltet er n\u00e5 fylt av kondolasjoner og meldinger fra venner og fans.\u00a0<\/p>\n<p>Hvordan ulykken oppsto er enn\u00e5 uklart. Lastebilsj\u00e5f\u00f8ren snakket med politiet p\u00e5 ulykkesstedet, melder nettstedet <a href=\"https:\/\/www.tmz.com\/2025\/12\/17\/onlyfans-lane-v-rogers-killed-motorcycle-accident\/\" rel=\"nofollow noopener\" target=\"_blank\">TMZ<\/a>.<\/p>\n<p>        SAMLET: Onsdag var kronprinsfamilien p\u00e5 bes\u00f8k hos Langerudhjemmet i Oslo, og b\u00e5de store og sm\u00e5 fikk en julehilsen fra familien. Reporter\/Video: Danny Son Ngoc To. <\/p>\n<p>Rogers hadde flere hundre tusen f\u00f8lgere spredt p\u00e5 sine sosiale medieplattformer.<\/p>\n<p>      <script async src=\"\/\/www.instagram.com\/embed.js\"><\/script><\/p>\n","protected":false},"excerpt":{"rendered":"Lane Rogers: Den popul\u00e6re Internett-profilen ble bare 31 \u00e5r. Han ble truffet av en lastebil, og livet sto&hellip;\n","protected":false},"author":2,"featured_media":117382,"comment_status":"","ping_status":"","sticky":false,"template":"","format":"standard","meta":{"footnotes":""},"categories":[59],"tags":[479,2543,14134,30,28,29,3464,83,82],"class_list":{"0":"post-117381","1":"post","2":"type-post","3":"status-publish","4":"format-standard","5":"has-post-thumbnail","7":"category-sport","8":"tag-kjendis","9":"tag-kjendisdesken","10":"tag-lane-v-rogers","11":"tag-no","12":"tag-norge","13":"tag-norway","14":"tag-onlyfans","15":"tag-sport","16":"tag-sports"},"share_on_mastodon":{"url":"https:\/\/pubeurope.com\/@no\/115746189300174417","error":""},"_links":{"self":[{"href":"https:\/\/www.europesays.com\/no\/wp-json\/wp\/v2\/posts\/117381","targetHints":{"allow":["GET"]}}],"collection":[{"href":"https:\/\/www.europesays.com\/no\/wp-json\/wp\/v2\/posts"}],"about":[{"href":"https:\/\/www.europesays.com\/no\/wp-json\/wp\/v2\/types\/post"}],"author":[{"embeddable":true,"href":"https:\/\/www.europesays.com\/no\/wp-json\/wp\/v2\/users\/2"}],"replies":[{"embeddable":true,"href":"https:\/\/www.europesays.com\/no\/wp-json\/wp\/v2\/comments?post=117381"}],"version-history":[{"count":0,"href":"https:\/\/www.europesays.com\/no\/wp-json\/wp\/v2\/posts\/117381\/revisions"}],"wp:featuredmedia":[{"embeddable":true,"href":"https:\/\/www.europesays.com\/no\/wp-json\/wp\/v2\/media\/117382"}],"wp:attachment":[{"href":"https:\/\/www.europesays.com\/no\/wp-json\/wp\/v2\/media?parent=117381"}],"wp:term":[{"taxonomy":"category","embeddable":true,"href":"https:\/\/www.europesays.com\/no\/wp-json\/wp\/v2\/categories?post=117381"},{"taxonomy":"post_tag","embeddable":true,"href":"https:\/\/www.europesays.com\/no\/wp-json\/wp\/v2\/tags?post=117381"}],"curies":[{"name":"wp","href":"https:\/\/api.w.org\/{rel}","templated":true}]}}