{"id":117387,"date":"2025-12-19T12:23:36","date_gmt":"2025-12-19T12:23:36","guid":{"rendered":"https:\/\/www.europesays.com\/no\/117387\/"},"modified":"2025-12-19T12:23:36","modified_gmt":"2025-12-19T12:23:36","slug":"politikk-sport-kristian-vil-gjore-det-enklere-a-kjope-ol-risikerer-skjenkestopp-midt-i-kampen-iharstad","status":"publish","type":"post","link":"https:\/\/www.europesays.com\/no\/117387\/","title":{"rendered":"Politikk, Sport | Kristian vil gj\u00f8re det enklere \u00e5 kj\u00f8pe \u00f8l: \u2013 Risikerer skjenkestopp midt i kampen &#8211; iHarstad"},"content":{"rendered":"<ol>\n<li><a href=\"https:\/\/news.google.com\/rss\/articles\/CBMiuAFBVV95cUxQamJYT0xPX2RfTXZjVnZBQmlUZzNEQVZWQXFLcnN3OHozOS1rbmp4bkZHaXprVGowcTAtd0Q1V2U2ZENXV3ZPR0k4MjBoMUF6aUFIWURYUG51akEyRTZDNmF5MFhrSEszYUhYYzM1emJ0cEdrT1BLRkh5MVpabkJMZWNwYUw4QUZfV2pSekdmRm01NUtENkNDbFVhRVlSU05IcGdXWUlJcUJzU3hxRVBzamxKeXBJVDZ4?oc=5\" target=\"_blank\" rel=\"nofollow noopener\">Politikk, Sport | Kristian vil gj\u00f8re det enklere \u00e5 kj\u00f8pe \u00f8l: \u2013 Risikerer skjenkestopp midt i kampen<\/a>&nbsp;&nbsp;iHarstad<\/li>\n<li><a href=\"https:\/\/news.google.com\/rss\/articles\/CBMitgFBVV95cUxNb0ZWbkt4MEtWc1lOYkpTN1ZMUzJaVU5kaVd1VVJnVy02cVg5Ujd2dDJXblhZVlctOVhYQUlvYXk0UlBNVkpFTGVsdGVfem42c3F5elBLZHR2djRlUlRlV0VaVEpHak5CNUtiTExZZjdHQlhBTHJjVEFQSW5NMzhDejZoYW1JNEwwVjg1MTBORUU4Rjg5WU1hOGMwS3ktckxfQ0JNaWpXWWxWU0dYbGtUa3lIeHdZdw?oc=5\" target=\"_blank\" rel=\"nofollow noopener\">Jubler for at St\u00f8re lover servering til dommeren bl\u00e5ser av under fotball-VM<\/a>&nbsp;&nbsp;NRK<\/li>\n<li><a href=\"https:\/\/news.google.com\/rss\/articles\/CBMikwFBVV95cUxPMG1TM1FlWXNXeVN2YkVDdUpTQllOWnlab3ZPOGc4T25IR0lpOTg1RWNUQ1UzanI0U2xFZlh1aFFxRktXaU5EWFNMYzlIWkc1RFJ4M3VncFdLcDQ5SnFTMWR0dG9PSG9PQUZTSWJUdmlnVjZCSm1BWm8waGp6MzhoUHQzaDFNR1hDeXZNbVY1SzNBcE0?oc=5\" target=\"_blank\" rel=\"nofollow noopener\">Uteliv | H\u00e5per p\u00e5 endring i skjenketidene: \u2013 Vi viser kampene uansett<\/a>&nbsp;&nbsp;Krager\u00f8 Blad Vestmar<\/li>\n<li><a href=\"https:\/\/news.google.com\/rss\/articles\/CBMikAFBVV95cUxPWS1kemRRaTctQi1OTURuMy1NYTdJaTc4RmVJZWJkaVlUb3ZPeXJTNnFrd1NWaGpEaHFBVUlfcjJQZ29lUkpkTjVwZXlYRDFoR01XUzRBLVR4WG5XeVFIdG5RLXNXbWpQUmFCYlEwN1VoZFlYazV5MDdHSTZrNXJfTXlQT1NqazlHWFppQ3RIZkg?oc=5\" target=\"_blank\" rel=\"nofollow noopener\">Kommentar, Ove Mellingen | Herregud da mann, har du ikke viktigere ting \u00e5 tenke p\u00e5?<\/a>&nbsp;&nbsp;Telemarksavisa<\/li>\n<li><a href=\"https:\/\/news.google.com\/rss\/articles\/CBMiX0FVX3lxTFBKT2lVSURXNGtwYmdaUWdNcU5NU1IwcS1tdm5taUVOZ0hQNUxSMW1nOHVLUlFKby1iQzdudExDYzlBUktXQUp3aHdEcHRGT1pEbkdlRmM4aGZvOTY1YWJv?oc=5\" target=\"_blank\" rel=\"nofollow noopener\">\u00d8l-beskjed<\/a>&nbsp;&nbsp;Dagbladet<\/li>\n<\/ol>\n","protected":false},"excerpt":{"rendered":"Politikk, Sport | Kristian vil gj\u00f8re det enklere \u00e5 kj\u00f8pe \u00f8l: \u2013 Risikerer skjenkestopp midt i kampen&nbsp;&nbsp;iHarstad Jubler&hellip;\n","protected":false},"author":2,"featured_media":117388,"comment_status":"","ping_status":"","sticky":false,"template":"","format":"standard","meta":{"footnotes":""},"categories":[59],"tags":[30,28,29,83,82],"class_list":{"0":"post-117387","1":"post","2":"type-post","3":"status-publish","4":"format-standard","5":"has-post-thumbnail","7":"category-sport","8":"tag-no","9":"tag-norge","10":"tag-norway","11":"tag-sport","12":"tag-sports"},"share_on_mastodon":{"url":"https:\/\/pubeurope.com\/@no\/115746216539550538","error":""},"_links":{"self":[{"href":"https:\/\/www.europesays.com\/no\/wp-json\/wp\/v2\/posts\/117387","targetHints":{"allow":["GET"]}}],"collection":[{"href":"https:\/\/www.europesays.com\/no\/wp-json\/wp\/v2\/posts"}],"about":[{"href":"https:\/\/www.europesays.com\/no\/wp-json\/wp\/v2\/types\/post"}],"author":[{"embeddable":true,"href":"https:\/\/www.europesays.com\/no\/wp-json\/wp\/v2\/users\/2"}],"replies":[{"embeddable":true,"href":"https:\/\/www.europesays.com\/no\/wp-json\/wp\/v2\/comments?post=117387"}],"version-history":[{"count":0,"href":"https:\/\/www.europesays.com\/no\/wp-json\/wp\/v2\/posts\/117387\/revisions"}],"wp:featuredmedia":[{"embeddable":true,"href":"https:\/\/www.europesays.com\/no\/wp-json\/wp\/v2\/media\/117388"}],"wp:attachment":[{"href":"https:\/\/www.europesays.com\/no\/wp-json\/wp\/v2\/media?parent=117387"}],"wp:term":[{"taxonomy":"category","embeddable":true,"href":"https:\/\/www.europesays.com\/no\/wp-json\/wp\/v2\/categories?post=117387"},{"taxonomy":"post_tag","embeddable":true,"href":"https:\/\/www.europesays.com\/no\/wp-json\/wp\/v2\/tags?post=117387"}],"curies":[{"name":"wp","href":"https:\/\/api.w.org\/{rel}","templated":true}]}}