{"id":117391,"date":"2025-12-19T12:28:08","date_gmt":"2025-12-19T12:28:08","guid":{"rendered":"https:\/\/www.europesays.com\/no\/117391\/"},"modified":"2025-12-19T12:28:08","modified_gmt":"2025-12-19T12:28:08","slug":"flere-lovbrudd-har-satt-pasientsikkerheten-i-fare-fvn-no","status":"publish","type":"post","link":"https:\/\/www.europesays.com\/no\/117391\/","title":{"rendered":"(+) Flere lovbrudd: \u00abHar satt pasientsikkerheten i fare\u00bb &#8211; fvn.no"},"content":{"rendered":"<ol>\n<li><a href=\"https:\/\/news.google.com\/rss\/articles\/CBMiqwFBVV95cUxQZ0wwSnlHZEtRSnZkM0lVZzNMTlBTZXIxbUxBMlBXRmgwY0k0blR3d2V1c1VzZmtSNk5RVnF2VjlLSktvT0FQYnlhN2pYZlZCY0E4VDJjUlR3YWRGbjJ1cldyZFRHVUhkU25rNEFObTRLSXlFUWp5aVVJMGtMY3FEYndKZGhjaUdaU2ozdTlzSFVkb3V3ZXQzUzE5Vm5HaEduQ3Uzd2VERGxMaUE?oc=5\" target=\"_blank\" rel=\"nofollow noopener\">(+) Flere lovbrudd: \u00abHar satt pasientsikkerheten i fare\u00bb<\/a>&nbsp;&nbsp;fvn.no<\/li>\n<li><a href=\"https:\/\/news.google.com\/rss\/articles\/CBMi1wFBVV95cUxQbkFkNVBjRFlGTnRyeGhtQk1tX3Ywb2lpUjV1a0tySkdFNUwxUFI0bEV6cG5pTTVyRG9LYTczR2Q5ckNyRkZTTFpTN1k2ZzJyRFZFNl9CS3VQdHZha09fNGtXa3E1WlZvUkEwNHMtSFNQLTVDM0I0ZFh6U2lnMERhZldLY2ZWMlBKcEhUdHRNbFp0NHNDWjNZYU5WUVBxcHRVVWtRbDFvVTJUYy1HaTQ2a2o1clQxZWdMQkJOSEs3R3ZjLUI0LTVjRnM0S0dDd0s1RW40Z0hPaw?oc=5\" target=\"_blank\" rel=\"nofollow noopener\">Helsetilsynet i tilsynsrapport etter d\u00f8dsfall: S\u00f8rlandet sykehus har ikke l\u00e6rt av Flekkefjord-saken<\/a>&nbsp;&nbsp;NRK<\/li>\n<li><a href=\"https:\/\/news.google.com\/rss\/articles\/CBMipwFBVV95cUxPMFNsMUtaZ2ZQM2h2T25HVGo5aTZEbWhkNUFfSGFiTFJNczlRcUZPS2MyTVRMWV9ha0t1RU9EaXF4R1NmUDlYMnMwQy1EdHoxbk5ueWR4SjZnSERLSEVudXZLcGVVN1ZmRVRzZE9QNzB1WFVRMlpHdG96Tk5HUlBZcHQxQ01LclpKUG84YVBWZTVzWGs5cFZVZUcyNVpTRlJkNk5BVUUwTQ?oc=5\" target=\"_blank\" rel=\"nofollow noopener\">NRK: Helsetilsynet slakter S\u00f8rlandet sykehus etter Flekkefjord-saken<\/a>&nbsp;&nbsp;TV2.no<\/li>\n<li><a href=\"https:\/\/news.google.com\/rss\/articles\/CBMivwFBVV95cUxQeVBEd09CdTlwQXhUV19QSlIwZ1Jwc0p3OV9MLXlwRUpFak0yekZTNFdxY0VmWXJLd0J2M0xrQ2FCQ2FneXVxNF9kSzR0SEJMWkhZbGpsUGJ6UnBRcnlyOW5MQmZDdndlV3pUT0M5NVN2ZlZxQXJLb0RlZG5jdmZYbzhPSklMYl9MaUtXcmhKWFhvMlVQbW5tem9yZUdhSXJrVUNQbmtycUM5NWp0VlRia19LMmdjOEV4MWZEbC1BWQ?oc=5\" target=\"_blank\" rel=\"nofollow noopener\">Flere alvorlige hendelser ved samme avdeling: \u2013 Rapporten er hemmelig<\/a>&nbsp;&nbsp;agderposten.no<\/li>\n<li><a href=\"https:\/\/news.google.com\/rss\/articles\/CBMikgFBVV95cUxPN0ZxVG5tN3RiRWdjNkN1UU1ZejNDX185MmxjTE4zY1YydEFYM3ZEUnpqcHA5c0ZSQjF2VS1ZR3g0WUt4NzJiYkVsVmxpeE04WE8xaUJpLXZkUXdhT3NhWVhhdDV1TmxCUzNNMHE5TWVkTWFocDZqZ25Zak1QS29JMS1HYTdpRTMtUjF4VW92TFJRQQ?oc=5\" target=\"_blank\" rel=\"nofollow noopener\">(+) Trenger flere milli\u00adarder<\/a>&nbsp;&nbsp;fvn.no<\/li>\n<\/ol>\n","protected":false},"excerpt":{"rendered":"(+) Flere lovbrudd: \u00abHar satt pasientsikkerheten i fare\u00bb&nbsp;&nbsp;fvn.no Helsetilsynet i tilsynsrapport etter d\u00f8dsfall: S\u00f8rlandet sykehus har ikke l\u00e6rt&hellip;\n","protected":false},"author":2,"featured_media":117392,"comment_status":"","ping_status":"","sticky":false,"template":"","format":"standard","meta":{"footnotes":""},"categories":[10],"tags":[20,21,24,25,15,736,8215,22,23,13,30,28,29,14,16,5457,5459,14136,14135,26,27],"class_list":{"0":"post-117391","1":"post","2":"type-post","3":"status-publish","4":"format-standard","5":"has-post-thumbnail","7":"category-norge","8":"tag-breaking-news","9":"tag-breakingnews","10":"tag-featured-news","11":"tag-featurednews","12":"tag-headlines","13":"tag-helse","14":"tag-kirurgi","15":"tag-latest-news","16":"tag-latestnews","17":"tag-news","18":"tag-no","19":"tag-norge","20":"tag-norway","21":"tag-nyheter","22":"tag-overskrifter","23":"tag-sorlandet-sykehus","24":"tag-statens-helsetilsyn","25":"tag-statsforvalteren-i-agder","26":"tag-tilsynsrapport","27":"tag-top-stories","28":"tag-topstories"},"share_on_mastodon":{"url":"https:\/\/pubeurope.com\/@no\/115746236254960804","error":""},"_links":{"self":[{"href":"https:\/\/www.europesays.com\/no\/wp-json\/wp\/v2\/posts\/117391","targetHints":{"allow":["GET"]}}],"collection":[{"href":"https:\/\/www.europesays.com\/no\/wp-json\/wp\/v2\/posts"}],"about":[{"href":"https:\/\/www.europesays.com\/no\/wp-json\/wp\/v2\/types\/post"}],"author":[{"embeddable":true,"href":"https:\/\/www.europesays.com\/no\/wp-json\/wp\/v2\/users\/2"}],"replies":[{"embeddable":true,"href":"https:\/\/www.europesays.com\/no\/wp-json\/wp\/v2\/comments?post=117391"}],"version-history":[{"count":0,"href":"https:\/\/www.europesays.com\/no\/wp-json\/wp\/v2\/posts\/117391\/revisions"}],"wp:featuredmedia":[{"embeddable":true,"href":"https:\/\/www.europesays.com\/no\/wp-json\/wp\/v2\/media\/117392"}],"wp:attachment":[{"href":"https:\/\/www.europesays.com\/no\/wp-json\/wp\/v2\/media?parent=117391"}],"wp:term":[{"taxonomy":"category","embeddable":true,"href":"https:\/\/www.europesays.com\/no\/wp-json\/wp\/v2\/categories?post=117391"},{"taxonomy":"post_tag","embeddable":true,"href":"https:\/\/www.europesays.com\/no\/wp-json\/wp\/v2\/tags?post=117391"}],"curies":[{"name":"wp","href":"https:\/\/api.w.org\/{rel}","templated":true}]}}