{"id":117395,"date":"2025-12-19T12:35:12","date_gmt":"2025-12-19T12:35:12","guid":{"rendered":"https:\/\/www.europesays.com\/no\/117395\/"},"modified":"2025-12-19T12:35:12","modified_gmt":"2025-12-19T12:35:12","slug":"dette-er-ikke-tiden-for-a-shorte-oljemarkedet","status":"publish","type":"post","link":"https:\/\/www.europesays.com\/no\/117395\/","title":{"rendered":"\u2013 Dette er ikke tiden for \u00e5 shorte oljemarkedet"},"content":{"rendered":"<p>Oljemarkedet har de siste dagene v\u00e6rt preget av geopolitisk uro knyttet til Venezuela og nye sanksjonsvarsler mot Russland. En oljeekspert advarer n\u00e5 mot \u00e5 shorte oljemarkedet, spesielt n\u00e5 som det er tynnere handel inn mot juleferien.<\/p>\n<p>Trump-administrasjonen har denne uken innf\u00f8rt en blokkering rettet mot sanksjonerte tankskip fra Venezuela. Det har allerede gitt effekt, ettersom lagringskapasiteten ved terminalene i landet raskt fyller seg opp, skriver <a href=\"https:\/\/www.bloomberg.com\/news\/articles\/2025-12-17\/latest-oil-market-news-and-analysis-for-dec-18\" target=\"_blank\" rel=\"nofollow noopener\">Bloomberg<\/a>. N\u00e5r kapasiteten n\u00e5s, kan det statlige selskapet Pdvsa \u2013 som produserer n\u00e6r \u00e9n million fat per dag \u2013 bli tvunget til \u00e5 stanse produksjonen.<\/p>\n<p>P\u00e5 statlig TV avviste president Nicol\u00e1s Maduro det han beskrev som amerikanske planer om regimeskifte:<\/p>\n<p>\u2013 USA s\u00f8ker et regimeskifte for \u00e5 innsette en marionettregjering. Det kommer ikke til \u00e5 skje, aldri, sa han if\u00f8lge Bloomberg.<\/p>\n<p class=\"subhead\" data-element-type=\"subhead\" data-element-label=\"Mellomtittel\">Ny sanksjonsrunde mot Russland<\/p>\n<p>Parallelt forbereder USA en ny runde sanksjoner mot Russlands energisektor dersom president Vladimir Putin avviser en fredsavtale med Ukraina. Blant tiltakene som vurderes er \u00f8kt press mot den s\u00e5kalte \u00abskyggefl\u00e5ten\u00bb \u2013 tankskip og mellomledd som muliggj\u00f8r russisk eksport \u2013 samt akt\u00f8rer som tilrettelegger for handelen.<\/p>\n<p>Oljeprisen er likevel p\u00e5 vei mot et \u00e5rsfall p\u00e5 om lag 20 prosent, drevet av bekymring for at tilbudet vil overg\u00e5 ettersp\u00f8rselen. Oljeprisene var tidligere i uken nede p\u00e5 det laveste niv\u00e5et siden 2021 f\u00f8r geopolitikken igjen satte fart i prisen.<\/p>\n<p>\u2013 Dette er ikke tiden for \u00e5 shorte markedet, sier Mukesh Sahdev, toppsjef i XAnalysts, med henvisning til at \u00f8kte spenninger kan gi raske og kraftige prisutslag.<\/p>\n<p class=\"subhead\" data-element-type=\"subhead\" data-element-label=\"Mellomtittel\">Kina st\u00f8tter Venezuela<\/p>\n<p>Kinas utenriksminister Wang Yi uttrykte onsdag st\u00f8tte til Venezuela og kritiserte \u00abensidige tvangstiltak\u00bb bare timer etter at Trump beordret blokkeringen, if\u00f8lge Bloomberg.<\/p>\n","protected":false},"excerpt":{"rendered":"Oljemarkedet har de siste dagene v\u00e6rt preget av geopolitisk uro knyttet til Venezuela og nye sanksjonsvarsler mot Russland.&hellip;\n","protected":false},"author":2,"featured_media":117396,"comment_status":"","ping_status":"","sticky":false,"template":"","format":"standard","meta":{"footnotes":""},"categories":[12],"tags":[20,21,24,25,15,22,23,13,30,28,29,14,16,26,27,42,43,44,45],"class_list":{"0":"post-117395","1":"post","2":"type-post","3":"status-publish","4":"format-standard","5":"has-post-thumbnail","7":"category-verden","8":"tag-breaking-news","9":"tag-breakingnews","10":"tag-featured-news","11":"tag-featurednews","12":"tag-headlines","13":"tag-latest-news","14":"tag-latestnews","15":"tag-news","16":"tag-no","17":"tag-norge","18":"tag-norway","19":"tag-nyheter","20":"tag-overskrifter","21":"tag-top-stories","22":"tag-topstories","23":"tag-verden","24":"tag-world","25":"tag-world-news","26":"tag-worldnews"},"share_on_mastodon":{"url":"https:\/\/pubeurope.com\/@no\/115746263807146608","error":""},"_links":{"self":[{"href":"https:\/\/www.europesays.com\/no\/wp-json\/wp\/v2\/posts\/117395","targetHints":{"allow":["GET"]}}],"collection":[{"href":"https:\/\/www.europesays.com\/no\/wp-json\/wp\/v2\/posts"}],"about":[{"href":"https:\/\/www.europesays.com\/no\/wp-json\/wp\/v2\/types\/post"}],"author":[{"embeddable":true,"href":"https:\/\/www.europesays.com\/no\/wp-json\/wp\/v2\/users\/2"}],"replies":[{"embeddable":true,"href":"https:\/\/www.europesays.com\/no\/wp-json\/wp\/v2\/comments?post=117395"}],"version-history":[{"count":0,"href":"https:\/\/www.europesays.com\/no\/wp-json\/wp\/v2\/posts\/117395\/revisions"}],"wp:featuredmedia":[{"embeddable":true,"href":"https:\/\/www.europesays.com\/no\/wp-json\/wp\/v2\/media\/117396"}],"wp:attachment":[{"href":"https:\/\/www.europesays.com\/no\/wp-json\/wp\/v2\/media?parent=117395"}],"wp:term":[{"taxonomy":"category","embeddable":true,"href":"https:\/\/www.europesays.com\/no\/wp-json\/wp\/v2\/categories?post=117395"},{"taxonomy":"post_tag","embeddable":true,"href":"https:\/\/www.europesays.com\/no\/wp-json\/wp\/v2\/tags?post=117395"}],"curies":[{"name":"wp","href":"https:\/\/api.w.org\/{rel}","templated":true}]}}