{"id":117398,"date":"2025-12-19T12:39:05","date_gmt":"2025-12-19T12:39:05","guid":{"rendered":"https:\/\/www.europesays.com\/no\/117398\/"},"modified":"2025-12-19T12:39:05","modified_gmt":"2025-12-19T12:39:05","slug":"karen-marie-ellefsen-petter-northug-karen-marie-ellefsen-reagerer-pa-krass-petter-northug-melding","status":"publish","type":"post","link":"https:\/\/www.europesays.com\/no\/117398\/","title":{"rendered":"Karen-marie Ellefsen, Petter Northug | Karen-Marie Ellefsen reagerer p\u00e5 krass Petter Northug-melding"},"content":{"rendered":"\n<p>Onsdag ble det kjent hvilke idrettsut\u00f8vere og trenere som er nominert til Idrettsgallaen. Som vanlig tok det ikke lang tid f\u00f8r reaksjonene kom.<\/p>\n<p>Thor Hushovd gikk hardt ut i <a href=\"https:\/\/www.vg.no\/sport\/i\/K8volM\/hardt-ut-mot-idrettsgallaen-latterlig-patetisk-og-teit\" rel=\"Follow nofollow noopener\" target=\"_blank\">VG <\/a>over at de norske Uno-X-syklistene Jonas Abrahamsen og Tobias Halland Johannessen ikke ble nominert i kategorien \u00ab\u00c5rets mannlige ut\u00f8ver\u00bb.<\/p>\n<p>Petter Northug reagerte kraftig overfor <a href=\"https:\/\/www.tv2.no\/sport\/northug-freser-legg-ned-idrettsgallaen\/18393636\/\" rel=\"Follow nofollow noopener\" target=\"_blank\">TV 2<\/a> over at K\u00e5re H\u00f8sflot, morfar og trener til Johannes H\u00f8sflot Kl\u00e6bo, ikke ble nominert til \u00ab\u00c5rets trener\u00bb p\u00e5 Idrettsgallaen. <\/p>\n<p>Northug gikk s\u00e5 langt at han synes man bare kan legge ned Idrettsgallaen, fordi han mener at juryen \u00e5r etter \u00e5r ikke gj\u00f8r en god nok jobb.<\/p>\n<p>Men hvordan er det egentlig \u00e5 sitte p\u00e5 den andre siden og v\u00e6re en del av juryen? Det har NRK-legenden Karen-Marie Ellefsen en del erfaring med.<\/p>\n<p><b>Les ogs\u00e5: <a href=\"https:\/\/www.nettavisen.no\/sport\/disse-er-nominert-til-idrettsgallaen\/s\/5-95-2784847\" rel=\"Follow nofollow noopener\" target=\"_blank\">Disse er nominert til Idrettsgallaen<\/a><\/b><\/p>\n<p>Erfaren jurymedlem<\/p>\n<p>Ellefsen har nemlig sittet i juryen i Idrettsgallaen i flere \u00e5r.<\/p>\n<p>Hun er klar p\u00e5 at det er en meget t\u00f8ff jobb \u00e5 velge ut hvilke ut\u00f8vere og trenere som skal nomineres.<\/p>\n<p>\u2013 Det er kjempevanskelig. Man kan godt si det er et luksusproblem fordi Norge har s\u00e5 mange gode ut\u00f8vere og trenere. Vi er jo helt bortskjemt med hvor mange gode idrettsut\u00f8vere vi har for tiden. S\u00e5 det er klart det er ekstremt vanskelig, sier Ellefsen til Nettavisen.<\/p>\n<p>   <img decoding=\"async\" width=\"5184\" height=\"3456\" fetchpriority=\"low\"  loading=\"lazy\"  src=\"https:\/\/www.europesays.com\/no\/wp-content\/uploads\/2025\/12\/NTB_1bdU88wB7qc.jpg\" alt=\"Karen-Marie Ellefsen p\u00e5 r\u00f8d l\u00f8per under Idrettsgallaen 2023 i Hamar OL - amfi&#10;Foto: Christoffer Andersen \/ NTB\" class=\"brick-c-cFOWSL\" style=\"--brick-image-ratio: 5184 \/ 3456;\"\/><\/p>\n<p>      ERFAREN: Karen-Marie Ellefsen p\u00e5 r\u00f8d l\u00f8per under Idrettsgallaen i 2023.<br \/>\n      Foto: Christoffer Andersen (NTB)\n    <\/p>\n<p>Ellefsen er ikke en del av juryen i \u00e5r, men basert p\u00e5 de \u00e5rene hun har v\u00e6rt en del av juryen p\u00e5 Idrettsgallaen, er hun overhodet ikke overrasket at det ogs\u00e5 i \u00e5r er mange reaksjoner.<\/p>\n<p>\u2013 S\u00e5nn har det alltid v\u00e6rt, at folk har v\u00e6rt uenige. S\u00e5nn er det hvert \u00e5r, sier hun.<\/p>\n<p>Men at det skal bety at Idrettsgallaen skal legges ned, er ikke Ellefsen helt enig i.<\/p>\n<p>\u2013 Jeg vet ikke hva jeg skal si om s\u00e5nt, for de m\u00e5 jo skj\u00f8nne at folk kan ha forskjellige meninger. Det m\u00e5 de forst\u00e5. S\u00e5nn er det, og s\u00e5nn har det alltid v\u00e6rt, sier Ellefsen.<\/p>\n<p>Hun mener det ikke er spesielt for Idrettsgallaen at det blir mange reaksjoner, men at det ogs\u00e5 er s\u00e5nn i andre type k\u00e5ringer.<\/p>\n<p>\u2013 Dette gjelder ogs\u00e5 for Amanda-prisen, Oscar-utdelingen eller Gullruten eller hva som helst. Det vil alltid v\u00e6re uenighet om hvem som er nominert og hvem som vinner. Folk har jo sine favoritter, sier hun.<\/p>\n<p><b>Les ogs\u00e5: <a href=\"https:\/\/www.nettavisen.no\/sport\/ingebrigtsen-rival-josh-kerr-venter-pa-millionbelop-en-tragedie\/s\/5-95-2786648\" rel=\"Follow nofollow noopener\" target=\"_blank\">Ingebrigtsen-rival venter p\u00e5 millionbel\u00f8p: \u2013 En tragedie<\/a><\/b><\/p>\n<p>Ber om \u00e5 stole p\u00e5 juryen<\/p>\n<p>Ellefsen synes folk m\u00e5 bli litt flinkere til \u00e5 respektere andre sin mening.<\/p>\n<p>\u2013 Det er n\u00e5 s\u00e5nn at det er en jury som er satt til \u00e5 gj\u00f8re dette, s\u00e5 da m\u00e5 man stole p\u00e5 dem, sier hun.<\/p>\n<p>Hun sliter ogs\u00e5 med \u00e5 se bedre metoder enn \u00e5 la en jury bestemme hvem som skal nomineres og vinne priser p\u00e5 Idrettsgallaen.<\/p>\n<p>\u2013 Det blir ikke noe bedre om det hadde v\u00e6rt folkeavstemning. Da hadde det blitt en popularitetskonkurranse, sier Ellefsen.<\/p>\n<p>I \u00e5r er det Tore \u00d8vreb\u00f8, Suzann Pettersen, Hanne Haugland, Ragnhild Haga, Ola By Rise og Reidar Sollie som har sittet i juryen i Idrettsgallaen.<\/p>\n<p>Juryleder \u00d8vreb\u00f8 er enig med Ellefsen i at det er veldig vanskelig jobb \u00e5 velge ut hvem som skal nomineres og vinne prisene.<\/p>\n<p>\u2013 Alle kandidatene er blitt vurdert etter kriteriene som gjelder. \u00c5 skille \u00e9n prestasjon fra en annen, ut fra internasjonalt niv\u00e5 og prestasjonskrav i idrettene, er p\u00e5 det n\u00e6rmeste umulig, men dette er n\u00e5 en gang juryens oppgave, sier han.<\/p>\n<p>Idrettsgallaen avvikles p\u00e5 Hamar l\u00f8rdag 10. januar.<\/p>\n","protected":false},"excerpt":{"rendered":"Onsdag ble det kjent hvilke idrettsut\u00f8vere og trenere som er nominert til Idrettsgallaen. Som vanlig tok det ikke&hellip;\n","protected":false},"author":2,"featured_media":117399,"comment_status":"","ping_status":"","sticky":false,"template":"","format":"standard","meta":{"footnotes":""},"categories":[59],"tags":[30,28,29,83,82],"class_list":{"0":"post-117398","1":"post","2":"type-post","3":"status-publish","4":"format-standard","5":"has-post-thumbnail","7":"category-sport","8":"tag-no","9":"tag-norge","10":"tag-norway","11":"tag-sport","12":"tag-sports"},"share_on_mastodon":{"url":"https:\/\/pubeurope.com\/@no\/115746279616039808","error":""},"_links":{"self":[{"href":"https:\/\/www.europesays.com\/no\/wp-json\/wp\/v2\/posts\/117398","targetHints":{"allow":["GET"]}}],"collection":[{"href":"https:\/\/www.europesays.com\/no\/wp-json\/wp\/v2\/posts"}],"about":[{"href":"https:\/\/www.europesays.com\/no\/wp-json\/wp\/v2\/types\/post"}],"author":[{"embeddable":true,"href":"https:\/\/www.europesays.com\/no\/wp-json\/wp\/v2\/users\/2"}],"replies":[{"embeddable":true,"href":"https:\/\/www.europesays.com\/no\/wp-json\/wp\/v2\/comments?post=117398"}],"version-history":[{"count":0,"href":"https:\/\/www.europesays.com\/no\/wp-json\/wp\/v2\/posts\/117398\/revisions"}],"wp:featuredmedia":[{"embeddable":true,"href":"https:\/\/www.europesays.com\/no\/wp-json\/wp\/v2\/media\/117399"}],"wp:attachment":[{"href":"https:\/\/www.europesays.com\/no\/wp-json\/wp\/v2\/media?parent=117398"}],"wp:term":[{"taxonomy":"category","embeddable":true,"href":"https:\/\/www.europesays.com\/no\/wp-json\/wp\/v2\/categories?post=117398"},{"taxonomy":"post_tag","embeddable":true,"href":"https:\/\/www.europesays.com\/no\/wp-json\/wp\/v2\/tags?post=117398"}],"curies":[{"name":"wp","href":"https:\/\/api.w.org\/{rel}","templated":true}]}}