{"id":117400,"date":"2025-12-19T12:45:18","date_gmt":"2025-12-19T12:45:18","guid":{"rendered":"https:\/\/www.europesays.com\/no\/117400\/"},"modified":"2025-12-19T12:45:18","modified_gmt":"2025-12-19T12:45:18","slug":"julekalender-folk-ordforerens-julekalender-hun-heier-dem-videre","status":"publish","type":"post","link":"https:\/\/www.europesays.com\/no\/117400\/","title":{"rendered":"Julekalender, Folk | Ordf\u00f8rerens julekalender: \u2013 Hun heier dem videre"},"content":{"rendered":"\n<ul>\n<li>Eigersund kommune er rik p\u00e5 frivillig innsats, noe ordf\u00f8rer Anja Hovland sammen med Frivilligsentralen \u00f8nsker \u00e5 markere n\u00e5 i desember. Hver dag f\u00f8r jul presenterer Eigersund kommune og Dalane Tidende en person som stiller opp for samfunnet.<\/li>\n<\/ul>\n<p>Luke 19: Sylvia Gennies, frivillig p\u00e5 mestringsenheten<\/p>\n<p><b>Ordf\u00f8rerens begrunnelse: <\/b><\/p>\n<p>Sylvia er en kreativ ildsjel med et stort hjerte. I mange \u00e5r har hun v\u00e6rt en fast og trygg frivillig p\u00e5 mestringsenheten, og hun stiller opp p\u00e5 aktivitetssenteret n\u00e5r hun kan. Etter s\u00e5 lang tid f\u00f8les hun n\u00e6rmest som en del av huset \u2013 en man regner med, og en som skaper ro og trivsel rundt seg.<\/p>\n<p>Hun deltar i det meste som skjer, men det er innen glassfusing hun virkelig skinner. Der deler hun gjerne av kunnskapen sin, hjelper brukerne i gang og heier dem videre n\u00e5r de pr\u00f8ver noe nytt. Mange har f\u00e5tt mestringsopplevelser nettopp fordi Sylvia tar seg tid, forklarer, oppmuntrer og ser hver enkelt. <\/p>\n<p>N\u00e5r det arrangeres turer eller st\u00f8rre samlinger, er Sylvia ofte med der ogs\u00e5. Hun bidrar med det hun kan og m\u00f8ter b\u00e5de brukere og ansatte med varme, humor og et smittende engasjement. Som opprinnelig tysk har hun brakt med seg erfaringer og impulser som har blitt en naturlig del av milj\u00f8et \u2013 og gjennom frivilligheten har hun ogs\u00e5 f\u00e5tt et trygt og godt nettverk.<\/p>\n<p>Sylvia betyr mye for mange. Brukere og ansatte beskriver henne som et viktig bidrag til hverdagen, og flere sier rett ut at de anser henne som en god venn. Det sier alt. Vi er utrolig takknemlige for at Sylvia velger \u00e5 bruke av sin tid, sin kreativitet og sitt hjerte hos oss. Hun er en av dem som gj\u00f8r mestringsenheten til et varmere og bedre sted \u00e5 v\u00e6re<\/p>\n","protected":false},"excerpt":{"rendered":"Eigersund kommune er rik p\u00e5 frivillig innsats, noe ordf\u00f8rer Anja Hovland sammen med Frivilligsentralen \u00f8nsker \u00e5 markere n\u00e5&hellip;\n","protected":false},"author":2,"featured_media":117401,"comment_status":"","ping_status":"","sticky":false,"template":"","format":"standard","meta":{"footnotes":""},"categories":[10],"tags":[36,20,21,88,1839,24,25,89,15,5721,22,23,13,30,28,29,14,16,26,27],"class_list":{"0":"post-117400","1":"post","2":"type-post","3":"status-publish","4":"format-standard","5":"has-post-thumbnail","7":"category-norge","8":"tag-art","9":"tag-breaking-news","10":"tag-breakingnews","11":"tag-eigersund","12":"tag-feature","13":"tag-featured-news","14":"tag-featurednews","15":"tag-folk","16":"tag-headlines","17":"tag-julekalender","18":"tag-latest-news","19":"tag-latestnews","20":"tag-news","21":"tag-no","22":"tag-norge","23":"tag-norway","24":"tag-nyheter","25":"tag-overskrifter","26":"tag-top-stories","27":"tag-topstories"},"share_on_mastodon":{"url":"https:\/\/pubeurope.com\/@no\/115746303153874113","error":""},"_links":{"self":[{"href":"https:\/\/www.europesays.com\/no\/wp-json\/wp\/v2\/posts\/117400","targetHints":{"allow":["GET"]}}],"collection":[{"href":"https:\/\/www.europesays.com\/no\/wp-json\/wp\/v2\/posts"}],"about":[{"href":"https:\/\/www.europesays.com\/no\/wp-json\/wp\/v2\/types\/post"}],"author":[{"embeddable":true,"href":"https:\/\/www.europesays.com\/no\/wp-json\/wp\/v2\/users\/2"}],"replies":[{"embeddable":true,"href":"https:\/\/www.europesays.com\/no\/wp-json\/wp\/v2\/comments?post=117400"}],"version-history":[{"count":0,"href":"https:\/\/www.europesays.com\/no\/wp-json\/wp\/v2\/posts\/117400\/revisions"}],"wp:featuredmedia":[{"embeddable":true,"href":"https:\/\/www.europesays.com\/no\/wp-json\/wp\/v2\/media\/117401"}],"wp:attachment":[{"href":"https:\/\/www.europesays.com\/no\/wp-json\/wp\/v2\/media?parent=117400"}],"wp:term":[{"taxonomy":"category","embeddable":true,"href":"https:\/\/www.europesays.com\/no\/wp-json\/wp\/v2\/categories?post=117400"},{"taxonomy":"post_tag","embeddable":true,"href":"https:\/\/www.europesays.com\/no\/wp-json\/wp\/v2\/tags?post=117400"}],"curies":[{"name":"wp","href":"https:\/\/api.w.org\/{rel}","templated":true}]}}