{"id":117406,"date":"2025-12-19T12:52:08","date_gmt":"2025-12-19T12:52:08","guid":{"rendered":"https:\/\/www.europesays.com\/no\/117406\/"},"modified":"2025-12-19T12:52:08","modified_gmt":"2025-12-19T12:52:08","slug":"ukraina-skal-ha-truffet-russisk-tankskip-i-middelhavet-for-forste-gang","status":"publish","type":"post","link":"https:\/\/www.europesays.com\/no\/117406\/","title":{"rendered":"Ukraina skal ha truffet russisk tankskip i Middelhavet for f\u00f8rste gang"},"content":{"rendered":"<p class=\"extendedContent hyperion-css-eyn926\" data-test-tag=\"lead-text\"> Det sier ukrainsk etterretning til en rekke medier.<\/p>\n<p class=\"paywall hyperion-css-1j42uic\">Tankskipet skal v\u00e6re truffet av ukrainske luftdroner, if\u00f8lge kilden i SBU til Reuters, som er Ukrainas etterretnings- og sikkerhetstjeneste. <\/p>\n<p class=\"paywall hyperion-css-1j42uic\">Kilden sier dronen traff fart\u00f8yet \u2013 ved navn Qendil \u2013 i er havomr\u00e5de som ligger mer enn 2000 kilometer fra Ukraina. <\/p>\n<p class=\"paywall hyperion-css-1j42uic\">Droneangrepet skal ha fors\u00e5rsaket alvorlige skader p\u00e5 skipet, som if\u00f8lge kilden skal ha v\u00e6rt tomt for sin vanlige last, olje, p\u00e5 angrepstidspunktet. <\/p>\n<p class=\"paywall hyperion-css-1j42uic\">If\u00f8lge Marine Traffic seiler Qendil under omansk flagg, og befinner seg i Middelhavet s\u00f8r for Hellas. Tankskipet har Ust-luga i Russland som oppgitt destinasjon. <\/p>\n","protected":false},"excerpt":{"rendered":"Det sier ukrainsk etterretning til en rekke medier. Tankskipet skal v\u00e6re truffet av ukrainske luftdroner, if\u00f8lge kilden i&hellip;\n","protected":false},"author":2,"featured_media":914,"comment_status":"","ping_status":"","sticky":false,"template":"","format":"standard","meta":{"footnotes":""},"categories":[12],"tags":[20,21,24,25,15,22,23,13,30,28,29,14,16,26,27,42,43,44,45],"class_list":{"0":"post-117406","1":"post","2":"type-post","3":"status-publish","4":"format-standard","5":"has-post-thumbnail","7":"category-verden","8":"tag-breaking-news","9":"tag-breakingnews","10":"tag-featured-news","11":"tag-featurednews","12":"tag-headlines","13":"tag-latest-news","14":"tag-latestnews","15":"tag-news","16":"tag-no","17":"tag-norge","18":"tag-norway","19":"tag-nyheter","20":"tag-overskrifter","21":"tag-top-stories","22":"tag-topstories","23":"tag-verden","24":"tag-world","25":"tag-world-news","26":"tag-worldnews"},"share_on_mastodon":{"url":"https:\/\/pubeurope.com\/@no\/115746330994565648","error":""},"_links":{"self":[{"href":"https:\/\/www.europesays.com\/no\/wp-json\/wp\/v2\/posts\/117406","targetHints":{"allow":["GET"]}}],"collection":[{"href":"https:\/\/www.europesays.com\/no\/wp-json\/wp\/v2\/posts"}],"about":[{"href":"https:\/\/www.europesays.com\/no\/wp-json\/wp\/v2\/types\/post"}],"author":[{"embeddable":true,"href":"https:\/\/www.europesays.com\/no\/wp-json\/wp\/v2\/users\/2"}],"replies":[{"embeddable":true,"href":"https:\/\/www.europesays.com\/no\/wp-json\/wp\/v2\/comments?post=117406"}],"version-history":[{"count":0,"href":"https:\/\/www.europesays.com\/no\/wp-json\/wp\/v2\/posts\/117406\/revisions"}],"wp:featuredmedia":[{"embeddable":true,"href":"https:\/\/www.europesays.com\/no\/wp-json\/wp\/v2\/media\/914"}],"wp:attachment":[{"href":"https:\/\/www.europesays.com\/no\/wp-json\/wp\/v2\/media?parent=117406"}],"wp:term":[{"taxonomy":"category","embeddable":true,"href":"https:\/\/www.europesays.com\/no\/wp-json\/wp\/v2\/categories?post=117406"},{"taxonomy":"post_tag","embeddable":true,"href":"https:\/\/www.europesays.com\/no\/wp-json\/wp\/v2\/tags?post=117406"}],"curies":[{"name":"wp","href":"https:\/\/api.w.org\/{rel}","templated":true}]}}