{"id":117413,"date":"2025-12-19T13:02:15","date_gmt":"2025-12-19T13:02:15","guid":{"rendered":"https:\/\/www.europesays.com\/no\/117413\/"},"modified":"2025-12-19T13:02:15","modified_gmt":"2025-12-19T13:02:15","slug":"28-alvorlige-avvik-ble-registrert-pa-to-maneder-ved-fodeavdelingen-ved-hammerfest-sykehus-nrk-troms-og-finnmark","status":"publish","type":"post","link":"https:\/\/www.europesays.com\/no\/117413\/","title":{"rendered":"28 alvorlige avvik ble registrert p\u00e5 to m\u00e5neder ved f\u00f8deavdelingen ved Hammerfest sykehus \u2013 NRK Troms og Finnmark"},"content":{"rendered":"<p>I h\u00f8st har jordm\u00f8dre og tillitsvalgte gjennom mediene fortalt om uholdbare forhold ved f\u00f8deavdelingen p\u00e5 Hammerfest sykehus.<\/p>\n<p>Liten bemanning og mangel p\u00e5 kompetent personell har v\u00e6rt de st\u00f8rste bekymringene.<\/p>\n<p>Ledelsen har imidlertid <a href=\"https:\/\/www.nrk.no\/tromsogfinnmark\/jordmodres-bekymringer-ble-avvist-av-leder-_-fagforeninger-reagerer-1.17675814\" ec-id=\"pp:article:1.17675814\" ec-name=\"avfeid bekymringene.\" rel=\"nofollow noopener\" target=\"_blank\">avfeid bekymringene.<\/a><\/p>\n<p>N\u00e5 viser avviksrapporten, som NRK har f\u00e5tt innsyn i, at forholdene ogs\u00e5 er dokumentert skriftlig av jordm\u00f8drene.<\/p>\n<p>Bare i oktober og november ble det registrert 28 avvik med h\u00f8y alvorlighetsgrad.<\/p>\n<p><strong>Det betyr i snitt ett alvorlig avvik annenhver dag. <\/strong><\/p>\n<p>Avviksrapporten: Oppdaget ikke gulsott<\/p>\n<p>Avviksrapporten viser blant annet at de ansatte:<\/p>\n<ul>\n<li>Ikke oppdaget at en baby hadde gulsott. Gulsott er som regel ufarlig, men kan f\u00f8re til hjerneskade dersom det ikke oppdages og behandles raskt.<\/li>\n<li>Ikke m\u00e5lte temperaturen til en baby, selv om babyen var kald.<\/li>\n<li>P\u00e5 en hel vakt ikke gjorde noen dokumentasjon.<\/li>\n<li>Ikke fulgte opp en abortpasient.<\/li>\n<li>Ikke hadde tilgjengelig akuttutstyr.<\/li>\n<li>Doserte legemiddel feil.<\/li>\n<li>Overs\u00e5 gynekologiske pasienter som skulle innlegges.<\/li>\n<li>Hadde uforsvarlig oppf\u00f8lging av en nyoperert pasient.<\/li>\n<li>Meldte inn at et par hadde hatt en negativ f\u00f8dselsopplevelse.<\/li>\n<li>I tillegg kom det frem at jordm\u00f8drene ikke har hatt mulighet til \u00e5 delta p\u00e5 informasjons- og\/eller dr\u00f8ftingsm\u00f8ter.<\/li>\n<\/ul>\n<p>Avvik med middels alvorlighetsgrad var p\u00e5 11 i samme periode.<\/p>\n<p><strong>Avviksrapporteringen viser at jordm\u00f8drene har v\u00e6rt s\u00e5 presset at de i flere tilfeller ikke har kunnet yte forsvarlig helsehjelp.<\/strong><\/p>\n<p>M\u00e5tte ty til renholdspersonale<\/p>\n<p>Blant de middels alvorlige avvikene finner vi ogs\u00e5 mange som er knyttet til mangel p\u00e5 personell.<\/p>\n<p><strong>Blant annet leser vi at ansatte m\u00e5tte ha hjelp av rengj\u00f8ringspersonell ved en gynekologisk unders\u00f8kelse. <\/strong><\/p>\n<p>De tillitsvalgte jordm\u00f8drene i Finnmarkssykehuset vil ikke gi intervju til NRK per dags dato.<\/p>\n<p>Fylkeslegen i Finnmark, Anne Grethe Olsen, har lenge v\u00e6rt bekymret for situasjonen i Finnmarkssykehuset.<\/p>\n<p>Hun frykter at den p\u00e5g\u00e5ende reorganiseringen <a href=\"https:\/\/www.nrk.no\/tromsogfinnmark\/finnmarkssykehuset-pa-vei-bort-fra-blodrode-tall-1.17541819\" ec-id=\"pp:article:1.17541819\" ec-name=\"svekker pasienttilbudet i Finnmark.\" rel=\"nofollow noopener\" target=\"_blank\">svekker pasienttilbudet i Finnmark.<\/a><\/p>\n<p>Situasjonen p\u00e5 f\u00f8deavdelingen i Hammerfest vil hun i dag ikke si noe om.<\/p>\n<p><strong>\u2013 Vi har f\u00e5tt en tilsynssak fra f\u00f8deavdelingen som vi jobber med. Jeg kan derfor ikke kommentere verken den saken eller andre avvik n\u00e5, sier Olsen. <\/strong><\/p>\n<p>\u2013 Viktig \u00e5 skrive avvik<\/p>\n<p>F\u00f8deavdelingen i Hammerfest er den eneste fullverdige f\u00f8deavdelingen i Vest-Finnmark som ogs\u00e5 har nyf\u00f8dtintensiv.<\/p>\n<p>Hit kommer f\u00f8dende fra hele Vest-Finnmark. I fjor ble det f\u00f8dt 381 babyer her.<\/p>\n<p><img decoding=\"async\"   src=\"data:image\/gif;base64,R0lGODlhAQABAIAAAAAAAP\/\/\/yH5BAEAAAAALAAAAAABAAEAAAIBRAA7\" loading=\"eager\" alt=\"Portrettbilde av Lena Henriksen, som er leder i jordmorforeningen\" title=\"Foto: Isabel M\u00fcller Eidhamar \/ NRK\"\/><\/p>\n<p class=\"\">Lena Henriksen er leder i Den norske jordmorforening. Hun mener det er sv\u00e6rt viktig \u00e5 dokumentere avvik. <\/p>\n<p>Foto: Isabel M\u00fcller Eidhamar \/ NRK<\/p>\n<p>At en s\u00e5 liten f\u00f8deavdeling har 28 alvorlige avvik p\u00e5 to m\u00e5neder, kommenterer Lena Henriksen, leder i Den norske jordmorforeningen, slik:<\/p>\n<p><strong>\u2013 Det virker h\u00f8yt. Det er min f\u00f8rste tanke. Dette bekrefter jo ogs\u00e5 det jordm\u00f8drene selv har v\u00e6rt ute og sagt fra om gjennom mediene.<\/strong><\/p>\n<p>\u2013 Anser du dette som en alvorlig situasjon?<\/p>\n<p>\u2013 Ja, jeg synes absolutt det ser s\u00e5nn ut. Vi er i dialog med v\u00e5re medlemmer i Hammerfest som har v\u00e6rt modige og si fra, og vi st\u00f8tter dem i deres syn.<\/p>\n<p><strong>Henriksen sier at det er sv\u00e6rt viktig \u00e5 skrive avvik.<\/strong><\/p>\n<p>\u2013 Det er for \u00e5 dokumentere u\u00f8nskede hendelser. Som i dette tilfellet, at det er for lite bemanning, sier jordmorlederen.<\/p>\n<p>F\u00f8deavdelingen i Hammerfest har lenge slitt med \u00e5 rekruttere nok jordm\u00f8dre. Det siste \u00e5ret har det blitt ekstra ille.<\/p>\n<p>I dag er kun 3 av 12 jordm\u00f8dre fastboende.<\/p>\n<p>Henriksen i jordmorforeningen mener ledelsen b\u00f8r bestrebe seg p\u00e5 \u00e5 ansette en leder med jordmorkompetanse.<\/p>\n<p>Hun mener det vil bidra til \u00e5 trygge jordm\u00f8drene, og dermed gj\u00f8re tjenesten bedre for de f\u00f8dende.<\/p>\n<p>\u2013 Psykologisk trygghet<\/p>\n<p>I slutten av oktober m\u00e5tte f\u00f8de- og gynavdelingen sette i verk inntaksstopp, fordi det ikke var kapasitet til \u00e5 ta imot flere.<\/p>\n<p><strong>B\u00e5de f\u00f8r og etter denne helgen ble det registrert flere alvorlige avvik.<\/strong><\/p>\n<p>P\u00e5 toppen av en presset arbeidshverdag er jordm\u00f8drene frustrerte over at ledelsen ikke tar bekymringene p\u00e5 tilstrekkelig alvor.<\/p>\n<p>\u2013 Det \u00e5 ikke bli forst\u00e5tt og lyttet til i v\u00e5r situasjon er veldig frustrerende og utsetter oss for et psykisk press. Det er som \u00e5 m\u00f8te en vegg, sa Lenette Kristensen til NRK i november.<\/p>\n<p>Lena Henriksen sier at n\u00e5r jordm\u00f8dre sier ifra om krevende forhold blir de gjerne m\u00f8tt med at \u00abresultatene i Norge er s\u00e5 gode\u00bb.<\/p>\n<p>\u2013 Ja, det er de, men det er ogs\u00e5 noe som heter psykologisk trygghet og god omsorg n\u00e5r vi skal ivareta kvinnene og familiene.<\/p>\n<p>Henriksen innr\u00f8mmer at det er vanskelig \u00e5 si fra om forhold som kan true pasientsikkerheten og samtidig ikke uroe de gravide.<\/p>\n<p>\u2013 <strong>Jeg opplever den balansen som krevende, sier Henriksen.<\/strong><\/p>\n<p>Hun mener likevel at jordm\u00f8drene vurderer grundig hvordan de varsler.<\/p>\n<p>\u2013 V\u00e5re tillitsvalgte og jordm\u00f8dre jobber hver dag for \u00e5 sikre gode tjenester og gode arbeidsvilk\u00e5r. De varsler prim\u00e6rt oppover i linjen. Hvis man ikke blir h\u00f8rt, s\u00e5 m\u00e5 man noen ganger si fra p\u00e5 andre m\u00e5ter.<\/p>\n<p>Finnmarkssykehuset har ikke svart p\u00e5 NRKs henvendelse i denne saken.<\/p>\n<p>Forventer at de tar det p\u00e5 alvor<\/p>\n<p>Statssekret\u00e6r i Helse- og omsorgsdepartementet, Karl Kristian Bekeng, skriver til NRK at Finnmarkssykehuset har ansvar for \u00e5 sikre et forsvarlig f\u00f8detilbud. <\/p>\n<ul class=\"dhpg__gallery__list\">\n<li class=\"dhpg__gallery__listItem\"><img alt=\"Statssekret\u00e6r Karl Kristian Bekeng\"  width=\"2400\" height=\"2400\" loading=\"lazy\"\/>Karl Kristian Bekeng\n<ul>\n<li>Statssekret\u00e6r i Helse- og omsorgsdepartementet (Ap)<\/li>\n<\/ul>\n<\/li>\n<\/ul>\n<p><strong>\u2013 Hvorvidt avvikene fordrer tiltak fra sykehuset for \u00e5 sikre dette m\u00e5 Finnmarkssykehuset besvare. Vi forventer imidlertid at de tar dette p\u00e5 alvor og at de er i dialog med tillitsvalgte.<\/strong><\/p>\n<p>Dersom det er snakk om alvorlige avvik skriver Bekeng at han forventer at tilsynsmyndighetene h\u00e5ndterer dette.<\/p>\n<p>Publisert<\/p>\n<p>19.12.2025, kl. 07.08<\/p>\n<p>Oppdatert<\/p>\n<p>19.12.2025, kl. 13.24<\/p>\n","protected":false},"excerpt":{"rendered":"I h\u00f8st har jordm\u00f8dre og tillitsvalgte gjennom mediene fortalt om uholdbare forhold ved f\u00f8deavdelingen p\u00e5 Hammerfest sykehus. Liten&hellip;\n","protected":false},"author":2,"featured_media":117414,"comment_status":"","ping_status":"","sticky":false,"template":"","format":"standard","meta":{"footnotes":""},"categories":[10],"tags":[20,21,24,25,15,22,23,13,30,28,29,14,16,26,27],"class_list":{"0":"post-117413","1":"post","2":"type-post","3":"status-publish","4":"format-standard","5":"has-post-thumbnail","7":"category-norge","8":"tag-breaking-news","9":"tag-breakingnews","10":"tag-featured-news","11":"tag-featurednews","12":"tag-headlines","13":"tag-latest-news","14":"tag-latestnews","15":"tag-news","16":"tag-no","17":"tag-norge","18":"tag-norway","19":"tag-nyheter","20":"tag-overskrifter","21":"tag-top-stories","22":"tag-topstories"},"share_on_mastodon":{"url":"https:\/\/pubeurope.com\/@no\/115746370012897678","error":""},"_links":{"self":[{"href":"https:\/\/www.europesays.com\/no\/wp-json\/wp\/v2\/posts\/117413","targetHints":{"allow":["GET"]}}],"collection":[{"href":"https:\/\/www.europesays.com\/no\/wp-json\/wp\/v2\/posts"}],"about":[{"href":"https:\/\/www.europesays.com\/no\/wp-json\/wp\/v2\/types\/post"}],"author":[{"embeddable":true,"href":"https:\/\/www.europesays.com\/no\/wp-json\/wp\/v2\/users\/2"}],"replies":[{"embeddable":true,"href":"https:\/\/www.europesays.com\/no\/wp-json\/wp\/v2\/comments?post=117413"}],"version-history":[{"count":0,"href":"https:\/\/www.europesays.com\/no\/wp-json\/wp\/v2\/posts\/117413\/revisions"}],"wp:featuredmedia":[{"embeddable":true,"href":"https:\/\/www.europesays.com\/no\/wp-json\/wp\/v2\/media\/117414"}],"wp:attachment":[{"href":"https:\/\/www.europesays.com\/no\/wp-json\/wp\/v2\/media?parent=117413"}],"wp:term":[{"taxonomy":"category","embeddable":true,"href":"https:\/\/www.europesays.com\/no\/wp-json\/wp\/v2\/categories?post=117413"},{"taxonomy":"post_tag","embeddable":true,"href":"https:\/\/www.europesays.com\/no\/wp-json\/wp\/v2\/tags?post=117413"}],"curies":[{"name":"wp","href":"https:\/\/api.w.org\/{rel}","templated":true}]}}