{"id":117417,"date":"2025-12-19T13:04:10","date_gmt":"2025-12-19T13:04:10","guid":{"rendered":"https:\/\/www.europesays.com\/no\/117417\/"},"modified":"2025-12-19T13:04:10","modified_gmt":"2025-12-19T13:04:10","slug":"adrian-smiseth-sejersted-alpint-alpinsjokk-i-val-gardena-ukjent-tsjekker-knuste-verdenscupleder-marco-odermatt","status":"publish","type":"post","link":"https:\/\/www.europesays.com\/no\/117417\/","title":{"rendered":"Adrian Smiseth Sejersted, Alpint | Alpinsjokk i Val Gardena: Ukjent tsjekker knuste verdenscupleder Marco Odermatt"},"content":{"rendered":"\n<p>Marco Odermatt hadde funnet varmen i lederstolen i Val Gardena, men s\u00e5 klinte tsjekkiske Jan Zabystran til med en kjempeskrell i fredagens super-G-renn.<\/p>\n<p>Tsjekkeren med startnummer 29 kom i m\u00e5l 22 hundredels sekund foran Odermatt. Zabystran hadde kun \u00e9n topp-ti-plassering i verdenscupen i karrieren f\u00f8r han overrasket voldsomt i Dolomittene.<\/p>\n<p>\u2013 En overraskelse av dimensjoner, sa Viaplays ekspertkommentator og tidligere stjernealpinist Kjetil Jansrud.<\/p>\n<p>Det var flere overraskelser i rennet. Italienske Giovanni Franzoni tok sin f\u00f8rste pallplass i verdenscupen.<\/p>\n<p>   <img decoding=\"async\" width=\"4397\" height=\"2931\" fetchpriority=\"low\"  loading=\"lazy\"  src=\"https:\/\/www.europesays.com\/no\/wp-content\/uploads\/2025\/12\/NTB_xwsUjECTIAU.jpg\" alt=\"Czech Republic's Jan Zabystran reacts after completing an alpine ski, men's World Cup super-G, in Val Gardena, France, Friday, Dec.19, 2025. (AP Photo\/Gabriele Facciotti)\" class=\"brick-c-cFOWSL\" style=\"--brick-image-ratio: 4397 \/ 2931;\"\/><\/p>\n<p>      SEIER: Jan Zabystran vant fredagens renn.<br \/>\n      Foto: Gabriele Facciotti\n    <\/p>\n<p>  Airbag l\u00f8ste ut<\/p>\n<p>Aleksander Aamodt Kilde jobber med \u00e5 finne konkurranseformen igjen etter skade. Nordmannen var langt unna \u00e5 ta sin sjette seier i Val Gardena. Han endte 1,35 sekunder bak Zabystran.<\/p>\n<p>Adrian Smiseth Sejersted fikk p\u00e5 sin side en kort tur i Val Gardena. Han kj\u00f8rte ut etter 20 sekunder da airbagen hans br\u00e5tt og uventet l\u00f8ste seg ut.<\/p>\n<p>Etter et langt hopp kom ikke 31-\u00e5ringen seg p\u00e5 rett side av den neste porten. Airbagen hans slo seg ut da han landet. Etterp\u00e5 var han kritisk.<\/p>\n<p>\u2013 Jeg antok at det skulle skje en eller annen gang, sa en frustrert Sejersted til Viaplay.<\/p>\n<p>\u2013 Det er fristende \u00e5 ha den p\u00e5 i morgen og ikke aktivere den. Jeg f\u00e5r \u00f8delagt et renn her, la han til.<\/p>\n<p>\u2013 Umulig teknologi<\/p>\n<p>Jansrud opplyste at sikkerhetsaspektet, spesielt med airbagen, er blitt diskutert. Den fungerte godt for Fredrik M\u00f8ller som falt stygt torsdag.<\/p>\n<p>\u2013 Det virker nesten som en umulig teknologi. I \u00abbest case\u00bb skal den l\u00f8se ut akkurat f\u00f8r det skjer en ulykke, men jeg ser ikke hvordan det er mulig \u00e5 f\u00e5 det til \u00e5 fungere perfekt, sa Sejersted.<\/p>\n<p>M\u00f8ller mistet to tenner og ble kraftig forsl\u00e5tt. Landslagssjef Michael Rottensteiner opplyste fredag at \u00abairbagen gjorde jobben sin\u00bb.<\/p>\n<p>L\u00f8rdag er det utfor p\u00e5 programmet i Italia.<\/p>\n","protected":false},"excerpt":{"rendered":"Marco Odermatt hadde funnet varmen i lederstolen i Val Gardena, men s\u00e5 klinte tsjekkiske Jan Zabystran til med&hellip;\n","protected":false},"author":2,"featured_media":117418,"comment_status":"","ping_status":"","sticky":false,"template":"","format":"standard","meta":{"footnotes":""},"categories":[59],"tags":[30,28,29,83,82],"class_list":{"0":"post-117417","1":"post","2":"type-post","3":"status-publish","4":"format-standard","5":"has-post-thumbnail","7":"category-sport","8":"tag-no","9":"tag-norge","10":"tag-norway","11":"tag-sport","12":"tag-sports"},"share_on_mastodon":{"url":"https:\/\/pubeurope.com\/@no\/115746377860681582","error":""},"_links":{"self":[{"href":"https:\/\/www.europesays.com\/no\/wp-json\/wp\/v2\/posts\/117417","targetHints":{"allow":["GET"]}}],"collection":[{"href":"https:\/\/www.europesays.com\/no\/wp-json\/wp\/v2\/posts"}],"about":[{"href":"https:\/\/www.europesays.com\/no\/wp-json\/wp\/v2\/types\/post"}],"author":[{"embeddable":true,"href":"https:\/\/www.europesays.com\/no\/wp-json\/wp\/v2\/users\/2"}],"replies":[{"embeddable":true,"href":"https:\/\/www.europesays.com\/no\/wp-json\/wp\/v2\/comments?post=117417"}],"version-history":[{"count":0,"href":"https:\/\/www.europesays.com\/no\/wp-json\/wp\/v2\/posts\/117417\/revisions"}],"wp:featuredmedia":[{"embeddable":true,"href":"https:\/\/www.europesays.com\/no\/wp-json\/wp\/v2\/media\/117418"}],"wp:attachment":[{"href":"https:\/\/www.europesays.com\/no\/wp-json\/wp\/v2\/media?parent=117417"}],"wp:term":[{"taxonomy":"category","embeddable":true,"href":"https:\/\/www.europesays.com\/no\/wp-json\/wp\/v2\/categories?post=117417"},{"taxonomy":"post_tag","embeddable":true,"href":"https:\/\/www.europesays.com\/no\/wp-json\/wp\/v2\/tags?post=117417"}],"curies":[{"name":"wp","href":"https:\/\/api.w.org\/{rel}","templated":true}]}}