{"id":117424,"date":"2025-12-19T13:10:48","date_gmt":"2025-12-19T13:10:48","guid":{"rendered":"https:\/\/www.europesays.com\/no\/117424\/"},"modified":"2025-12-19T13:10:48","modified_gmt":"2025-12-19T13:10:48","slug":"influensatoppen-nas-trolig-i-jula-dagbladet","status":"publish","type":"post","link":"https:\/\/www.europesays.com\/no\/117424\/","title":{"rendered":"Influensatoppen n\u00e5s trolig i jula &#8211; Dagbladet"},"content":{"rendered":"<ol>\n<li><a href=\"https:\/\/news.google.com\/rss\/articles\/CBMigAFBVV95cUxOSmpNMjEwZHZZczZtM19HdkJVbl90aXdDWHpiM25xOTNNNDNEbFRrREtFTk5FU2Jkd2t6WENScDVOa2NOYjJPSXBEYjZuVkdfdEpVd2lYRFV5bFRlZXlRaTlXbVVqZURnM3BRaWd2dFJya2pCMm11V2plazZXUFg2Rw?oc=5\" target=\"_blank\" rel=\"nofollow noopener\">Influensatoppen n\u00e5s trolig i jula<\/a>&nbsp;&nbsp;Dagbladet<\/li>\n<li><a href=\"https:\/\/news.google.com\/rss\/articles\/CBMihAFBVV95cUxNd0dqZmVSMjJoaFlYWkp0Uy0wempuTzRMeXBKUjZDeWZtUklLZ2NYdkJ0dWNOUURKSGVTSGJOd0EwSF94V3lDeHRjN2FOaFpVUHpULVVwVnF6eTVmckxDbjQxMTBXQTgxUzAwSjlBdGNtaXowRjlPZVRhcThPaHdsNFpyN0o?oc=5\" target=\"_blank\" rel=\"nofollow noopener\">(+) Har n\u00e5dd Kristian\u00adsand: \u2013 Mange kommer til \u00e5 bli syke<\/a>&nbsp;&nbsp;fvn.no<\/li>\n<li><a href=\"https:\/\/news.google.com\/rss\/articles\/CBMilAFBVV95cUxOeGpvMW10eGp4N0ZuaDdkanprZklhN3dWVk03UjdsaDcwVUxMTzlIcTlvcUEybzhnT3phdHFyTWthb29DTXdhUkFqbTJlY1pwUzIwdWY1UExxazVXUlFVOWhBWEVWZlFFMF9PanIyaThfZFZDbDRuMVJkeGtEZURERVVJZks2UkZkanp2azZ2YkJNcVl2?oc=5\" target=\"_blank\" rel=\"nofollow noopener\">Influensa\u00adutbruddet \u00f8ker: Venter smitte\u00adtopp mot jul<\/a>&nbsp;&nbsp;VG<\/li>\n<li><a href=\"https:\/\/news.google.com\/rss\/articles\/CBMijAFBVV95cUxNY0RiWDZjTHA0ODgtNFJtRjQ3MnNQeGNYajFSNkg3dGxfT2JjeGZZbFFFbUxyeExpWHJuS2tJYnFaeC04ZmN2bmd3eHBUV3hRTzdtTDMxcjB1YnZacUw0Z3RaQzByZkVITkxxNVp3NmZ0TVdjTkVTYzZQNThieThTX19qUUtmUWhnQ1hfNw?oc=5\" target=\"_blank\" rel=\"nofollow noopener\">Smitten \u00f8ker f\u00f8r jul \u2013 disse grepene gj\u00f8r folk n\u00e5<\/a>&nbsp;&nbsp;TV2.no<\/li>\n<li><a href=\"https:\/\/news.google.com\/rss\/articles\/CBMiwgFBVV95cUxQVTJpV3kxN0p2c0NRMnNUcEJNV3lMZFZIeXpYQzZBOWFEYWxSTnNIUXlOWUdTQ0ZQYjlqdWtMNzJyY3EwRVFBTlcyX0YtODdIejBpVFlXaTd1SnBNampqeEpUWUFqVWE1MFBwbWZ5VC1IUk5QV0RQZVpGZUJVbzBaaE1PbkN6cEhFajVEQjRpZkRqalBkck5FU1V5aTRhcjVzYzBka2Z4WHJRNTZZWDJ3cEJUX3pTVmhKMmlyTHVUT21yZw?oc=5\" target=\"_blank\" rel=\"nofollow noopener\">FHI: \u2013 Vi kommer til \u00e5 se flere alvorlig syke sm\u00e5 barn i \u00e5r<\/a>&nbsp;&nbsp;Forskning.no<\/li>\n<\/ol>\n","protected":false},"excerpt":{"rendered":"Influensatoppen n\u00e5s trolig i jula&nbsp;&nbsp;Dagbladet (+) Har n\u00e5dd Kristian\u00adsand: \u2013 Mange kommer til \u00e5 bli syke&nbsp;&nbsp;fvn.no Influensa\u00adutbruddet \u00f8ker:&hellip;\n","protected":false},"author":2,"featured_media":117425,"comment_status":"","ping_status":"","sticky":false,"template":"","format":"standard","meta":{"footnotes":""},"categories":[5],"tags":[20,21,24,25,15,19,2539,22,23,17,18,13,30,28,29,14,16,26,27],"class_list":{"0":"post-117424","1":"post","2":"type-post","3":"status-publish","4":"format-standard","5":"has-post-thumbnail","7":"category-overskrifter","8":"tag-breaking-news","9":"tag-breakingnews","10":"tag-featured-news","11":"tag-featurednews","12":"tag-headlines","13":"tag-hovedoppslag","14":"tag-innenriks","15":"tag-latest-news","16":"tag-latestnews","17":"tag-main-news","18":"tag-mainnews","19":"tag-news","20":"tag-no","21":"tag-norge","22":"tag-norway","23":"tag-nyheter","24":"tag-overskrifter","25":"tag-top-stories","26":"tag-topstories"},"share_on_mastodon":{"url":"https:\/\/pubeurope.com\/@no\/115746405297364937","error":""},"_links":{"self":[{"href":"https:\/\/www.europesays.com\/no\/wp-json\/wp\/v2\/posts\/117424","targetHints":{"allow":["GET"]}}],"collection":[{"href":"https:\/\/www.europesays.com\/no\/wp-json\/wp\/v2\/posts"}],"about":[{"href":"https:\/\/www.europesays.com\/no\/wp-json\/wp\/v2\/types\/post"}],"author":[{"embeddable":true,"href":"https:\/\/www.europesays.com\/no\/wp-json\/wp\/v2\/users\/2"}],"replies":[{"embeddable":true,"href":"https:\/\/www.europesays.com\/no\/wp-json\/wp\/v2\/comments?post=117424"}],"version-history":[{"count":0,"href":"https:\/\/www.europesays.com\/no\/wp-json\/wp\/v2\/posts\/117424\/revisions"}],"wp:featuredmedia":[{"embeddable":true,"href":"https:\/\/www.europesays.com\/no\/wp-json\/wp\/v2\/media\/117425"}],"wp:attachment":[{"href":"https:\/\/www.europesays.com\/no\/wp-json\/wp\/v2\/media?parent=117424"}],"wp:term":[{"taxonomy":"category","embeddable":true,"href":"https:\/\/www.europesays.com\/no\/wp-json\/wp\/v2\/categories?post=117424"},{"taxonomy":"post_tag","embeddable":true,"href":"https:\/\/www.europesays.com\/no\/wp-json\/wp\/v2\/tags?post=117424"}],"curies":[{"name":"wp","href":"https:\/\/api.w.org\/{rel}","templated":true}]}}